{"id":221105,"date":"2024-04-29T21:00:00","date_gmt":"2024-04-29T19:00:00","guid":{"rendered":"https:\/\/www.tucomarca.com\/wordpress\/segunda\/?p=221105"},"modified":"2024-04-30T09:01:09","modified_gmt":"2024-04-30T07:01:09","slug":"fotogaleria-bunol-disfruta-a-pesar-de-la-lluvia-de-la-salida-de-la-segunda-etapa-de-la-vuelta-ciclista-femenina-a-espana","status":"publish","type":"post","link":"https:\/\/www.tucomarca.com\/wordpress\/segunda\/fotogaleria-bunol-disfruta-a-pesar-de-la-lluvia-de-la-salida-de-la-segunda-etapa-de-la-vuelta-ciclista-femenina-a-espana\/","title":{"rendered":"Fotogaler\u00eda: Bu\u00f1ol disfruta, a pesar de la lluvia, de la salida de la segunda etapa de la Vuelta Ciclista Femenina a Espa\u00f1a"},"content":{"rendered":"\n<p>A pesar de la lluvia que ha estado presente durante toda la ma\u00f1ana, la poblaci\u00f3n de Bu\u00f1ol ha disfrutado este lunes con ilusi\u00f3n y muy de cerca del ciclismo del m\u00e1s alto nivel gracias a la salida desde la Avenida Rafael Ridaura de la segunda etapa de la Vuelta Ciclista Femenina a Espa\u00f1a.<\/p>\n\n\n\n<p>Desde primeras horas de la ma\u00f1ana se han podido ver en los aleda\u00f1os de la avenida a los veh\u00edculos y autobuses que componen la \u00abserpiente multicolor\u00bb que a partir de las dos del mediod\u00eda ha discurrido por toda la localidad acompa\u00f1ando a las ciclistas en la disputa de esta segunda etapa con salida en Bu\u00f1ol y fin de carrera en Moncofa.<\/p>\n\n\n\n<p>Ha sido precisamente la alcaldesa de Bu\u00f1ol, Virginia Sanz, la encargada de cortar junto al diputado provincial y alcalde de Utiel, Ricardo Gabald\u00f3n; al concejal de Deportes del Ayuntamiento local, Ulises Ara\u00fajo; y el director t\u00e9cnico de la Vuelta Femenina, Fernando Escart\u00edn, la cinta que abr\u00eda la carrera.<\/p>\n\n\n<div class=\"wp-block-image\">\n<figure class=\"alignleft size-full is-resized\"><img loading=\"lazy\" decoding=\"async\" width=\"886\" height=\"591\" src=\"https:\/\/www.tucomarca.com\/wordpress\/segunda\/wp-content\/uploads\/2024\/04\/BunolVueltaFem14.jpg\" alt=\"\" class=\"wp-image-221133\" style=\"width:421px;height:auto\" srcset=\"https:\/\/www.tucomarca.com\/wordpress\/segunda\/wp-content\/uploads\/2024\/04\/BunolVueltaFem14.jpg 886w, https:\/\/www.tucomarca.com\/wordpress\/segunda\/wp-content\/uploads\/2024\/04\/BunolVueltaFem14-300x200.jpg 300w, https:\/\/www.tucomarca.com\/wordpress\/segunda\/wp-content\/uploads\/2024\/04\/BunolVueltaFem14-768x512.jpg 768w\" sizes=\"auto, (max-width: 886px) 100vw, 886px\" \/><figcaption class=\"wp-element-caption\">Fernando Escart\u00edn.<\/figcaption><\/figure>\n<\/div>\n\n\n<p>El propio Fernando Escart\u00edn confesaba a <strong>tucomarca.com<\/strong> estar \u00abmuy contento por haber podido visitar Bu\u00f1ol\u00bb, una localidad en la que el director t\u00e9cnico ha explicado que, al tratarse de una salida, \u00abexiste la posibilidad de tener a las corredoras mucho m\u00e1s cerca, porque est\u00e1n calentando y prepar\u00e1ndose para la carrera\u00bb; y no ha querido dejar de subrayar tambi\u00e9n \u00ablo bien que nos ha acogido el pueblo\u00bb, una localidad que \u00e9l mismo ha confesado que visita \u00abbastante para entrenar con el grupo de amigos\u00bb.<\/p>\n\n\n<div class=\"wp-block-image\">\n<figure class=\"alignright size-full is-resized\"><img loading=\"lazy\" decoding=\"async\" width=\"886\" height=\"591\" src=\"https:\/\/www.tucomarca.com\/wordpress\/segunda\/wp-content\/uploads\/2024\/04\/BunolVueltaFem15.jpg\" alt=\"\" class=\"wp-image-221135\" style=\"width:424px;height:auto\" srcset=\"https:\/\/www.tucomarca.com\/wordpress\/segunda\/wp-content\/uploads\/2024\/04\/BunolVueltaFem15.jpg 886w, https:\/\/www.tucomarca.com\/wordpress\/segunda\/wp-content\/uploads\/2024\/04\/BunolVueltaFem15-300x200.jpg 300w, https:\/\/www.tucomarca.com\/wordpress\/segunda\/wp-content\/uploads\/2024\/04\/BunolVueltaFem15-768x512.jpg 768w\" sizes=\"auto, (max-width: 886px) 100vw, 886px\" \/><figcaption class=\"wp-element-caption\">Virginia Sanz.<\/figcaption><\/figure>\n<\/div>\n\n\n<p>Por su parte la alcaldesa, Virginia Sanz, ha subrayado que, a pesar de las inclemencias meteorol\u00f3gicas, \u00abBu\u00f1ol ha podido disfrutar de un gran espect\u00e1culo, con todo lo que mueve el ciclismo. El deporte femenino es algo muy apasionante y cuando te lo llevan a tu pueblo y lo ves de primera mano es algo muy bonito\u00bb. La alcaldesa tambi\u00e9n ha recalcado que eventos como el que ha acogido Bu\u00f1ol es \u00abuna carta de presentaci\u00f3n de nuestro pueblo en una prueba que est\u00e1 entre las cuatro m\u00e1s importantes del mundo; y adem\u00e1s se ha hecho una salida neutralizada que es un regalo al pueblo para que toda la gente pueda verlo y animar\u00bb.<\/p>\n\n\n<div class=\"wp-block-image\">\n<figure class=\"alignleft size-full is-resized\"><img loading=\"lazy\" decoding=\"async\" width=\"886\" height=\"591\" src=\"https:\/\/www.tucomarca.com\/wordpress\/segunda\/wp-content\/uploads\/2024\/04\/BunolVueltaFem16.jpg\" alt=\"\" class=\"wp-image-221137\" style=\"width:426px;height:auto\" srcset=\"https:\/\/www.tucomarca.com\/wordpress\/segunda\/wp-content\/uploads\/2024\/04\/BunolVueltaFem16.jpg 886w, https:\/\/www.tucomarca.com\/wordpress\/segunda\/wp-content\/uploads\/2024\/04\/BunolVueltaFem16-300x200.jpg 300w, https:\/\/www.tucomarca.com\/wordpress\/segunda\/wp-content\/uploads\/2024\/04\/BunolVueltaFem16-768x512.jpg 768w\" sizes=\"auto, (max-width: 886px) 100vw, 886px\" \/><figcaption class=\"wp-element-caption\">Ricardo Gabald\u00f3n.<\/figcaption><\/figure>\n<\/div>\n\n\n<p>En similares t\u00e9rminos se ha pronunciado el diputado provincial alcalde de Utiel, Ricardo Gabald\u00f3n, quien ha destacado que una salida de etapa es motivo \u00abpara estar todos los bu\u00f1oleros muy contentos y muy agradecidos y desde la Diputaci\u00f3n queremos fomentar el deporte y el turismo de interior con actividades como esta: apoyar el deporte y apoyar a Bu\u00f1ol. Es una etapa con salida en Bu\u00f1ol pero con llegada en Moncofa, por lo que es un trazado por el interior de nuestra provincia y el espect\u00e1culo es una maravilla\u00bb.  <\/p>\n\n\n\n<p><strong>Un trazado por el interior de Bu\u00f1ol y de la provincia  <\/strong><\/p>\n\n\n<div class=\"wp-block-image\">\n<figure class=\"alignright size-full is-resized\"><img loading=\"lazy\" decoding=\"async\" width=\"886\" height=\"591\" src=\"https:\/\/www.tucomarca.com\/wordpress\/segunda\/wp-content\/uploads\/2024\/04\/BunolVueltaFem17.jpg\" alt=\"\" class=\"wp-image-221139\" style=\"width:432px;height:auto\" srcset=\"https:\/\/www.tucomarca.com\/wordpress\/segunda\/wp-content\/uploads\/2024\/04\/BunolVueltaFem17.jpg 886w, https:\/\/www.tucomarca.com\/wordpress\/segunda\/wp-content\/uploads\/2024\/04\/BunolVueltaFem17-300x200.jpg 300w, https:\/\/www.tucomarca.com\/wordpress\/segunda\/wp-content\/uploads\/2024\/04\/BunolVueltaFem17-768x512.jpg 768w\" sizes=\"auto, (max-width: 886px) 100vw, 886px\" \/><figcaption class=\"wp-element-caption\">Ulises Ara\u00fajo.<\/figcaption><\/figure>\n<\/div>\n\n\n<p>Por su parte, el concejal de Deportes del Ayuntamiento de Bu\u00f1ol, Ulises Ara\u00fajo, se ha felicitado \u00abporque todo haya salido bien y las ciclistas hayan salido del t\u00e9rmino de Bu\u00f1ol con total normalidad\u00bb; y ha querido agradecer \u00abtodo el trabajo que han llevado a cabo desde Polic\u00eda Local, Protecci\u00f3n Civil y Guardia Civil, a voluntarios y personal del Ayuntamiento, y por supuesto a la organizaci\u00f3n de la Vuelta con quienes hemos trabajado muy bien\u00bb.<\/p>\n\n\n\n<p>Desde la salida en la Avenida de Rafael Ridaura, las corredoras se han dirigido hacia <span style=\"font-size: revert; white-space: normal;\">la calle Rafael Alberti, han girado en Severo Ochoa y se han dirigido hacia Antonio Machado y la plaza Rivero. De ah\u00ed a Blasco Ib\u00e1\u00f1ez, direcci\u00f3n Plaza de Las Ventas, calle Condes de Bu\u00f1ol, Doctor Fleming, calle Juan Peset y hasta el campo de f\u00fatbol. Para despu\u00e9s bajar por la carretera del Cuco hacia el paseo de San Luis, hacia la Plaza del Pueblo y la calle Cid, para luego circular hacia la Avenida del Pa\u00eds Valenciano, plaza de la Diputaci\u00f3n y ya por la avenida de la Violeta hacia la carretera CV-4241 hasta la Cuesta Blanca, donde\u00a0se ha ubicado <\/span>el kil\u00f3metro cero y pedalear en direcci\u00f3n a Chiva, Ll\u00edria y Moncofa.<\/p>\n\n\n\n<p>La Vuelta Femenina a Espa\u00f1a viv\u00eda su segunda etapa este lunes con una jornada de 118,3 kil\u00f3metros por carreteras del interior de la provincia de Valencia y con un puerto de tercera categor\u00eda, el de l\u2019Oronet, muy proclive para una llegada al sprint.<\/p>\n\n\n\n<figure class=\"wp-block-image size-full\"><img loading=\"lazy\" decoding=\"async\" width=\"886\" height=\"591\" src=\"https:\/\/www.tucomarca.com\/wordpress\/segunda\/wp-content\/uploads\/2024\/04\/BunolVueltaFem37.jpg\" alt=\"\" class=\"wp-image-221167\" srcset=\"https:\/\/www.tucomarca.com\/wordpress\/segunda\/wp-content\/uploads\/2024\/04\/BunolVueltaFem37.jpg 886w, https:\/\/www.tucomarca.com\/wordpress\/segunda\/wp-content\/uploads\/2024\/04\/BunolVueltaFem37-300x200.jpg 300w, https:\/\/www.tucomarca.com\/wordpress\/segunda\/wp-content\/uploads\/2024\/04\/BunolVueltaFem37-768x512.jpg 768w\" sizes=\"auto, (max-width: 886px) 100vw, 886px\" \/><figcaption class=\"wp-element-caption\">Screenshot<\/figcaption><\/figure>\n\n\n\n<p>Antes de la salida, todas las miradas estuvieron puestas Gaia Realini, del equipo Lidl-Trek, quien se ha convertido en la primera l\u00edder de&nbsp;La Vuelta Femenina a Espa\u00f1a de este a\u00f1o, despu\u00e9s de un final accidentado de la contrarreloj por equipos que se desarroll\u00f3 este domingo en&nbsp;Valencia, donde dos ciclistas de su equipo, Ellen van Dijk y Elynor Backstedt-Calvert, se fueron al suelo en la \u00faltima curva del recorrido; aunque el Lidl-Trek se hizo con la victoria en esta primera etapa.<\/p>\n\n\n\n<p>Los equipos espa\u00f1oles no han tenido un papel muy destacado en la primera etapa, ya que el Movistar Team s\u00f3lo pudo registrar el octavo mejor tiempo (19,20), el Laboral Kutxa el decimoquinto (20,24) y el Eneicat-CM Team fue vig\u00e9simo (21,13). Informa, <strong>M. A. Pall\u00e1s<\/strong>. <\/p>\n\n\n\n<p>Fotos: <strong>Pilar Ferrer<\/strong>, <strong>Jos\u00e9 Luis Mont\u00f3n<\/strong> y <strong>A. Pall\u00e1s<\/strong>.<\/p>\n\n\n\n<figure class=\"wp-block-gallery has-nested-images columns-2 is-cropped wp-block-gallery-1 is-layout-flex wp-block-gallery-is-layout-flex\">\n<figure class=\"wp-block-image size-large\"><img loading=\"lazy\" decoding=\"async\" width=\"886\" height=\"591\" data-id=\"221115\" src=\"https:\/\/www.tucomarca.com\/wordpress\/segunda\/wp-content\/uploads\/2024\/04\/BunolVueltaFem00.jpg\" alt=\"\" class=\"wp-image-221115\" srcset=\"https:\/\/www.tucomarca.com\/wordpress\/segunda\/wp-content\/uploads\/2024\/04\/BunolVueltaFem00.jpg 886w, https:\/\/www.tucomarca.com\/wordpress\/segunda\/wp-content\/uploads\/2024\/04\/BunolVueltaFem00-300x200.jpg 300w, https:\/\/www.tucomarca.com\/wordpress\/segunda\/wp-content\/uploads\/2024\/04\/BunolVueltaFem00-768x512.jpg 768w\" sizes=\"auto, (max-width: 886px) 100vw, 886px\" \/><\/figure>\n\n\n\n<figure class=\"wp-block-image size-large\"><img loading=\"lazy\" decoding=\"async\" width=\"886\" height=\"591\" data-id=\"221141\" src=\"https:\/\/www.tucomarca.com\/wordpress\/segunda\/wp-content\/uploads\/2024\/04\/BunolVueltaFem18.jpg\" alt=\"\" class=\"wp-image-221141\" srcset=\"https:\/\/www.tucomarca.com\/wordpress\/segunda\/wp-content\/uploads\/2024\/04\/BunolVueltaFem18.jpg 886w, https:\/\/www.tucomarca.com\/wordpress\/segunda\/wp-content\/uploads\/2024\/04\/BunolVueltaFem18-300x200.jpg 300w, https:\/\/www.tucomarca.com\/wordpress\/segunda\/wp-content\/uploads\/2024\/04\/BunolVueltaFem18-768x512.jpg 768w\" sizes=\"auto, (max-width: 886px) 100vw, 886px\" \/><\/figure>\n\n\n\n<figure class=\"wp-block-image size-large\"><img loading=\"lazy\" decoding=\"async\" width=\"886\" height=\"591\" data-id=\"221119\" src=\"https:\/\/www.tucomarca.com\/wordpress\/segunda\/wp-content\/uploads\/2024\/04\/BunolVueltaFem04.jpg\" alt=\"\" class=\"wp-image-221119\" srcset=\"https:\/\/www.tucomarca.com\/wordpress\/segunda\/wp-content\/uploads\/2024\/04\/BunolVueltaFem04.jpg 886w, https:\/\/www.tucomarca.com\/wordpress\/segunda\/wp-content\/uploads\/2024\/04\/BunolVueltaFem04-300x200.jpg 300w, https:\/\/www.tucomarca.com\/wordpress\/segunda\/wp-content\/uploads\/2024\/04\/BunolVueltaFem04-768x512.jpg 768w\" sizes=\"auto, (max-width: 886px) 100vw, 886px\" \/><figcaption class=\"wp-element-caption\">Screenshot<\/figcaption><\/figure>\n\n\n\n<figure class=\"wp-block-image size-large\"><img loading=\"lazy\" decoding=\"async\" width=\"886\" height=\"591\" data-id=\"221117\" src=\"https:\/\/www.tucomarca.com\/wordpress\/segunda\/wp-content\/uploads\/2024\/04\/BunolVueltaFem02.jpg\" alt=\"\" class=\"wp-image-221117\" srcset=\"https:\/\/www.tucomarca.com\/wordpress\/segunda\/wp-content\/uploads\/2024\/04\/BunolVueltaFem02.jpg 886w, https:\/\/www.tucomarca.com\/wordpress\/segunda\/wp-content\/uploads\/2024\/04\/BunolVueltaFem02-300x200.jpg 300w, https:\/\/www.tucomarca.com\/wordpress\/segunda\/wp-content\/uploads\/2024\/04\/BunolVueltaFem02-768x512.jpg 768w\" sizes=\"auto, (max-width: 886px) 100vw, 886px\" \/><figcaption class=\"wp-element-caption\">Screenshot<\/figcaption><\/figure>\n\n\n\n<figure class=\"wp-block-image size-large\"><img loading=\"lazy\" decoding=\"async\" width=\"886\" height=\"591\" data-id=\"221123\" src=\"https:\/\/www.tucomarca.com\/wordpress\/segunda\/wp-content\/uploads\/2024\/04\/BunolVueltaFem06.jpg\" alt=\"\" class=\"wp-image-221123\" srcset=\"https:\/\/www.tucomarca.com\/wordpress\/segunda\/wp-content\/uploads\/2024\/04\/BunolVueltaFem06.jpg 886w, https:\/\/www.tucomarca.com\/wordpress\/segunda\/wp-content\/uploads\/2024\/04\/BunolVueltaFem06-300x200.jpg 300w, https:\/\/www.tucomarca.com\/wordpress\/segunda\/wp-content\/uploads\/2024\/04\/BunolVueltaFem06-768x512.jpg 768w\" sizes=\"auto, (max-width: 886px) 100vw, 886px\" \/><figcaption class=\"wp-element-caption\">Screenshot<\/figcaption><\/figure>\n\n\n\n<figure class=\"wp-block-image size-large\"><img loading=\"lazy\" decoding=\"async\" width=\"886\" height=\"591\" data-id=\"221129\" src=\"https:\/\/www.tucomarca.com\/wordpress\/segunda\/wp-content\/uploads\/2024\/04\/BunolVueltaFem12.jpg\" alt=\"\" class=\"wp-image-221129\" srcset=\"https:\/\/www.tucomarca.com\/wordpress\/segunda\/wp-content\/uploads\/2024\/04\/BunolVueltaFem12.jpg 886w, https:\/\/www.tucomarca.com\/wordpress\/segunda\/wp-content\/uploads\/2024\/04\/BunolVueltaFem12-300x200.jpg 300w, https:\/\/www.tucomarca.com\/wordpress\/segunda\/wp-content\/uploads\/2024\/04\/BunolVueltaFem12-768x512.jpg 768w\" sizes=\"auto, (max-width: 886px) 100vw, 886px\" \/><figcaption class=\"wp-element-caption\">Screenshot<\/figcaption><\/figure>\n\n\n\n<figure class=\"wp-block-image size-large\"><img loading=\"lazy\" decoding=\"async\" width=\"886\" height=\"591\" data-id=\"221121\" src=\"https:\/\/www.tucomarca.com\/wordpress\/segunda\/wp-content\/uploads\/2024\/04\/BunolVueltaFem05.jpg\" alt=\"\" class=\"wp-image-221121\" srcset=\"https:\/\/www.tucomarca.com\/wordpress\/segunda\/wp-content\/uploads\/2024\/04\/BunolVueltaFem05.jpg 886w, https:\/\/www.tucomarca.com\/wordpress\/segunda\/wp-content\/uploads\/2024\/04\/BunolVueltaFem05-300x200.jpg 300w, https:\/\/www.tucomarca.com\/wordpress\/segunda\/wp-content\/uploads\/2024\/04\/BunolVueltaFem05-768x512.jpg 768w\" sizes=\"auto, (max-width: 886px) 100vw, 886px\" \/><figcaption class=\"wp-element-caption\">Screenshot<\/figcaption><\/figure>\n\n\n\n<figure class=\"wp-block-image size-large\"><img loading=\"lazy\" decoding=\"async\" width=\"886\" height=\"591\" data-id=\"221127\" src=\"https:\/\/www.tucomarca.com\/wordpress\/segunda\/wp-content\/uploads\/2024\/04\/BunolVueltaFem11.jpg\" alt=\"\" class=\"wp-image-221127\" srcset=\"https:\/\/www.tucomarca.com\/wordpress\/segunda\/wp-content\/uploads\/2024\/04\/BunolVueltaFem11.jpg 886w, https:\/\/www.tucomarca.com\/wordpress\/segunda\/wp-content\/uploads\/2024\/04\/BunolVueltaFem11-300x200.jpg 300w, https:\/\/www.tucomarca.com\/wordpress\/segunda\/wp-content\/uploads\/2024\/04\/BunolVueltaFem11-768x512.jpg 768w\" sizes=\"auto, (max-width: 886px) 100vw, 886px\" \/><figcaption class=\"wp-element-caption\">Screenshot<\/figcaption><\/figure>\n\n\n\n<figure class=\"wp-block-image size-large\"><img loading=\"lazy\" decoding=\"async\" width=\"886\" height=\"591\" data-id=\"221125\" src=\"https:\/\/www.tucomarca.com\/wordpress\/segunda\/wp-content\/uploads\/2024\/04\/BunolVueltaFem10.jpg\" alt=\"\" class=\"wp-image-221125\" srcset=\"https:\/\/www.tucomarca.com\/wordpress\/segunda\/wp-content\/uploads\/2024\/04\/BunolVueltaFem10.jpg 886w, https:\/\/www.tucomarca.com\/wordpress\/segunda\/wp-content\/uploads\/2024\/04\/BunolVueltaFem10-300x200.jpg 300w, https:\/\/www.tucomarca.com\/wordpress\/segunda\/wp-content\/uploads\/2024\/04\/BunolVueltaFem10-768x512.jpg 768w\" sizes=\"auto, (max-width: 886px) 100vw, 886px\" \/><figcaption class=\"wp-element-caption\">Screenshot<\/figcaption><\/figure>\n\n\n\n<figure class=\"wp-block-image size-large\"><img loading=\"lazy\" decoding=\"async\" width=\"886\" height=\"591\" data-id=\"221149\" src=\"https:\/\/www.tucomarca.com\/wordpress\/segunda\/wp-content\/uploads\/2024\/04\/BunolVueltaFem24.jpg\" alt=\"\" class=\"wp-image-221149\" srcset=\"https:\/\/www.tucomarca.com\/wordpress\/segunda\/wp-content\/uploads\/2024\/04\/BunolVueltaFem24.jpg 886w, https:\/\/www.tucomarca.com\/wordpress\/segunda\/wp-content\/uploads\/2024\/04\/BunolVueltaFem24-300x200.jpg 300w, https:\/\/www.tucomarca.com\/wordpress\/segunda\/wp-content\/uploads\/2024\/04\/BunolVueltaFem24-768x512.jpg 768w\" sizes=\"auto, (max-width: 886px) 100vw, 886px\" \/><\/figure>\n\n\n\n<figure class=\"wp-block-image size-large\"><img loading=\"lazy\" decoding=\"async\" width=\"886\" height=\"591\" data-id=\"221131\" src=\"https:\/\/www.tucomarca.com\/wordpress\/segunda\/wp-content\/uploads\/2024\/04\/BunolVueltaFem13.jpg\" alt=\"\" class=\"wp-image-221131\" srcset=\"https:\/\/www.tucomarca.com\/wordpress\/segunda\/wp-content\/uploads\/2024\/04\/BunolVueltaFem13.jpg 886w, https:\/\/www.tucomarca.com\/wordpress\/segunda\/wp-content\/uploads\/2024\/04\/BunolVueltaFem13-300x200.jpg 300w, https:\/\/www.tucomarca.com\/wordpress\/segunda\/wp-content\/uploads\/2024\/04\/BunolVueltaFem13-768x512.jpg 768w\" sizes=\"auto, (max-width: 886px) 100vw, 886px\" \/><figcaption class=\"wp-element-caption\">Screenshot<\/figcaption><\/figure>\n\n\n\n<figure class=\"wp-block-image size-large\"><img loading=\"lazy\" decoding=\"async\" width=\"886\" height=\"591\" data-id=\"221143\" src=\"https:\/\/www.tucomarca.com\/wordpress\/segunda\/wp-content\/uploads\/2024\/04\/BunolVueltaFem20.jpg\" alt=\"\" class=\"wp-image-221143\" srcset=\"https:\/\/www.tucomarca.com\/wordpress\/segunda\/wp-content\/uploads\/2024\/04\/BunolVueltaFem20.jpg 886w, https:\/\/www.tucomarca.com\/wordpress\/segunda\/wp-content\/uploads\/2024\/04\/BunolVueltaFem20-300x200.jpg 300w, https:\/\/www.tucomarca.com\/wordpress\/segunda\/wp-content\/uploads\/2024\/04\/BunolVueltaFem20-768x512.jpg 768w\" sizes=\"auto, (max-width: 886px) 100vw, 886px\" \/><\/figure>\n\n\n\n<figure class=\"wp-block-image size-large\"><img loading=\"lazy\" decoding=\"async\" width=\"886\" height=\"591\" data-id=\"221147\" src=\"https:\/\/www.tucomarca.com\/wordpress\/segunda\/wp-content\/uploads\/2024\/04\/BunolVueltaFem23.jpg\" alt=\"\" class=\"wp-image-221147\" srcset=\"https:\/\/www.tucomarca.com\/wordpress\/segunda\/wp-content\/uploads\/2024\/04\/BunolVueltaFem23.jpg 886w, https:\/\/www.tucomarca.com\/wordpress\/segunda\/wp-content\/uploads\/2024\/04\/BunolVueltaFem23-300x200.jpg 300w, https:\/\/www.tucomarca.com\/wordpress\/segunda\/wp-content\/uploads\/2024\/04\/BunolVueltaFem23-768x512.jpg 768w\" sizes=\"auto, (max-width: 886px) 100vw, 886px\" \/><\/figure>\n\n\n\n<figure class=\"wp-block-image size-large\"><img loading=\"lazy\" decoding=\"async\" width=\"886\" height=\"591\" data-id=\"221155\" src=\"https:\/\/www.tucomarca.com\/wordpress\/segunda\/wp-content\/uploads\/2024\/04\/BunolVueltaFem27.jpg\" alt=\"\" class=\"wp-image-221155\" srcset=\"https:\/\/www.tucomarca.com\/wordpress\/segunda\/wp-content\/uploads\/2024\/04\/BunolVueltaFem27.jpg 886w, https:\/\/www.tucomarca.com\/wordpress\/segunda\/wp-content\/uploads\/2024\/04\/BunolVueltaFem27-300x200.jpg 300w, https:\/\/www.tucomarca.com\/wordpress\/segunda\/wp-content\/uploads\/2024\/04\/BunolVueltaFem27-768x512.jpg 768w\" sizes=\"auto, (max-width: 886px) 100vw, 886px\" \/><\/figure>\n\n\n\n<figure class=\"wp-block-image size-large\"><img loading=\"lazy\" decoding=\"async\" width=\"886\" height=\"591\" data-id=\"221145\" src=\"https:\/\/www.tucomarca.com\/wordpress\/segunda\/wp-content\/uploads\/2024\/04\/BunolVueltaFem21.jpg\" alt=\"\" class=\"wp-image-221145\" srcset=\"https:\/\/www.tucomarca.com\/wordpress\/segunda\/wp-content\/uploads\/2024\/04\/BunolVueltaFem21.jpg 886w, https:\/\/www.tucomarca.com\/wordpress\/segunda\/wp-content\/uploads\/2024\/04\/BunolVueltaFem21-300x200.jpg 300w, https:\/\/www.tucomarca.com\/wordpress\/segunda\/wp-content\/uploads\/2024\/04\/BunolVueltaFem21-768x512.jpg 768w\" sizes=\"auto, (max-width: 886px) 100vw, 886px\" \/><\/figure>\n\n\n\n<figure class=\"wp-block-image size-large\"><img loading=\"lazy\" decoding=\"async\" width=\"886\" height=\"591\" data-id=\"221151\" src=\"https:\/\/www.tucomarca.com\/wordpress\/segunda\/wp-content\/uploads\/2024\/04\/BunolVueltaFem25.jpg\" alt=\"\" class=\"wp-image-221151\" srcset=\"https:\/\/www.tucomarca.com\/wordpress\/segunda\/wp-content\/uploads\/2024\/04\/BunolVueltaFem25.jpg 886w, https:\/\/www.tucomarca.com\/wordpress\/segunda\/wp-content\/uploads\/2024\/04\/BunolVueltaFem25-300x200.jpg 300w, https:\/\/www.tucomarca.com\/wordpress\/segunda\/wp-content\/uploads\/2024\/04\/BunolVueltaFem25-768x512.jpg 768w\" sizes=\"auto, (max-width: 886px) 100vw, 886px\" \/><\/figure>\n\n\n\n<figure class=\"wp-block-image size-large\"><img loading=\"lazy\" decoding=\"async\" width=\"886\" height=\"591\" data-id=\"221157\" src=\"https:\/\/www.tucomarca.com\/wordpress\/segunda\/wp-content\/uploads\/2024\/04\/BunolVueltaFem29.jpg\" alt=\"\" class=\"wp-image-221157\" srcset=\"https:\/\/www.tucomarca.com\/wordpress\/segunda\/wp-content\/uploads\/2024\/04\/BunolVueltaFem29.jpg 886w, https:\/\/www.tucomarca.com\/wordpress\/segunda\/wp-content\/uploads\/2024\/04\/BunolVueltaFem29-300x200.jpg 300w, https:\/\/www.tucomarca.com\/wordpress\/segunda\/wp-content\/uploads\/2024\/04\/BunolVueltaFem29-768x512.jpg 768w\" sizes=\"auto, (max-width: 886px) 100vw, 886px\" \/><\/figure>\n\n\n\n<figure class=\"wp-block-image size-large\"><img loading=\"lazy\" decoding=\"async\" width=\"886\" height=\"591\" data-id=\"221153\" src=\"https:\/\/www.tucomarca.com\/wordpress\/segunda\/wp-content\/uploads\/2024\/04\/BunolVueltaFem26.jpg\" alt=\"\" class=\"wp-image-221153\" srcset=\"https:\/\/www.tucomarca.com\/wordpress\/segunda\/wp-content\/uploads\/2024\/04\/BunolVueltaFem26.jpg 886w, https:\/\/www.tucomarca.com\/wordpress\/segunda\/wp-content\/uploads\/2024\/04\/BunolVueltaFem26-300x200.jpg 300w, https:\/\/www.tucomarca.com\/wordpress\/segunda\/wp-content\/uploads\/2024\/04\/BunolVueltaFem26-768x512.jpg 768w\" sizes=\"auto, (max-width: 886px) 100vw, 886px\" \/><\/figure>\n\n\n\n<figure class=\"wp-block-image size-large\"><img loading=\"lazy\" decoding=\"async\" width=\"886\" height=\"591\" data-id=\"221159\" src=\"https:\/\/www.tucomarca.com\/wordpress\/segunda\/wp-content\/uploads\/2024\/04\/BunolVueltaFem30.jpg\" alt=\"\" class=\"wp-image-221159\" srcset=\"https:\/\/www.tucomarca.com\/wordpress\/segunda\/wp-content\/uploads\/2024\/04\/BunolVueltaFem30.jpg 886w, https:\/\/www.tucomarca.com\/wordpress\/segunda\/wp-content\/uploads\/2024\/04\/BunolVueltaFem30-300x200.jpg 300w, https:\/\/www.tucomarca.com\/wordpress\/segunda\/wp-content\/uploads\/2024\/04\/BunolVueltaFem30-768x512.jpg 768w\" sizes=\"auto, (max-width: 886px) 100vw, 886px\" \/><\/figure>\n\n\n\n<figure class=\"wp-block-image size-large\"><img loading=\"lazy\" decoding=\"async\" width=\"886\" height=\"591\" data-id=\"221161\" src=\"https:\/\/www.tucomarca.com\/wordpress\/segunda\/wp-content\/uploads\/2024\/04\/BunolVueltaFem32.jpg\" alt=\"\" class=\"wp-image-221161\" srcset=\"https:\/\/www.tucomarca.com\/wordpress\/segunda\/wp-content\/uploads\/2024\/04\/BunolVueltaFem32.jpg 886w, https:\/\/www.tucomarca.com\/wordpress\/segunda\/wp-content\/uploads\/2024\/04\/BunolVueltaFem32-300x200.jpg 300w, https:\/\/www.tucomarca.com\/wordpress\/segunda\/wp-content\/uploads\/2024\/04\/BunolVueltaFem32-768x512.jpg 768w\" sizes=\"auto, (max-width: 886px) 100vw, 886px\" \/><\/figure>\n\n\n\n<figure class=\"wp-block-image size-large\"><img loading=\"lazy\" decoding=\"async\" width=\"886\" height=\"591\" data-id=\"221163\" src=\"https:\/\/www.tucomarca.com\/wordpress\/segunda\/wp-content\/uploads\/2024\/04\/BunolVueltaFem33.jpg\" alt=\"\" class=\"wp-image-221163\" srcset=\"https:\/\/www.tucomarca.com\/wordpress\/segunda\/wp-content\/uploads\/2024\/04\/BunolVueltaFem33.jpg 886w, https:\/\/www.tucomarca.com\/wordpress\/segunda\/wp-content\/uploads\/2024\/04\/BunolVueltaFem33-300x200.jpg 300w, https:\/\/www.tucomarca.com\/wordpress\/segunda\/wp-content\/uploads\/2024\/04\/BunolVueltaFem33-768x512.jpg 768w\" sizes=\"auto, (max-width: 886px) 100vw, 886px\" \/><\/figure>\n\n\n\n<figure class=\"wp-block-image size-large\"><img loading=\"lazy\" decoding=\"async\" width=\"886\" height=\"591\" data-id=\"221165\" src=\"https:\/\/www.tucomarca.com\/wordpress\/segunda\/wp-content\/uploads\/2024\/04\/BunolVueltaFem35.jpg\" alt=\"\" class=\"wp-image-221165\" srcset=\"https:\/\/www.tucomarca.com\/wordpress\/segunda\/wp-content\/uploads\/2024\/04\/BunolVueltaFem35.jpg 886w, https:\/\/www.tucomarca.com\/wordpress\/segunda\/wp-content\/uploads\/2024\/04\/BunolVueltaFem35-300x200.jpg 300w, https:\/\/www.tucomarca.com\/wordpress\/segunda\/wp-content\/uploads\/2024\/04\/BunolVueltaFem35-768x512.jpg 768w\" sizes=\"auto, (max-width: 886px) 100vw, 886px\" \/><\/figure>\n\n\n\n<figure class=\"wp-block-image size-large\"><img loading=\"lazy\" decoding=\"async\" width=\"886\" height=\"591\" data-id=\"221169\" src=\"https:\/\/www.tucomarca.com\/wordpress\/segunda\/wp-content\/uploads\/2024\/04\/BunolVueltaFem38.jpg\" alt=\"\" class=\"wp-image-221169\" srcset=\"https:\/\/www.tucomarca.com\/wordpress\/segunda\/wp-content\/uploads\/2024\/04\/BunolVueltaFem38.jpg 886w, https:\/\/www.tucomarca.com\/wordpress\/segunda\/wp-content\/uploads\/2024\/04\/BunolVueltaFem38-300x200.jpg 300w, https:\/\/www.tucomarca.com\/wordpress\/segunda\/wp-content\/uploads\/2024\/04\/BunolVueltaFem38-768x512.jpg 768w\" sizes=\"auto, (max-width: 886px) 100vw, 886px\" \/><\/figure>\n\n\n\n<figure class=\"wp-block-image size-large\"><img loading=\"lazy\" decoding=\"async\" width=\"886\" height=\"591\" data-id=\"221171\" src=\"https:\/\/www.tucomarca.com\/wordpress\/segunda\/wp-content\/uploads\/2024\/04\/BunolVueltaFem39.jpg\" alt=\"\" class=\"wp-image-221171\" srcset=\"https:\/\/www.tucomarca.com\/wordpress\/segunda\/wp-content\/uploads\/2024\/04\/BunolVueltaFem39.jpg 886w, https:\/\/www.tucomarca.com\/wordpress\/segunda\/wp-content\/uploads\/2024\/04\/BunolVueltaFem39-300x200.jpg 300w, https:\/\/www.tucomarca.com\/wordpress\/segunda\/wp-content\/uploads\/2024\/04\/BunolVueltaFem39-768x512.jpg 768w\" sizes=\"auto, (max-width: 886px) 100vw, 886px\" \/><\/figure>\n\n\n\n<figure class=\"wp-block-image size-large\"><img loading=\"lazy\" decoding=\"async\" width=\"886\" height=\"591\" data-id=\"221175\" src=\"https:\/\/www.tucomarca.com\/wordpress\/segunda\/wp-content\/uploads\/2024\/04\/BunolVueltaFem41.jpg\" alt=\"\" class=\"wp-image-221175\" srcset=\"https:\/\/www.tucomarca.com\/wordpress\/segunda\/wp-content\/uploads\/2024\/04\/BunolVueltaFem41.jpg 886w, https:\/\/www.tucomarca.com\/wordpress\/segunda\/wp-content\/uploads\/2024\/04\/BunolVueltaFem41-300x200.jpg 300w, https:\/\/www.tucomarca.com\/wordpress\/segunda\/wp-content\/uploads\/2024\/04\/BunolVueltaFem41-768x512.jpg 768w\" sizes=\"auto, (max-width: 886px) 100vw, 886px\" \/><\/figure>\n\n\n\n<figure class=\"wp-block-image size-large\"><img loading=\"lazy\" decoding=\"async\" width=\"886\" height=\"591\" data-id=\"221173\" src=\"https:\/\/www.tucomarca.com\/wordpress\/segunda\/wp-content\/uploads\/2024\/04\/BunolVueltaFem40.jpg\" alt=\"\" class=\"wp-image-221173\" srcset=\"https:\/\/www.tucomarca.com\/wordpress\/segunda\/wp-content\/uploads\/2024\/04\/BunolVueltaFem40.jpg 886w, https:\/\/www.tucomarca.com\/wordpress\/segunda\/wp-content\/uploads\/2024\/04\/BunolVueltaFem40-300x200.jpg 300w, https:\/\/www.tucomarca.com\/wordpress\/segunda\/wp-content\/uploads\/2024\/04\/BunolVueltaFem40-768x512.jpg 768w\" sizes=\"auto, (max-width: 886px) 100vw, 886px\" \/><\/figure>\n<\/figure>\n","protected":false},"excerpt":{"rendered":"<div class=\"mh-excerpt\">A pesar de la lluvia que ha estado presente durante toda la ma\u00f1ana, la poblaci\u00f3n de Bu\u00f1ol ha disfrutado este lunes con ilusi\u00f3n y muy de cerca del ciclismo del m\u00e1s alto nivel gracias a <a class=\"mh-excerpt-more\" href=\"https:\/\/www.tucomarca.com\/wordpress\/segunda\/fotogaleria-bunol-disfruta-a-pesar-de-la-lluvia-de-la-salida-de-la-segunda-etapa-de-la-vuelta-ciclista-femenina-a-espana\/\" title=\"Fotogaler\u00eda: Bu\u00f1ol disfruta, a pesar de la lluvia, de la salida de la segunda etapa de la Vuelta Ciclista Femenina a Espa\u00f1a\">[+] <\/a><\/div>\n","protected":false},"author":1,"featured_media":221177,"comment_status":"open","ping_status":"open","sticky":false,"template":"","format":"gallery","meta":{"footnotes":""},"categories":[18,16,173,6,128,8,72,10,3,45],"tags":[10385,402,5952,9780,20524],"class_list":{"0":"post-221105","1":"post","2":"type-post","3":"status-publish","4":"format-gallery","5":"has-post-thumbnail","7":"category-bunol","8":"category-chiva","9":"category-ciclismo","10":"category-deportes","11":"category-infraestructuras","12":"category-la-comarca","13":"category-sin-categorizar","14":"category-la-hoya","15":"category-seccion","16":"category-ventana","17":"tag-bunol","18":"tag-ciclismo-2","19":"tag-la-hoya-de-bunol-chiva","20":"tag-vuelta-ciclista","21":"tag-vuelta-ciclista-a-espana-femenina","22":"post_format-post-format-gallery"},"_links":{"self":[{"href":"https:\/\/www.tucomarca.com\/wordpress\/segunda\/wp-json\/wp\/v2\/posts\/221105","targetHints":{"allow":["GET"]}}],"collection":[{"href":"https:\/\/www.tucomarca.com\/wordpress\/segunda\/wp-json\/wp\/v2\/posts"}],"about":[{"href":"https:\/\/www.tucomarca.com\/wordpress\/segunda\/wp-json\/wp\/v2\/types\/post"}],"author":[{"embeddable":true,"href":"https:\/\/www.tucomarca.com\/wordpress\/segunda\/wp-json\/wp\/v2\/users\/1"}],"replies":[{"embeddable":true,"href":"https:\/\/www.tucomarca.com\/wordpress\/segunda\/wp-json\/wp\/v2\/comments?post=221105"}],"version-history":[{"count":0,"href":"https:\/\/www.tucomarca.com\/wordpress\/segunda\/wp-json\/wp\/v2\/posts\/221105\/revisions"}],"wp:featuredmedia":[{"embeddable":true,"href":"https:\/\/www.tucomarca.com\/wordpress\/segunda\/wp-json\/wp\/v2\/media\/221177"}],"wp:attachment":[{"href":"https:\/\/www.tucomarca.com\/wordpress\/segunda\/wp-json\/wp\/v2\/media?parent=221105"}],"wp:term":[{"taxonomy":"category","embeddable":true,"href":"https:\/\/www.tucomarca.com\/wordpress\/segunda\/wp-json\/wp\/v2\/categories?post=221105"},{"taxonomy":"post_tag","embeddable":true,"href":"https:\/\/www.tucomarca.com\/wordpress\/segunda\/wp-json\/wp\/v2\/tags?post=221105"}],"curies":[{"name":"wp","href":"https:\/\/api.w.org\/{rel}","templated":true}]}}