{"id":2214,"date":"2012-05-23T12:16:17","date_gmt":"2012-05-23T10:16:17","guid":{"rendered":"http:\/\/www.tucomarca.com\/wordpress\/segunda\/?p=2214"},"modified":"2012-05-23T12:16:31","modified_gmt":"2012-05-23T10:16:31","slug":"chiva-ultima-la-puesta-a-punto-de-la-piscina-municipal-de-cara-a-la-temporada-de-verano","status":"publish","type":"post","link":"https:\/\/www.tucomarca.com\/wordpress\/segunda\/chiva-ultima-la-puesta-a-punto-de-la-piscina-municipal-de-cara-a-la-temporada-de-verano\/","title":{"rendered":"Chiva ultima la puesta a punto de la piscina municipal de cara a la temporada de verano"},"content":{"rendered":"<p>Con el verano a la vuelta de la esquina, el Ayuntamiento de Chiva est\u00e1 trabajando en la mejora de las instalaciones de la piscina municipal, que abrir\u00e1 sus puertas, aproximadamente, durante la segunda quincena del mes de junio.<\/p>\n<p>Los trabajos, que los est\u00e1n llevando a cabo conjuntamente el Taller de Empleo Chiva Verde III y la Brigada Municipal, consisten en la limpieza de las paredes y del piso de la piscina, en la pintura de las l\u00edneas negras que delimitan la zona ol\u00edmpica y en la sustituci\u00f3n de los azulejos que estaban en mal estado.<\/p>\n<p>Asimismo, se han reparado dos bombas de agua y est\u00e1 previsto pintar la zona de la playa que rodea la piscina. Con estas mejoras, el consistorio pretende dejar en perfecto estado estas instalaciones municipales para el disfrute de los numerosos usuarios que la visitar\u00e1n este pr\u00f3ximo verano.<\/p>\n","protected":false},"excerpt":{"rendered":"<div class=\"mh-excerpt\">Con el verano a la vuelta de la esquina, el Ayuntamiento de Chiva est\u00e1 trabajando en la mejora de las instalaciones de la piscina municipal, que abrir\u00e1 sus puertas, aproximadamente, durante la segunda quincena del <a class=\"mh-excerpt-more\" href=\"https:\/\/www.tucomarca.com\/wordpress\/segunda\/chiva-ultima-la-puesta-a-punto-de-la-piscina-municipal-de-cara-a-la-temporada-de-verano\/\" title=\"Chiva ultima la puesta a punto de la piscina municipal de cara a la temporada de verano\">[+] <\/a><\/div>\n","protected":false},"author":1,"featured_media":2215,"comment_status":"open","ping_status":"open","sticky":false,"template":"","format":"standard","meta":{"footnotes":""},"categories":[16,128,8,10,3,45],"tags":[],"class_list":{"0":"post-2214","1":"post","2":"type-post","3":"status-publish","4":"format-standard","5":"has-post-thumbnail","7":"category-chiva","8":"category-infraestructuras","9":"category-la-comarca","10":"category-la-hoya","11":"category-seccion","12":"category-ventana"},"_links":{"self":[{"href":"https:\/\/www.tucomarca.com\/wordpress\/segunda\/wp-json\/wp\/v2\/posts\/2214","targetHints":{"allow":["GET"]}}],"collection":[{"href":"https:\/\/www.tucomarca.com\/wordpress\/segunda\/wp-json\/wp\/v2\/posts"}],"about":[{"href":"https:\/\/www.tucomarca.com\/wordpress\/segunda\/wp-json\/wp\/v2\/types\/post"}],"author":[{"embeddable":true,"href":"https:\/\/www.tucomarca.com\/wordpress\/segunda\/wp-json\/wp\/v2\/users\/1"}],"replies":[{"embeddable":true,"href":"https:\/\/www.tucomarca.com\/wordpress\/segunda\/wp-json\/wp\/v2\/comments?post=2214"}],"version-history":[{"count":0,"href":"https:\/\/www.tucomarca.com\/wordpress\/segunda\/wp-json\/wp\/v2\/posts\/2214\/revisions"}],"wp:featuredmedia":[{"embeddable":true,"href":"https:\/\/www.tucomarca.com\/wordpress\/segunda\/wp-json\/wp\/v2\/media\/2215"}],"wp:attachment":[{"href":"https:\/\/www.tucomarca.com\/wordpress\/segunda\/wp-json\/wp\/v2\/media?parent=2214"}],"wp:term":[{"taxonomy":"category","embeddable":true,"href":"https:\/\/www.tucomarca.com\/wordpress\/segunda\/wp-json\/wp\/v2\/categories?post=2214"},{"taxonomy":"post_tag","embeddable":true,"href":"https:\/\/www.tucomarca.com\/wordpress\/segunda\/wp-json\/wp\/v2\/tags?post=2214"}],"curies":[{"name":"wp","href":"https:\/\/api.w.org\/{rel}","templated":true}]}}