{"id":221643,"date":"2024-05-02T10:46:00","date_gmt":"2024-05-02T08:46:00","guid":{"rendered":"https:\/\/www.tucomarca.com\/wordpress\/segunda\/?p=221643"},"modified":"2024-05-02T18:32:35","modified_gmt":"2024-05-02T16:32:35","slug":"el-certamen-literario-ateneo-de-cheste-celebra-la-entrega-de-premios-de-su-23a-edicion","status":"publish","type":"post","link":"https:\/\/www.tucomarca.com\/wordpress\/segunda\/el-certamen-literario-ateneo-de-cheste-celebra-la-entrega-de-premios-de-su-23a-edicion\/","title":{"rendered":"El Certamen Literario Ateneo de Cheste celebra la entrega de premios de su 23\u00aa edici\u00f3n"},"content":{"rendered":"\n<p>El pasado martes, 30 de abril, se celebr\u00f3 la entrega de premios de la 23\u00aa edici\u00f3n del Certamen Literario Ateneo, una iniciativa de la Concejal\u00eda de Cultura, la Fundaci\u00f3n cajacheste y la sociedad Ateneo la Alianza, en la que participan los centros educativos p\u00fablicos de Primaria, el colegio San Jos\u00e9 de la Monta\u00f1a, el IES Ricardo Mar\u00edn y el Centro de Formaci\u00f3n de Personas Adultas. Un a\u00f1o m\u00e1s, el certamen ha superado la cifra de las 500 obras presentadas, en las modalidades de relato breve, poes\u00eda y c\u00f3mic.<\/p>\n\n\n\n<p>El acto se abri\u00f3 con las palabras del escritor y rapsoda David Vidal, conductor del acto, quien dio la bienvenida a las m\u00e1s de 200 personas reunidas en el sal\u00f3n de actos de la Fundaci\u00f3n cajacheste. Vidal invit\u00f3 al p\u00fablico a participar en varios juegos po\u00e9ticos para comenzar y seguidamente dio paso a la concejala de Cultura, M\u00aa \u00c1ngeles Llorente, que dedic\u00f3 un amplio reconocimiento a la implicaci\u00f3n en el certamen por parte del profesorado, equipos directivos, alumnado, familias y jurado, y puso en valor la lectura. \u201cTodos los d\u00edas millones de ni\u00f1os y ni\u00f1as aprenden a leer en las escuelas, este acto tan sencillo es transcendental para la vida de las personas y para el avance de la sociedad. La historia de la lectura y la escritura es la historia del progreso de la Humanidad\u201d, manifestaba Llorente.<\/p>\n\n\n\n<p>Por su parte, el director de la Fundaci\u00f3n Cajacheste, Fernando Nadal, incidi\u00f3 en destacar la importancia de la literatura. \u201cPara viajar no hay mejor nave que un libro, la literatura es esencial para los seres humanos, nos acompa\u00f1a y nos invita a pensar y a reflexionar, por todo esto desde la Fundaci\u00f3n queremos dar la enhorabuena a los escritores y las escritoras que hab\u00e9is participado; en este premio se reconoce el amor por las letras\u201d, apuntaba Nadal.<\/p>\n\n\n\n<p>Para cerrar la ronda de intervenciones, el presidente de la Asociaci\u00f3n Ateneo La Alianza, Rafael Navarro, dedic\u00f3 tambi\u00e9n unas palabras al p\u00fablico para agradecer la labor de las personas implicadas en la organizaci\u00f3n del certamen y dar la enhorabuena a los y las participantes.<\/p>\n\n\n\n<p>La entrega de premios estuvo amenizada por el d\u00fao formado por el poeta Vicent Camps y el guitarrista Miquel P\u00e9rez, quienes musicalizaron en verso las introducciones de cada modalidad del certamen. Las 28 personas galardonadas en las diferentes categor\u00edas recibieron un diploma de manos de los representantes de cada entidad organizadora. El primer premio de cada categor\u00eda consist\u00eda en un vale regalo de 100 euros canjeable por material de lectura y escritura en papeler\u00edas de la localidad; el segundo premio contaba con las mismas condiciones en un vale de 50 euros. El jurado del certamen, formando por Pilar Rosell\u00f3, M\u00aa \u00c1ngeles Corber\u00e1n, Francisco Javier Rodrigo, M\u00aa Carmen Corber\u00e1n, Encarna Escobedo y Amparo S\u00e1nchez, tambi\u00e9n recibi\u00f3 un obsequio por su colaboraci\u00f3n desinteresada en el certamen y, para cerrar el acto, se realiz\u00f3 una foto grupal.<\/p>\n\n\n\n<figure class=\"wp-block-gallery has-nested-images columns-2 is-cropped wp-block-gallery-1 is-layout-flex wp-block-gallery-is-layout-flex\">\n<figure class=\"wp-block-image size-large\"><img loading=\"lazy\" decoding=\"async\" width=\"886\" height=\"591\" data-id=\"221653\" src=\"https:\/\/www.tucomarca.com\/wordpress\/segunda\/wp-content\/uploads\/2024\/05\/ChesteCertamenAteneo5.jpg\" alt=\"\" class=\"wp-image-221653\" srcset=\"https:\/\/www.tucomarca.com\/wordpress\/segunda\/wp-content\/uploads\/2024\/05\/ChesteCertamenAteneo5.jpg 886w, https:\/\/www.tucomarca.com\/wordpress\/segunda\/wp-content\/uploads\/2024\/05\/ChesteCertamenAteneo5-300x200.jpg 300w, https:\/\/www.tucomarca.com\/wordpress\/segunda\/wp-content\/uploads\/2024\/05\/ChesteCertamenAteneo5-768x512.jpg 768w\" sizes=\"auto, (max-width: 886px) 100vw, 886px\" \/><\/figure>\n\n\n\n<figure class=\"wp-block-image size-large\"><img loading=\"lazy\" decoding=\"async\" width=\"886\" height=\"590\" data-id=\"221655\" src=\"https:\/\/www.tucomarca.com\/wordpress\/segunda\/wp-content\/uploads\/2024\/05\/ChesteCertamenAteneo6.jpg\" alt=\"\" class=\"wp-image-221655\" srcset=\"https:\/\/www.tucomarca.com\/wordpress\/segunda\/wp-content\/uploads\/2024\/05\/ChesteCertamenAteneo6.jpg 886w, https:\/\/www.tucomarca.com\/wordpress\/segunda\/wp-content\/uploads\/2024\/05\/ChesteCertamenAteneo6-300x200.jpg 300w, https:\/\/www.tucomarca.com\/wordpress\/segunda\/wp-content\/uploads\/2024\/05\/ChesteCertamenAteneo6-768x511.jpg 768w\" sizes=\"auto, (max-width: 886px) 100vw, 886px\" \/><\/figure>\n\n\n\n<figure class=\"wp-block-image size-large\"><img loading=\"lazy\" decoding=\"async\" width=\"886\" height=\"591\" data-id=\"221651\" src=\"https:\/\/www.tucomarca.com\/wordpress\/segunda\/wp-content\/uploads\/2024\/05\/ChesteCertamenAteneo4.jpg\" alt=\"\" class=\"wp-image-221651\" srcset=\"https:\/\/www.tucomarca.com\/wordpress\/segunda\/wp-content\/uploads\/2024\/05\/ChesteCertamenAteneo4.jpg 886w, https:\/\/www.tucomarca.com\/wordpress\/segunda\/wp-content\/uploads\/2024\/05\/ChesteCertamenAteneo4-300x200.jpg 300w, https:\/\/www.tucomarca.com\/wordpress\/segunda\/wp-content\/uploads\/2024\/05\/ChesteCertamenAteneo4-768x512.jpg 768w\" sizes=\"auto, (max-width: 886px) 100vw, 886px\" \/><\/figure>\n\n\n\n<figure class=\"wp-block-image size-large\"><img loading=\"lazy\" decoding=\"async\" width=\"886\" height=\"591\" data-id=\"221647\" src=\"https:\/\/www.tucomarca.com\/wordpress\/segunda\/wp-content\/uploads\/2024\/05\/ChesteCertamenAteneo2.jpg\" alt=\"\" class=\"wp-image-221647\" srcset=\"https:\/\/www.tucomarca.com\/wordpress\/segunda\/wp-content\/uploads\/2024\/05\/ChesteCertamenAteneo2.jpg 886w, https:\/\/www.tucomarca.com\/wordpress\/segunda\/wp-content\/uploads\/2024\/05\/ChesteCertamenAteneo2-300x200.jpg 300w, https:\/\/www.tucomarca.com\/wordpress\/segunda\/wp-content\/uploads\/2024\/05\/ChesteCertamenAteneo2-768x512.jpg 768w\" sizes=\"auto, (max-width: 886px) 100vw, 886px\" \/><\/figure>\n\n\n\n<figure class=\"wp-block-image size-large\"><img loading=\"lazy\" decoding=\"async\" width=\"886\" height=\"591\" data-id=\"221645\" src=\"https:\/\/www.tucomarca.com\/wordpress\/segunda\/wp-content\/uploads\/2024\/05\/ChesteCertamenAteneo1.jpg\" alt=\"\" class=\"wp-image-221645\" srcset=\"https:\/\/www.tucomarca.com\/wordpress\/segunda\/wp-content\/uploads\/2024\/05\/ChesteCertamenAteneo1.jpg 886w, https:\/\/www.tucomarca.com\/wordpress\/segunda\/wp-content\/uploads\/2024\/05\/ChesteCertamenAteneo1-300x200.jpg 300w, https:\/\/www.tucomarca.com\/wordpress\/segunda\/wp-content\/uploads\/2024\/05\/ChesteCertamenAteneo1-768x512.jpg 768w\" sizes=\"auto, (max-width: 886px) 100vw, 886px\" \/><\/figure>\n<\/figure>\n\n\n\n<p><strong>Listado de personas premiadas<\/strong><\/p>\n\n\n\n<p><strong>Poes\u00eda<\/strong><\/p>\n\n\n\n<p>Primera categor\u00eda:<\/p>\n\n\n\n<p>Primer premio a DAVID CATAL\u00c1 S\u00c1NCHEZ.<\/p>\n\n\n\n<p>Segundo premio a GORKA NAVARRO HERNANDO.<\/p>\n\n\n\n<p>Segunda categor\u00eda:&nbsp;<\/p>\n\n\n\n<p>Primer premio a SARA TAR\u00cdN MIRA<\/p>\n\n\n\n<p>Segundo premio a NATALIA VESELINOVA GARC\u00cdA<\/p>\n\n\n\n<p>Tercera categor\u00eda.<\/p>\n\n\n\n<p>Primer premio a JANA S\u00c1NCHEZ MART\u00cdNEZ<\/p>\n\n\n\n<p>Segundo premio a ALEXIS SACED\u00d3N MORENO,<\/p>\n\n\n\n<p>Quinta categor\u00eda:<\/p>\n\n\n\n<p>Primer premio a IRENE MAR\u00cdN RODR\u00cdGUEZ<\/p>\n\n\n\n<p>Segundo premio a MANUELA MIRA IB\u00c1\u00d1EZ,. &nbsp; &nbsp;<\/p>\n\n\n\n<p>Octava categor\u00eda:<\/p>\n\n\n\n<p>Primer premio a M\u00aa CARMEN HUERCIO HURRIAGA.<\/p>\n\n\n\n<p>Segundo premio a JOS\u00c9 MIGUEL MART\u00cdNEZ P\u00c9REZ.<\/p>\n\n\n\n<p><strong>Relatos cortos<\/strong><\/p>\n\n\n\n<p>Primera categor\u00eda:<\/p>\n\n\n\n<p>Primer premio a IRENE ROSELL\u00d3 GARC\u00cdA<\/p>\n\n\n\n<p>Segundo premio a CARMEN ROSELLA FORTEA<\/p>\n\n\n\n<p>Segunda categor\u00eda:&nbsp;<\/p>\n\n\n\n<p>Primer premio a CARLA RUIZ RUIZ<\/p>\n\n\n\n<p>Segundo premio a EMMANUEL BONILLA VELASQUES<\/p>\n\n\n\n<p>Tercera categor\u00eda<\/p>\n\n\n\n<p>Primer premio a ULISES CERD\u00c1N CARRI\u00d3N<\/p>\n\n\n\n<p>Segundo premio a LAURA CABEDO MORENO<\/p>\n\n\n\n<p>Cuarta categor\u00eda:&nbsp;<\/p>\n\n\n\n<p>Primer premio a LOLA S\u00c1NCHEZ VILA,<\/p>\n\n\n\n<p>Segundo premio a NATAN JOAQU\u00cdN BUZEY<\/p>\n\n\n\n<p>Quinta categor\u00eda:&nbsp;<\/p>\n\n\n\n<p>Primer premio a LAURA MANSO MORERA<\/p>\n\n\n\n<p>Segundo premio a PABLO CARRASCOSA LAMPARERO,<\/p>\n\n\n\n<p>Sexta categor\u00eda:&nbsp;<\/p>\n\n\n\n<p>Primer premio a XENIA MONTERO FUERTES.<\/p>\n\n\n\n<p>Segundo premio a BALMA SANMILL\u00c1N NAVARRO<\/p>\n\n\n\n<p>Octava categor\u00eda:<\/p>\n\n\n\n<p>Primer premio a CARMEN TAR\u00cdN M\u00c1\u00d1EZ.<\/p>\n\n\n\n<p>Segundo premio a LUC\u00cdA HERRERO MONZ\u00d3N<\/p>\n\n\n\n<p><strong>C\u00f3mic<\/strong><\/p>\n\n\n\n<p>Primera categor\u00eda:&nbsp;<\/p>\n\n\n\n<p>Primer premio a KEYLA HERN\u00c1NDEZ FORN\u00c9S<\/p>\n\n\n\n<p>Segundo premio a SARA MIREYA CONDORI COCA<\/p>\n\n\n\n<p>Tercera categor\u00eda:&nbsp;<\/p>\n\n\n\n<p>Primer premio a LOLA MONTOYA PERONA,<\/p>\n\n\n\n<p>Segundo premio a GABRIELA IZAR VALERA<\/p>\n","protected":false},"excerpt":{"rendered":"<div class=\"mh-excerpt\">El pasado martes, 30 de abril, se celebr\u00f3 la entrega de premios de la 23\u00aa edici\u00f3n del Certamen Literario Ateneo, una iniciativa de la Concejal\u00eda de Cultura, la Fundaci\u00f3n cajacheste y la sociedad Ateneo la <a class=\"mh-excerpt-more\" href=\"https:\/\/www.tucomarca.com\/wordpress\/segunda\/el-certamen-literario-ateneo-de-cheste-celebra-la-entrega-de-premios-de-su-23a-edicion\/\" title=\"El Certamen Literario Ateneo de Cheste celebra la entrega de premios de su 23\u00aa edici\u00f3n\">[+] <\/a><\/div>\n","protected":false},"author":12,"featured_media":221649,"comment_status":"open","ping_status":"open","sticky":false,"template":"","format":"gallery","meta":{"footnotes":""},"categories":[17,8,10,7,3],"tags":[19112,339,5952],"class_list":{"0":"post-221643","1":"post","2":"type-post","3":"status-publish","4":"format-gallery","5":"has-post-thumbnail","7":"category-cheste","8":"category-la-comarca","9":"category-la-hoya","10":"category-ocio-y-cultura","11":"category-seccion","12":"tag-certamen-literario-ateneo-la-alianza","13":"tag-cheste-2","14":"tag-la-hoya-de-bunol-chiva","15":"post_format-post-format-gallery"},"_links":{"self":[{"href":"https:\/\/www.tucomarca.com\/wordpress\/segunda\/wp-json\/wp\/v2\/posts\/221643","targetHints":{"allow":["GET"]}}],"collection":[{"href":"https:\/\/www.tucomarca.com\/wordpress\/segunda\/wp-json\/wp\/v2\/posts"}],"about":[{"href":"https:\/\/www.tucomarca.com\/wordpress\/segunda\/wp-json\/wp\/v2\/types\/post"}],"author":[{"embeddable":true,"href":"https:\/\/www.tucomarca.com\/wordpress\/segunda\/wp-json\/wp\/v2\/users\/12"}],"replies":[{"embeddable":true,"href":"https:\/\/www.tucomarca.com\/wordpress\/segunda\/wp-json\/wp\/v2\/comments?post=221643"}],"version-history":[{"count":0,"href":"https:\/\/www.tucomarca.com\/wordpress\/segunda\/wp-json\/wp\/v2\/posts\/221643\/revisions"}],"wp:featuredmedia":[{"embeddable":true,"href":"https:\/\/www.tucomarca.com\/wordpress\/segunda\/wp-json\/wp\/v2\/media\/221649"}],"wp:attachment":[{"href":"https:\/\/www.tucomarca.com\/wordpress\/segunda\/wp-json\/wp\/v2\/media?parent=221643"}],"wp:term":[{"taxonomy":"category","embeddable":true,"href":"https:\/\/www.tucomarca.com\/wordpress\/segunda\/wp-json\/wp\/v2\/categories?post=221643"},{"taxonomy":"post_tag","embeddable":true,"href":"https:\/\/www.tucomarca.com\/wordpress\/segunda\/wp-json\/wp\/v2\/tags?post=221643"}],"curies":[{"name":"wp","href":"https:\/\/api.w.org\/{rel}","templated":true}]}}