{"id":221859,"date":"2024-05-04T09:15:00","date_gmt":"2024-05-04T07:15:00","guid":{"rendered":"https:\/\/www.tucomarca.com\/wordpress\/segunda\/?p=221859"},"modified":"2024-05-04T13:41:23","modified_gmt":"2024-05-04T11:41:23","slug":"la-feria-del-vino-y-la-gastronomia-de-cheste-vinachest-celebrara-su-segunda-edicion-el-24-25-y-26-de-mayo","status":"publish","type":"post","link":"https:\/\/www.tucomarca.com\/wordpress\/segunda\/la-feria-del-vino-y-la-gastronomia-de-cheste-vinachest-celebrara-su-segunda-edicion-el-24-25-y-26-de-mayo\/","title":{"rendered":"La feria del vino y la gastronom\u00eda de Cheste, Vinachest celebrar\u00e1 su segunda edici\u00f3n el 24, 25 y 26 de mayo"},"content":{"rendered":"\n<p>La feria del vino y la gastronom\u00eda de Cheste, Vinachest, organizada por la Concejal\u00eda de Turismo, celebrar\u00e1 su segunda edici\u00f3n el fin de semana del 24, 25 y 26 de mayo. De nuevo, la plaza Doctor Cajal albergar\u00e1 un recinto de acceso libre y gratuito en el que se organizar\u00e1n catas de vino y se podr\u00e1 degustar una amplia oferta culinaria.<\/p>\n\n\n\n<p>Entre las bodegas participantes en esta edici\u00f3n estar\u00e1n Bodegas Reymos, la Cooperativa Vin\u00edcola San Pedro Ap\u00f3stol, la bodega Vinos y sabores Ecol\u00f3gicos de Requena, la Baron\u00eda de Tur\u00eds o la Mas\u00eda Bondia.<\/p>\n\n\n\n<p>El programa de la feria contar\u00e1 tambi\u00e9n con expositores de artesan\u00eda, actuaciones musicales en directo y talleres infantiles. Adem\u00e1s, el grupo de danzas de la localidad ofrecer\u00e1 una muestra de bailes tradicionales. &nbsp;<\/p>\n\n\n\n<p>Como novedad, este a\u00f1o Vinachest coincidir\u00e1 con la 10K chestana, que se celebrar\u00e1 el s\u00e1bado 25 de mayo a las 19:00, con salida y meta en las inmediaciones del recinto, desde la calle Chiva, y cuya entrega de premios se har\u00e1 desde el escenario de la feria, en la plaza Doctor Cajal.<\/p>\n\n\n\n<p>El programa de la feria se publicar\u00e1 en los pr\u00f3ximos d\u00edas en las plataformas informativas municipales.<\/p>\n","protected":false},"excerpt":{"rendered":"<div class=\"mh-excerpt\">La feria del vino y la gastronom\u00eda de Cheste, Vinachest, organizada por la Concejal\u00eda de Turismo, celebrar\u00e1 su segunda edici\u00f3n el fin de semana del 24, 25 y 26 de mayo. De nuevo, la plaza <a class=\"mh-excerpt-more\" href=\"https:\/\/www.tucomarca.com\/wordpress\/segunda\/la-feria-del-vino-y-la-gastronomia-de-cheste-vinachest-celebrara-su-segunda-edicion-el-24-25-y-26-de-mayo\/\" title=\"La feria del vino y la gastronom\u00eda de Cheste, Vinachest celebrar\u00e1 su segunda edici\u00f3n el 24, 25 y 26 de mayo\">[+] <\/a><\/div>\n","protected":false},"author":12,"featured_media":221860,"comment_status":"open","ping_status":"open","sticky":false,"template":"","format":"standard","meta":{"footnotes":""},"categories":[4,113,17,8,10,7,3],"tags":[339,19146,5952],"class_list":{"0":"post-221859","1":"post","2":"type-post","3":"status-publish","4":"format-standard","5":"has-post-thumbnail","7":"category-agenda","8":"category-vinos","9":"category-cheste","10":"category-la-comarca","11":"category-la-hoya","12":"category-ocio-y-cultura","13":"category-seccion","14":"tag-cheste-2","15":"tag-feria-del-vino-vinachest","16":"tag-la-hoya-de-bunol-chiva"},"_links":{"self":[{"href":"https:\/\/www.tucomarca.com\/wordpress\/segunda\/wp-json\/wp\/v2\/posts\/221859","targetHints":{"allow":["GET"]}}],"collection":[{"href":"https:\/\/www.tucomarca.com\/wordpress\/segunda\/wp-json\/wp\/v2\/posts"}],"about":[{"href":"https:\/\/www.tucomarca.com\/wordpress\/segunda\/wp-json\/wp\/v2\/types\/post"}],"author":[{"embeddable":true,"href":"https:\/\/www.tucomarca.com\/wordpress\/segunda\/wp-json\/wp\/v2\/users\/12"}],"replies":[{"embeddable":true,"href":"https:\/\/www.tucomarca.com\/wordpress\/segunda\/wp-json\/wp\/v2\/comments?post=221859"}],"version-history":[{"count":0,"href":"https:\/\/www.tucomarca.com\/wordpress\/segunda\/wp-json\/wp\/v2\/posts\/221859\/revisions"}],"wp:featuredmedia":[{"embeddable":true,"href":"https:\/\/www.tucomarca.com\/wordpress\/segunda\/wp-json\/wp\/v2\/media\/221860"}],"wp:attachment":[{"href":"https:\/\/www.tucomarca.com\/wordpress\/segunda\/wp-json\/wp\/v2\/media?parent=221859"}],"wp:term":[{"taxonomy":"category","embeddable":true,"href":"https:\/\/www.tucomarca.com\/wordpress\/segunda\/wp-json\/wp\/v2\/categories?post=221859"},{"taxonomy":"post_tag","embeddable":true,"href":"https:\/\/www.tucomarca.com\/wordpress\/segunda\/wp-json\/wp\/v2\/tags?post=221859"}],"curies":[{"name":"wp","href":"https:\/\/api.w.org\/{rel}","templated":true}]}}