{"id":221954,"date":"2024-05-04T14:00:00","date_gmt":"2024-05-04T12:00:00","guid":{"rendered":"https:\/\/www.tucomarca.com\/wordpress\/segunda\/?p=221954"},"modified":"2024-05-04T19:00:32","modified_gmt":"2024-05-04T17:00:32","slug":"las-bajas-temperaturas-causan-estragos-en-los-vinedos","status":"publish","type":"post","link":"https:\/\/www.tucomarca.com\/wordpress\/segunda\/las-bajas-temperaturas-causan-estragos-en-los-vinedos\/","title":{"rendered":"Las bajas temperaturas causan estragos en los vi\u00f1edos"},"content":{"rendered":"\n<p>Las bajas temperaturas que se vienen registrando durante las madrugadas, en Requena-Utiel, desde el d\u00eda 23 del pasado mes de abril, est\u00e1n causando estragos en los vi\u00f1edos, que se suman a los originados por la sequ\u00eda y la fauna silvestre, entre otras incidencias.<\/p>\n\n\n\n<p>Seg\u00fan el testimonio de los agricultores, hay da\u00f1os por heladas en muchas zonas y por marchitez fisiol\u00f3gica en la variedad aut\u00f3ctona de uva Bobal de la Denominaci\u00f3n de Origen Protegida Utiel-Requena, en grandes extensiones de vi\u00f1edos.<\/p>\n\n\n\n<p>Los da\u00f1os en las vides son evidentes, pero los agricultores advierten que todav\u00eda queda mucho da\u00f1o por aflorar, que saldr\u00e1 a medida que suban las temperaturas.<\/p>\n\n\n\n<p>Entre tanto, las vides cultivadas principalmente en parcelas de secano, cada d\u00eda que pasa muestran m\u00e1s los efectos de la sequ\u00eda. Abril fue seco, pero los primeros d\u00edas de mayo siguen en la misma l\u00ednea. Informa, <strong>Luis Ib\u00e1\u00f1ez.<\/strong><\/p>\n\n\n\n<p>Foto: cepas da\u00f1adas por el fr\u00edo en vi\u00f1as situadas a orillas del r\u00edo Magro.<\/p>\n","protected":false},"excerpt":{"rendered":"<div class=\"mh-excerpt\">Las bajas temperaturas que se vienen registrando durante las madrugadas, en Requena-Utiel, desde el d\u00eda 23 del pasado mes de abril, est\u00e1n causando estragos en los vi\u00f1edos, que se suman a los originados por la <a class=\"mh-excerpt-more\" href=\"https:\/\/www.tucomarca.com\/wordpress\/segunda\/las-bajas-temperaturas-causan-estragos-en-los-vinedos\/\" title=\"Las bajas temperaturas causan estragos en los vi\u00f1edos\">[+] <\/a><\/div>\n","protected":false},"author":12,"featured_media":221956,"comment_status":"open","ping_status":"open","sticky":false,"template":"","format":"standard","meta":{"footnotes":""},"categories":[169,128,8,117,28,27,3],"tags":[10388,10387],"class_list":{"0":"post-221954","1":"post","2":"type-post","3":"status-publish","4":"format-standard","5":"has-post-thumbnail","7":"category-agricultura-la-comarca","8":"category-infraestructuras","9":"category-la-comarca","10":"category-medio-ambiente-la-comarca","11":"category-requena","12":"category-requena-utiel","13":"category-seccion","14":"tag-requena","15":"tag-requena-utiel"},"_links":{"self":[{"href":"https:\/\/www.tucomarca.com\/wordpress\/segunda\/wp-json\/wp\/v2\/posts\/221954","targetHints":{"allow":["GET"]}}],"collection":[{"href":"https:\/\/www.tucomarca.com\/wordpress\/segunda\/wp-json\/wp\/v2\/posts"}],"about":[{"href":"https:\/\/www.tucomarca.com\/wordpress\/segunda\/wp-json\/wp\/v2\/types\/post"}],"author":[{"embeddable":true,"href":"https:\/\/www.tucomarca.com\/wordpress\/segunda\/wp-json\/wp\/v2\/users\/12"}],"replies":[{"embeddable":true,"href":"https:\/\/www.tucomarca.com\/wordpress\/segunda\/wp-json\/wp\/v2\/comments?post=221954"}],"version-history":[{"count":0,"href":"https:\/\/www.tucomarca.com\/wordpress\/segunda\/wp-json\/wp\/v2\/posts\/221954\/revisions"}],"wp:featuredmedia":[{"embeddable":true,"href":"https:\/\/www.tucomarca.com\/wordpress\/segunda\/wp-json\/wp\/v2\/media\/221956"}],"wp:attachment":[{"href":"https:\/\/www.tucomarca.com\/wordpress\/segunda\/wp-json\/wp\/v2\/media?parent=221954"}],"wp:term":[{"taxonomy":"category","embeddable":true,"href":"https:\/\/www.tucomarca.com\/wordpress\/segunda\/wp-json\/wp\/v2\/categories?post=221954"},{"taxonomy":"post_tag","embeddable":true,"href":"https:\/\/www.tucomarca.com\/wordpress\/segunda\/wp-json\/wp\/v2\/tags?post=221954"}],"curies":[{"name":"wp","href":"https:\/\/api.w.org\/{rel}","templated":true}]}}