{"id":221982,"date":"2024-05-04T22:00:00","date_gmt":"2024-05-04T20:00:00","guid":{"rendered":"https:\/\/www.tucomarca.com\/wordpress\/segunda\/?p=221982"},"modified":"2024-05-04T22:09:32","modified_gmt":"2024-05-04T20:09:32","slug":"un-nuevo-incendio-forestal-afecta-al-termino-municipal-de-riba-roja","status":"publish","type":"post","link":"https:\/\/www.tucomarca.com\/wordpress\/segunda\/un-nuevo-incendio-forestal-afecta-al-termino-municipal-de-riba-roja\/","title":{"rendered":"Un nuevo incendio forestal afecta al t\u00e9rmino municipal de Riba-roja"},"content":{"rendered":"\n<p>Las llamas han vuelto a castigar por tercera vez en apenas unos d\u00edas al  t\u00e9rmino municipal de Riba-roja del T\u00faria. Un nuevo incendio forestal se ha declarado este s\u00e1bado a las 14,11 horas. Hasta el lugar del incendio se han desplazado cinco medios a\u00e9reos, una brigada helitransportada, 3 unidades de brigadas forestales de la Generalitat valenciana, 4 autobombas, 4 brigadas forestales del Consorcio Provincial de Bomberos, un coordinador forestal, un t\u00e9cnico forestal, un sargento, un veh\u00edculo de bomberos de Valencia y voluntarios de N\u00e1quera.<\/p>\n\n\n\n<p>Las llamas han obligado adem\u00e1s a primera hora de la tarde al corte de la circulaci\u00f3n del Metro entre las estacionas de La Ca\u00f1ada y la Eliana, que se ha restablecido a las 19,21 horas.<\/p>\n\n\n\n<p>Una de las prioridades de los bomberos del Consorcio ha sido \u00abla protecci\u00f3n de la urbanizaci\u00f3n Mas\u00eda Traver, desplegando varias dotaciones que han estado trabajando intensamente para evitar la propagaci\u00f3n en las casas, objetivo que se ha conseguido\u00bb, seg\u00fan han informado fuentes de del Consorcio provincial de Bomberos. Aun as\u00ed, ha habido afectaci\u00f3n de un veh\u00edculo y tambi\u00e9n de parte de la valla perimetral de cipreses de una casa, todo sin da\u00f1os personales.<\/p>\n\n\n\n<p>En estos momentos se ha frenado el avance aunque el incendio no est\u00e1 estabilizado y siguen habiendo suficientes puntos calientes repartidos en un amplio per\u00edmetro y por tanto la previsi\u00f3n es que las dotaciones terrestres seguir\u00e1n trabajando a lo largo de toda la noche.<\/p>\n\n\n\n<p>A estas horas sigue trabajando todo el dispositivo terrestre y se han ido retirando algunos medios a\u00e9reos con la ca\u00edda de la noche.&nbsp;<\/p>\n\n\n\n<figure class=\"wp-block-gallery has-nested-images columns-2 is-cropped wp-block-gallery-1 is-layout-flex wp-block-gallery-is-layout-flex\">\n<figure class=\"wp-block-image size-large\"><img loading=\"lazy\" decoding=\"async\" width=\"886\" height=\"498\" data-id=\"221986\" src=\"https:\/\/www.tucomarca.com\/wordpress\/segunda\/wp-content\/uploads\/2024\/05\/RibaIncendio1.jpg\" alt=\"\" class=\"wp-image-221986\" srcset=\"https:\/\/www.tucomarca.com\/wordpress\/segunda\/wp-content\/uploads\/2024\/05\/RibaIncendio1.jpg 886w, https:\/\/www.tucomarca.com\/wordpress\/segunda\/wp-content\/uploads\/2024\/05\/RibaIncendio1-300x169.jpg 300w, https:\/\/www.tucomarca.com\/wordpress\/segunda\/wp-content\/uploads\/2024\/05\/RibaIncendio1-768x432.jpg 768w, https:\/\/www.tucomarca.com\/wordpress\/segunda\/wp-content\/uploads\/2024\/05\/RibaIncendio1-678x381.jpg 678w\" sizes=\"auto, (max-width: 886px) 100vw, 886px\" \/><\/figure>\n\n\n\n<figure class=\"wp-block-image size-large\"><img loading=\"lazy\" decoding=\"async\" width=\"886\" height=\"532\" data-id=\"221988\" src=\"https:\/\/www.tucomarca.com\/wordpress\/segunda\/wp-content\/uploads\/2024\/05\/RibaIncendio2.jpg\" alt=\"\" class=\"wp-image-221988\" srcset=\"https:\/\/www.tucomarca.com\/wordpress\/segunda\/wp-content\/uploads\/2024\/05\/RibaIncendio2.jpg 886w, https:\/\/www.tucomarca.com\/wordpress\/segunda\/wp-content\/uploads\/2024\/05\/RibaIncendio2-300x180.jpg 300w, https:\/\/www.tucomarca.com\/wordpress\/segunda\/wp-content\/uploads\/2024\/05\/RibaIncendio2-768x461.jpg 768w\" sizes=\"auto, (max-width: 886px) 100vw, 886px\" \/><\/figure>\n\n\n\n<figure class=\"wp-block-image size-large\"><img loading=\"lazy\" decoding=\"async\" width=\"886\" height=\"498\" data-id=\"221984\" src=\"https:\/\/www.tucomarca.com\/wordpress\/segunda\/wp-content\/uploads\/2024\/05\/RibaIncendio3.jpg\" alt=\"\" class=\"wp-image-221984\" srcset=\"https:\/\/www.tucomarca.com\/wordpress\/segunda\/wp-content\/uploads\/2024\/05\/RibaIncendio3.jpg 886w, https:\/\/www.tucomarca.com\/wordpress\/segunda\/wp-content\/uploads\/2024\/05\/RibaIncendio3-300x169.jpg 300w, https:\/\/www.tucomarca.com\/wordpress\/segunda\/wp-content\/uploads\/2024\/05\/RibaIncendio3-768x432.jpg 768w, https:\/\/www.tucomarca.com\/wordpress\/segunda\/wp-content\/uploads\/2024\/05\/RibaIncendio3-678x381.jpg 678w\" sizes=\"auto, (max-width: 886px) 100vw, 886px\" \/><\/figure>\n\n\n\n<figure class=\"wp-block-image size-large\"><img loading=\"lazy\" decoding=\"async\" width=\"1024\" height=\"576\" data-id=\"221992\" src=\"https:\/\/www.tucomarca.com\/wordpress\/segunda\/wp-content\/uploads\/2024\/05\/RibaIncendio6-1024x576.jpg\" alt=\"\" class=\"wp-image-221992\" srcset=\"https:\/\/www.tucomarca.com\/wordpress\/segunda\/wp-content\/uploads\/2024\/05\/RibaIncendio6-1024x576.jpg 1024w, https:\/\/www.tucomarca.com\/wordpress\/segunda\/wp-content\/uploads\/2024\/05\/RibaIncendio6-300x169.jpg 300w, https:\/\/www.tucomarca.com\/wordpress\/segunda\/wp-content\/uploads\/2024\/05\/RibaIncendio6-768x432.jpg 768w, https:\/\/www.tucomarca.com\/wordpress\/segunda\/wp-content\/uploads\/2024\/05\/RibaIncendio6-678x381.jpg 678w, https:\/\/www.tucomarca.com\/wordpress\/segunda\/wp-content\/uploads\/2024\/05\/RibaIncendio6.jpg 1181w\" sizes=\"auto, (max-width: 1024px) 100vw, 1024px\" \/><\/figure>\n\n\n\n<figure class=\"wp-block-image size-large\"><img loading=\"lazy\" decoding=\"async\" width=\"1024\" height=\"576\" data-id=\"221990\" src=\"https:\/\/www.tucomarca.com\/wordpress\/segunda\/wp-content\/uploads\/2024\/05\/RibaIncendio5-1024x576.jpg\" alt=\"\" class=\"wp-image-221990\" srcset=\"https:\/\/www.tucomarca.com\/wordpress\/segunda\/wp-content\/uploads\/2024\/05\/RibaIncendio5-1024x576.jpg 1024w, https:\/\/www.tucomarca.com\/wordpress\/segunda\/wp-content\/uploads\/2024\/05\/RibaIncendio5-300x169.jpg 300w, https:\/\/www.tucomarca.com\/wordpress\/segunda\/wp-content\/uploads\/2024\/05\/RibaIncendio5-768x432.jpg 768w, https:\/\/www.tucomarca.com\/wordpress\/segunda\/wp-content\/uploads\/2024\/05\/RibaIncendio5-678x381.jpg 678w, https:\/\/www.tucomarca.com\/wordpress\/segunda\/wp-content\/uploads\/2024\/05\/RibaIncendio5.jpg 1181w\" sizes=\"auto, (max-width: 1024px) 100vw, 1024px\" \/><\/figure>\n<\/figure>\n","protected":false},"excerpt":{"rendered":"<div class=\"mh-excerpt\">Las llamas han vuelto a castigar por tercera vez en apenas unos d\u00edas al t\u00e9rmino municipal de Riba-roja del T\u00faria. Un nuevo incendio forestal se ha declarado este s\u00e1bado a las 14,11 horas. Hasta el <a class=\"mh-excerpt-more\" href=\"https:\/\/www.tucomarca.com\/wordpress\/segunda\/un-nuevo-incendio-forestal-afecta-al-termino-municipal-de-riba-roja\/\" title=\"Un nuevo incendio forestal afecta al t\u00e9rmino municipal de Riba-roja\">[+] <\/a><\/div>\n","protected":false},"author":12,"featured_media":221994,"comment_status":"open","ping_status":"open","sticky":false,"template":"","format":"gallery","meta":{"footnotes":""},"categories":[46,128,8,117,182,3,116,45],"tags":[10395,12830,212,15023],"class_list":{"0":"post-221982","1":"post","2":"type-post","3":"status-publish","4":"format-gallery","5":"has-post-thumbnail","7":"category-camp-de-turia","8":"category-infraestructuras","9":"category-la-comarca","10":"category-medio-ambiente-la-comarca","11":"category-riba-roja","12":"category-seccion","13":"category-sucesos-la-comarca","14":"category-ventana","15":"tag-camp-de-turia","16":"tag-consorcio-provincial-de-bomberos-de-valencia","17":"tag-incendio","18":"tag-riba-roja-de-turia","19":"post_format-post-format-gallery"},"_links":{"self":[{"href":"https:\/\/www.tucomarca.com\/wordpress\/segunda\/wp-json\/wp\/v2\/posts\/221982","targetHints":{"allow":["GET"]}}],"collection":[{"href":"https:\/\/www.tucomarca.com\/wordpress\/segunda\/wp-json\/wp\/v2\/posts"}],"about":[{"href":"https:\/\/www.tucomarca.com\/wordpress\/segunda\/wp-json\/wp\/v2\/types\/post"}],"author":[{"embeddable":true,"href":"https:\/\/www.tucomarca.com\/wordpress\/segunda\/wp-json\/wp\/v2\/users\/12"}],"replies":[{"embeddable":true,"href":"https:\/\/www.tucomarca.com\/wordpress\/segunda\/wp-json\/wp\/v2\/comments?post=221982"}],"version-history":[{"count":0,"href":"https:\/\/www.tucomarca.com\/wordpress\/segunda\/wp-json\/wp\/v2\/posts\/221982\/revisions"}],"wp:featuredmedia":[{"embeddable":true,"href":"https:\/\/www.tucomarca.com\/wordpress\/segunda\/wp-json\/wp\/v2\/media\/221994"}],"wp:attachment":[{"href":"https:\/\/www.tucomarca.com\/wordpress\/segunda\/wp-json\/wp\/v2\/media?parent=221982"}],"wp:term":[{"taxonomy":"category","embeddable":true,"href":"https:\/\/www.tucomarca.com\/wordpress\/segunda\/wp-json\/wp\/v2\/categories?post=221982"},{"taxonomy":"post_tag","embeddable":true,"href":"https:\/\/www.tucomarca.com\/wordpress\/segunda\/wp-json\/wp\/v2\/tags?post=221982"}],"curies":[{"name":"wp","href":"https:\/\/api.w.org\/{rel}","templated":true}]}}