{"id":222206,"date":"2024-05-05T10:00:00","date_gmt":"2024-05-05T08:00:00","guid":{"rendered":"https:\/\/www.tucomarca.com\/wordpress\/segunda\/?p=222206"},"modified":"2024-05-07T20:00:10","modified_gmt":"2024-05-07T18:00:10","slug":"200-historias-llegan-a-la-final-de-la-16a-edicion-del-concurso-literario-amic-ficcions","status":"publish","type":"post","link":"https:\/\/www.tucomarca.com\/wordpress\/segunda\/200-historias-llegan-a-la-final-de-la-16a-edicion-del-concurso-literario-amic-ficcions\/","title":{"rendered":"200 historias llegan a la final de la 16\u00aa edici\u00f3n del concurso literario AMIC-Ficcions"},"content":{"rendered":"\n<h3 class=\"wp-block-heading\">Un total de treinta y cinco docentes de Catalu\u00f1a, Islas Baleares, Pa\u00eds Valenciano y Arag\u00f3n son finalistas en la categor\u00eda de profesor m\u00e1s motivador del certamen.<\/h3>\n\n\n\n<p>La decimosexta edici\u00f3n del concurso literario AMIC-Ficcions ha presentado su listado de finalistas. De las 2.336 historias publicadas que se subieron durante el plazo del concurso, el jurado, formado por personas vinculadas al mundo literario y de la educaci\u00f3n, ha seleccionado 200 grupos finalistas: 119 de Catalu\u00f1a (187 alumnos), 44 del Pa\u00eds Valenciano (71 chicos y chicas), 34 de las Islas Baleares (54 alumnos) y 3 grupos de Arag\u00f3n (5 alumnos).<\/p>\n\n\n<div class=\"wp-block-image\">\n<figure class=\"alignright size-full is-resized\"><img loading=\"lazy\" decoding=\"async\" width=\"886\" height=\"962\" src=\"https:\/\/www.tucomarca.com\/wordpress\/segunda\/wp-content\/uploads\/2024\/05\/AmicFiccions16ed.jpg\" alt=\"\" class=\"wp-image-222209\" style=\"width:424px;height:auto\" srcset=\"https:\/\/www.tucomarca.com\/wordpress\/segunda\/wp-content\/uploads\/2024\/05\/AmicFiccions16ed.jpg 886w, https:\/\/www.tucomarca.com\/wordpress\/segunda\/wp-content\/uploads\/2024\/05\/AmicFiccions16ed-276x300.jpg 276w, https:\/\/www.tucomarca.com\/wordpress\/segunda\/wp-content\/uploads\/2024\/05\/AmicFiccions16ed-768x834.jpg 768w\" sizes=\"auto, (max-width: 886px) 100vw, 886px\" \/><\/figure>\n<\/div>\n\n\n<p>Mientras que entre el profesorado que ha animado a los j\u00f3venes a participar, el jurado ha seleccionado 35 docentes finalistas de los siguientes territorios: 20 de Catalu\u00f1a, 6 de Islas Baleares, 7 del Pa\u00eds Valenciano y 2 de Arag\u00f3n.<\/p>\n\n\n\n<p>El concurso literario juvenil AMIC-Ficcions, la aventura de crear historias, cerr\u00f3 la decimosexta edici\u00f3n con una participaci\u00f3n r\u00e9cord en cuanto al nivel de implicaci\u00f3n del alumnado con un incremento de m\u00e1s del 30% de los grupos que han publicado el 1.\u00ba cap\u00edtulo dentro del certamen de creaci\u00f3n literaria, con un total de 2.336 historias presentadas a trav\u00e9s de la p\u00e1gina web del concurso, logrando as\u00ed el r\u00e9cord de participaciones en la historia del concurso.<\/p>\n\n\n\n<p>Esta actividad de fomento de la escritura y la lectura en catal\u00e1n entre los j\u00f3venes a trav\u00e9s de la red vuelve a contar con el apoyo de la Fundaci\u00f3n Carulla, Editorial Barcino, Fundaci\u00f3n Jordi Sierra i Fabra, la Secretar\u00eda de Pol\u00edtica Ling\u00fc\u00edstica del Departamento de Cultura de la Generalitat de Catalu\u00f1a, la Conselleria de Turismo, Cultura y Deportes del Gobierno de las Islas Baleares y del Instituto de Estudios Bale\u00e1ricos. Hay que remarcar que ha habido presencia de participantes de las tres provincias que conforman Arag\u00f3n, 32 estudiantes de Huesca, 18 m\u00e1s que en la edici\u00f3n anterior, y 5 estudiantes de Zaragoza, consolidando, un a\u00f1o m\u00e1s, la presencia de estudiantes de este territorio al concurso.<\/p>\n\n\n\n<p>Para cubrir todo el territorio, el concurso AMIC-Ficcions ha organizado cinco actas de entregas de premios en Menorca (7 de mayo), Ibiza (9 de mayo), Val\u00e8ncia (14 de mayo) y Mallorca (16 de mayo). Y, finalmente, se celebrar\u00e1 la gran final en Barcelona mi\u00e9rcoles 22 de mayo en el Caixaforum Barcelona que se encuentra a Avda. Francesc Ferrer i Gu\u00e0rdia, 6-8 de Barcelona.<\/p>\n\n\n\n<p>Los premios de la edici\u00f3n de este a\u00f1o son: iPhone, PlayStation, iPad, libro electr\u00f3nico, smartwatch y auriculares inal\u00e1mbricos. Tambi\u00e9n se premiar\u00e1n a los docentes m\u00e1s motivadores de los diferentes territorios que m\u00e1s alumnos hayan presentado al concurso y, entre los cuales, m\u00e1s ficcions@amic.media \/ 93 452 73 71 \/ www.amicficcions.cat relatos hayan llegado a la final. Entre los premios al profesorado por provincias saldr\u00e1 el premio al Profesor\/a m\u00e1s motivador de cada territorio, el cual estar\u00e1 galardonado con una estancia para dos personas de dos d\u00edas con cena o almorzar incluido.<\/p>\n\n\n\n<p><strong>Organiza AMIC, compromiso con la educaci\u00f3n<\/strong><\/p>\n\n\n\n<p>AMIC, Asociaci\u00f3n de mediados de Informaci\u00f3n y Comunicaci\u00f3n, representa adem\u00e1s de quinientos cincuenta medios impresos, digitales y audiovisuales de proximidad, tem\u00e1ticos Y generalistas fuertemente arraigados en todo nuestro \u00e1mbito territorial, que conjuntamente llegan a una tirada en prensa de 1.300.000 ejemplares, mientras que en digital superan los 14.000.000 de usuarios \u00fanicos mensuales.<\/p>\n\n\n\n<p>La Asociaci\u00f3n quiere dar continuidad y potenciar esta iniciativa en la red que cuenta con un gran \u00e9xito de participaci\u00f3n de los j\u00f3venes y que tiene la voluntad de promover la creaci\u00f3n literaria, porque forma parte de su compromiso con la educaci\u00f3n, la juventud y la creaci\u00f3n.<\/p>\n","protected":false},"excerpt":{"rendered":"<div class=\"mh-excerpt\">Un total de treinta y cinco docentes de Catalu\u00f1a, Islas Baleares, Pa\u00eds Valenciano y Arag\u00f3n son finalistas en la categor\u00eda de profesor m\u00e1s motivador del certamen. La decimosexta edici\u00f3n del concurso literario AMIC-Ficcions ha presentado <a class=\"mh-excerpt-more\" href=\"https:\/\/www.tucomarca.com\/wordpress\/segunda\/200-historias-llegan-a-la-final-de-la-16a-edicion-del-concurso-literario-amic-ficcions\/\" title=\"200 historias llegan a la final de la 16\u00aa edici\u00f3n del concurso literario AMIC-Ficcions\">[+] <\/a><\/div>\n","protected":false},"author":12,"featured_media":222209,"comment_status":"open","ping_status":"open","sticky":false,"template":"","format":"standard","meta":{"footnotes":""},"categories":[8,72,7,3],"tags":[13091],"class_list":{"0":"post-222206","1":"post","2":"type-post","3":"status-publish","4":"format-standard","5":"has-post-thumbnail","7":"category-la-comarca","8":"category-sin-categorizar","9":"category-ocio-y-cultura","10":"category-seccion","11":"tag-amic-ficcions"},"_links":{"self":[{"href":"https:\/\/www.tucomarca.com\/wordpress\/segunda\/wp-json\/wp\/v2\/posts\/222206","targetHints":{"allow":["GET"]}}],"collection":[{"href":"https:\/\/www.tucomarca.com\/wordpress\/segunda\/wp-json\/wp\/v2\/posts"}],"about":[{"href":"https:\/\/www.tucomarca.com\/wordpress\/segunda\/wp-json\/wp\/v2\/types\/post"}],"author":[{"embeddable":true,"href":"https:\/\/www.tucomarca.com\/wordpress\/segunda\/wp-json\/wp\/v2\/users\/12"}],"replies":[{"embeddable":true,"href":"https:\/\/www.tucomarca.com\/wordpress\/segunda\/wp-json\/wp\/v2\/comments?post=222206"}],"version-history":[{"count":0,"href":"https:\/\/www.tucomarca.com\/wordpress\/segunda\/wp-json\/wp\/v2\/posts\/222206\/revisions"}],"wp:featuredmedia":[{"embeddable":true,"href":"https:\/\/www.tucomarca.com\/wordpress\/segunda\/wp-json\/wp\/v2\/media\/222209"}],"wp:attachment":[{"href":"https:\/\/www.tucomarca.com\/wordpress\/segunda\/wp-json\/wp\/v2\/media?parent=222206"}],"wp:term":[{"taxonomy":"category","embeddable":true,"href":"https:\/\/www.tucomarca.com\/wordpress\/segunda\/wp-json\/wp\/v2\/categories?post=222206"},{"taxonomy":"post_tag","embeddable":true,"href":"https:\/\/www.tucomarca.com\/wordpress\/segunda\/wp-json\/wp\/v2\/tags?post=222206"}],"curies":[{"name":"wp","href":"https:\/\/api.w.org\/{rel}","templated":true}]}}