{"id":222281,"date":"2024-05-07T13:00:00","date_gmt":"2024-05-07T11:00:00","guid":{"rendered":"https:\/\/www.tucomarca.com\/wordpress\/segunda\/?p=222281"},"modified":"2024-05-07T19:34:39","modified_gmt":"2024-05-07T17:34:39","slug":"sanidad-invierte-mas-de-114-millones-de-euros-para-ampliar-la-plantilla-del-departamento-de-salud-de-manises-hasta-las-2-560-plazas","status":"publish","type":"post","link":"https:\/\/www.tucomarca.com\/wordpress\/segunda\/sanidad-invierte-mas-de-114-millones-de-euros-para-ampliar-la-plantilla-del-departamento-de-salud-de-manises-hasta-las-2-560-plazas\/","title":{"rendered":"Sanidad invierte m\u00e1s de 114 millones de euros para ampliar la plantilla del departamento de salud de Manises hasta las 2.560 plazas"},"content":{"rendered":"\n<h3 class=\"wp-block-heading\">Desde el d\u00eda 7 de mayo, la Generalitat asume la gesti\u00f3n directa del departamento de salud de Manises.<\/h3>\n\n\n\n<h3 class=\"wp-block-heading\">La Conselleria aumenta la plantilla en un 20,24 % para ofrecer la mejor atenci\u00f3n sanitaria a la poblaci\u00f3n asignada a este departamento de salud.<\/h3>\n\n\n\n<h3 class=\"wp-block-heading\">En concreto, se crean 431 nuevas plazas, se subroga a 1.831 profesionales y 298 es ya personal estatutario.<\/h3>\n\n\n\n<p>El conseller de Sanidad, Marciano G\u00f3mez, ha se\u00f1alado durante su visita al Hospital de Manises el primer d\u00eda en que la Conselleria de Sanidad asume la gesti\u00f3n directa de este departamento de salud, que la ciudadan\u00eda va a contar con la mejor atenci\u00f3n sanitaria \u201cy para ello, vamos a destinar m\u00e1s de 114 millones de euros para ampliar la plantilla de este departamento de salud hasta alcanzar las 2.560 plazas\u201d.&nbsp;<\/p>\n\n\n\n<p>En concreto, a partir de este martes la nueva plantilla queda formada por 1.831 puestos correspondientes al personal subrogado, en los que tambi\u00e9n est\u00e1n incluidos los profesionales del laboratorio; 431 nuevas plazas de nueva creaci\u00f3n que ya est\u00e1n en proceso de cobertura; y el personal estatutario dependiente de la Conselleria con el que ya contaba el departamento de salud y que asciende a 298 profesionales.<\/p>\n\n\n\n<p>En este sentido, \u201cSanidad ha aumentado en un 20,24 % la plantilla que desempe\u00f1a su labor en los centros que conforman el departamento de salud de Manises, tanto centros de primaria como el centro hospitalario, para responder a la demanda asistencial de los ciudadanos de esta localidad\u201d, ha se\u00f1alado el conseller.<\/p>\n\n\n\n<p>Por otro lado, seg\u00fan ha explicado G\u00f3mez, desde que se comunic\u00f3 la finalizaci\u00f3n del contrato con la concesionaria el pasado mes de octubre, la Conselleria ha trabajado para llevar a cabo \u201cun proceso de cambio de gesti\u00f3n de forma planificada, ordenada y sosegada\u201d. El conseller ha puesto en valor que \u201cha sido una decisi\u00f3n alejada de ideolog\u00edas y sectarismos, y priorizando principalmente aquello que resultara m\u00e1s beneficioso para los pacientes, ya que constituyen el eje central de nuestro sistema sanitario\u201d.<\/p>\n\n\n\n<p>Asimismo, durante su visita el conseller ha anunciado que la nueva gerente del departamento de salud de Manises ser\u00e1 Beatriz G\u00f3mez, hasta ahora comisionada de la Conselleria en el departamento, y ha mantenido una reuni\u00f3n con los jefes de servicio y el comit\u00e9 de empresa.<\/p>\n\n\n\n<p>Durante su visita, G\u00f3mez ha estado acompa\u00f1ado por el secretario auton\u00f3mico de Planificaci\u00f3n, Informaci\u00f3n y Transformaci\u00f3n Digital, Bernardo Valdivieso; el director general de Gesti\u00f3n Econ\u00f3mica e Infraestructuras, Pedro L\u00f3pez; la directora general de Farmacia, Elena Gras; la directora general de Atenci\u00f3n Hospitalaria, Mar\u00eda Jes\u00fas Arilla y la directora general de Personal, Amparo Pinazo.<\/p>\n\n\n\n<p>El conseller ha trasladado a todo el personal y a la empresa concesionaria saliente su agradecimiento por \u201cel intenso trabajo realizado por parte de todos para que este cambio a gesti\u00f3n directa se haya realizado de una manera impecable y sin incidentes, de modo que no afectara al ritmo asistencial y que no repercutiera en la atenci\u00f3n sanitaria que reciben los pacientes\u201d.<\/p>\n\n\n\n<p><strong>ASI Valencia Oeste<\/strong><\/p>\n\n\n\n<p>Por otro lado, el departamento de salud de Manises se va a integrar en la Agrupaci\u00f3n Sanitaria Interdepartamental (ASI) Valencia Oeste, de la que forman parte tambi\u00e9n los departamentos de salud del Hospital General de Val\u00e8ncia y el de Requena.<\/p>\n\n\n\n<p>G\u00f3mez ha explicado que se inicia una nueva etapa para este departamento, en el que se est\u00e1 trabajando ya desde la Conselleria de Sanidad \u201cporque comienza una planificaci\u00f3n global en esta agrupaci\u00f3n sanitaria para adecuar la cartera de servicios a las necesidades de los ciudadanos asignados a estos departamentos\u201d.<\/p>\n\n\n\n<p>En cuanto a las inversiones en el departamento de salud de Manises, Sanidad est\u00e1 trabajando en la mejora del Centro Sanitario Integrado de Bu\u00f1ol. En concreto, el conseller ha indicado que \u201chay una planificaci\u00f3n para que el CSI de Bu\u00f1ol cuente con un \u00e1rea de Neurorrehabilitaci\u00f3n y Rehabilitaci\u00f3n, de manera que los pacientes no tengan que desplazarse\u201d.<\/p>\n\n\n\n<p>Asimismo, est\u00e1 prevista una dotaci\u00f3n presupuestaria de siete millones de euros para el nuevo centro de salud de Riba-roja, que est\u00e1 previsto que pueda estar finalizado para el a\u00f1o 2027.<\/p>\n\n\n\n<p>Adem\u00e1s, actualmente se est\u00e1 realizando la primera fase de las obras del Hospital Militar, que finalizar\u00e1 el pr\u00f3ximo mes de diciembre de 2024, y est\u00e1 prevista una segunda fase que se espera que est\u00e9 finalizada en 2027.<\/p>\n","protected":false},"excerpt":{"rendered":"<div class=\"mh-excerpt\">Desde el d\u00eda 7 de mayo, la Generalitat asume la gesti\u00f3n directa del departamento de salud de Manises. La Conselleria aumenta la plantilla en un 20,24 % para ofrecer la mejor atenci\u00f3n sanitaria a la <a class=\"mh-excerpt-more\" href=\"https:\/\/www.tucomarca.com\/wordpress\/segunda\/sanidad-invierte-mas-de-114-millones-de-euros-para-ampliar-la-plantilla-del-departamento-de-salud-de-manises-hasta-las-2-560-plazas\/\" title=\"Sanidad invierte m\u00e1s de 114 millones de euros para ampliar la plantilla del departamento de salud de Manises hasta las 2.560 plazas\">[+] <\/a><\/div>\n","protected":false},"author":12,"featured_media":222282,"comment_status":"open","ping_status":"open","sticky":false,"template":"","format":"standard","meta":{"footnotes":""},"categories":[19,18,46,119,17,16,14,128,8,72,10,42,178,13,142,182,3,43,45,11],"tags":[10635,11478,136],"class_list":{"0":"post-222281","1":"post","2":"type-post","3":"status-publish","4":"format-standard","5":"has-post-thumbnail","7":"category-alborache","8":"category-bunol","9":"category-camp-de-turia","10":"category-sanidad-la-comarca","11":"category-cheste","12":"category-chiva","13":"category-godelleta","14":"category-infraestructuras","15":"category-la-comarca","16":"category-sin-categorizar","17":"category-la-hoya","18":"category-la-ribera","19":"category-loriguilla","20":"category-macastre","21":"category-politica-la-comarca","22":"category-riba-roja","23":"category-seccion","24":"category-turis","25":"category-ventana","26":"category-yatova","27":"tag-conselleria-de-sanitat","28":"tag-departamento-de-salud-de-manises","29":"tag-hospital-de-manises"},"_links":{"self":[{"href":"https:\/\/www.tucomarca.com\/wordpress\/segunda\/wp-json\/wp\/v2\/posts\/222281","targetHints":{"allow":["GET"]}}],"collection":[{"href":"https:\/\/www.tucomarca.com\/wordpress\/segunda\/wp-json\/wp\/v2\/posts"}],"about":[{"href":"https:\/\/www.tucomarca.com\/wordpress\/segunda\/wp-json\/wp\/v2\/types\/post"}],"author":[{"embeddable":true,"href":"https:\/\/www.tucomarca.com\/wordpress\/segunda\/wp-json\/wp\/v2\/users\/12"}],"replies":[{"embeddable":true,"href":"https:\/\/www.tucomarca.com\/wordpress\/segunda\/wp-json\/wp\/v2\/comments?post=222281"}],"version-history":[{"count":0,"href":"https:\/\/www.tucomarca.com\/wordpress\/segunda\/wp-json\/wp\/v2\/posts\/222281\/revisions"}],"wp:featuredmedia":[{"embeddable":true,"href":"https:\/\/www.tucomarca.com\/wordpress\/segunda\/wp-json\/wp\/v2\/media\/222282"}],"wp:attachment":[{"href":"https:\/\/www.tucomarca.com\/wordpress\/segunda\/wp-json\/wp\/v2\/media?parent=222281"}],"wp:term":[{"taxonomy":"category","embeddable":true,"href":"https:\/\/www.tucomarca.com\/wordpress\/segunda\/wp-json\/wp\/v2\/categories?post=222281"},{"taxonomy":"post_tag","embeddable":true,"href":"https:\/\/www.tucomarca.com\/wordpress\/segunda\/wp-json\/wp\/v2\/tags?post=222281"}],"curies":[{"name":"wp","href":"https:\/\/api.w.org\/{rel}","templated":true}]}}