{"id":222340,"date":"2024-05-07T18:00:00","date_gmt":"2024-05-07T16:00:00","guid":{"rendered":"https:\/\/www.tucomarca.com\/wordpress\/segunda\/?p=222340"},"modified":"2024-05-07T20:40:10","modified_gmt":"2024-05-07T18:40:10","slug":"un-vehiculo-se-da-a-la-fuga-tras-atropellar-a-un-ciclista-en-algemesi","status":"publish","type":"post","link":"https:\/\/www.tucomarca.com\/wordpress\/segunda\/un-vehiculo-se-da-a-la-fuga-tras-atropellar-a-un-ciclista-en-algemesi\/","title":{"rendered":"Un veh\u00edculo se da a la fuga tras atropellar a un ciclista en Algemes\u00ed"},"content":{"rendered":"\n<p>Un ciclista ha resultado herido al ser atropellado por un veh\u00edculo cerca de una de las rotondas de entrada a Algemes\u00ed, tal como han informado fuentes del Consorcio Provincial de Bomberos que han atendido al herido.<\/p>\n\n\n\n<p>Los bomberos de Alzira han atendido esta ma\u00f1ana a un ciclista que hab\u00eda sido atropellado por la zona de la Sequia Secans de Algemes\u00ed, al parecer el veh\u00edculo que lo ha atropellado no ha parado. <\/p>\n\n\n\n<p>El herido, un hombre de 50 a\u00f1os, ha sido atendido por un SAMU y trasladado en una Unidad Soporte Vital B\u00e1sico al Hospital de La Ribera con policontusiones a causa del golpe.<\/p>\n","protected":false},"excerpt":{"rendered":"<div class=\"mh-excerpt\">Un ciclista ha resultado herido al ser atropellado por un veh\u00edculo cerca de una de las rotondas de entrada a Algemes\u00ed, tal como han informado fuentes del Consorcio Provincial de Bomberos que han atendido al <a class=\"mh-excerpt-more\" href=\"https:\/\/www.tucomarca.com\/wordpress\/segunda\/un-vehiculo-se-da-a-la-fuga-tras-atropellar-a-un-ciclista-en-algemesi\/\" title=\"Un veh\u00edculo se da a la fuga tras atropellar a un ciclista en Algemes\u00ed\">[+] <\/a><\/div>\n","protected":false},"author":1,"featured_media":222343,"comment_status":"open","ping_status":"open","sticky":false,"template":"","format":"standard","meta":{"footnotes":""},"categories":[99,8,42,3,116,45],"tags":[10409,15821,1407],"class_list":{"0":"post-222340","1":"post","2":"type-post","3":"status-publish","4":"format-standard","5":"has-post-thumbnail","7":"category-algemesi","8":"category-la-comarca","9":"category-la-ribera","10":"category-seccion","11":"category-sucesos-la-comarca","12":"category-ventana","13":"tag-algemesi","14":"tag-bomberos-de-alzira","15":"tag-ribera-alta"},"_links":{"self":[{"href":"https:\/\/www.tucomarca.com\/wordpress\/segunda\/wp-json\/wp\/v2\/posts\/222340","targetHints":{"allow":["GET"]}}],"collection":[{"href":"https:\/\/www.tucomarca.com\/wordpress\/segunda\/wp-json\/wp\/v2\/posts"}],"about":[{"href":"https:\/\/www.tucomarca.com\/wordpress\/segunda\/wp-json\/wp\/v2\/types\/post"}],"author":[{"embeddable":true,"href":"https:\/\/www.tucomarca.com\/wordpress\/segunda\/wp-json\/wp\/v2\/users\/1"}],"replies":[{"embeddable":true,"href":"https:\/\/www.tucomarca.com\/wordpress\/segunda\/wp-json\/wp\/v2\/comments?post=222340"}],"version-history":[{"count":0,"href":"https:\/\/www.tucomarca.com\/wordpress\/segunda\/wp-json\/wp\/v2\/posts\/222340\/revisions"}],"wp:featuredmedia":[{"embeddable":true,"href":"https:\/\/www.tucomarca.com\/wordpress\/segunda\/wp-json\/wp\/v2\/media\/222343"}],"wp:attachment":[{"href":"https:\/\/www.tucomarca.com\/wordpress\/segunda\/wp-json\/wp\/v2\/media?parent=222340"}],"wp:term":[{"taxonomy":"category","embeddable":true,"href":"https:\/\/www.tucomarca.com\/wordpress\/segunda\/wp-json\/wp\/v2\/categories?post=222340"},{"taxonomy":"post_tag","embeddable":true,"href":"https:\/\/www.tucomarca.com\/wordpress\/segunda\/wp-json\/wp\/v2\/tags?post=222340"}],"curies":[{"name":"wp","href":"https:\/\/api.w.org\/{rel}","templated":true}]}}