{"id":222346,"date":"2024-05-07T20:00:00","date_gmt":"2024-05-07T18:00:00","guid":{"rendered":"https:\/\/www.tucomarca.com\/wordpress\/segunda\/?p=222346"},"modified":"2024-05-07T20:30:35","modified_gmt":"2024-05-07T18:30:35","slug":"video-natalia-enguix-sobre-las-fosas-del-franquismo-estamos-por-encima-de-la-confrontacion-politica-queremos-estar-al-lado-de-las-familias-y-dignificar-la-historia","status":"publish","type":"post","link":"https:\/\/www.tucomarca.com\/wordpress\/segunda\/video-natalia-enguix-sobre-las-fosas-del-franquismo-estamos-por-encima-de-la-confrontacion-politica-queremos-estar-al-lado-de-las-familias-y-dignificar-la-historia\/","title":{"rendered":"V\u00eddeo. Natalia Enguix sobre &#8216;Las fosas del franquismo&#8217;: \u00abEstamos por encima de la confrontaci\u00f3n pol\u00edtica; queremos estar al lado de las familias y dignificar la historia\u00bb"},"content":{"rendered":"\n<h3 class=\"wp-block-heading\">La Diputaci\u00f3 de Val\u00e8ncia completa con \u00e9xito el programa multicultural &#8216;Les fosses del franquisme\u2019 con m\u00e1s de 40.000 visitas.<\/h3>\n\n\n\n<h3 class=\"wp-block-heading\">La colaboraci\u00f3n entre Cultura y Memoria Democr\u00e1tica \u201cha hecho part\u00edcipe a la sociedad, huyendo de batallas partidistas y ofreciendo a los j\u00f3venes la verdad sobre una historia que se cont\u00f3 incompleta\u201d, como destaca Nat\u00e0lia Enguix.<\/h3>\n\n\n\n<figure class=\"wp-block-embed is-type-video is-provider-youtube wp-block-embed-youtube wp-embed-aspect-16-9 wp-has-aspect-ratio\"><div class=\"wp-block-embed__wrapper\">\n<iframe loading=\"lazy\" title=\"La Diputaci\u00f3 tanca amb \u00e8xit el programa multicultural &#039;Les fosses del franquisme\u2019 amb 40.000 visites\" width=\"500\" height=\"281\" src=\"https:\/\/www.youtube.com\/embed\/fwuIfmjqTOY?feature=oembed\" frameborder=\"0\" allow=\"accelerometer; autoplay; clipboard-write; encrypted-media; gyroscope; picture-in-picture; web-share\" referrerpolicy=\"strict-origin-when-cross-origin\" allowfullscreen><\/iframe>\n<\/div><\/figure>\n\n\n\n<p>La representaci\u00f3n de la obra \u2018El enterrador\u2019 en el Teatro Principal ha cerrado con \u00e9xito el programa multicultural \u2018Les fosses del franquisme\u2019 de la Diputaci\u00f3 de Val\u00e8ncia, que en los \u00faltimos diez meses ha llegado a m\u00e1s de 40.000 personas a trav\u00e9s de conferencias, proyecciones, exposiciones y publicaciones de libros, entre otras actividades. La propuesta de Gerard V\u00e0zquez y Pepe Zapata, que ha llenado el Principal, es un espect\u00e1culo teatral de ficci\u00f3n que se basa libremente en las vivencias de varias personas, entre ellas las de Leoncio Badia, conocido como \u2018el enterrador de Paterna\u2019.<\/p>\n\n\n\n<p>La vicepresidenta primera y responsable de Memoria Democr\u00e1tica, Nat\u00e0lia Enguix, ha destacado \u201cla extraordinaria aceptaci\u00f3n por parte de la ciudadan\u00eda, y especialmente de profesores y alumnos de los centros educativos, de esta apuesta arriesgada y compleja que era montar una doble exposici\u00f3n sobre las fosas del franquismo y un amplio programa de actividades paralelas en el cual han participado juristas como Baltasar Garz\u00f3n y Dolores Delgado; historiadores como Ricard Vinyes; artistas como Isabel Cadenas; autores como Paco Roca y pel\u00edculas como \u2018La trinchera infinita\u2019 de Antonio de la Torre\u201d.<\/p>\n\n\n\n<p>Enguix ha dejado claro que la delegaci\u00f3n de Memoria Democr\u00e1tica que dirige \u201cse mantendr\u00e1 al margen de batallas partidistas y provocaciones est\u00e9riles, porque las v\u00edctimas de la Guerra Civil y el franquismo y sus familias no lo merecen\u201d. La responsable provincial ha garantizado la continuidad de los recursos econ\u00f3micos para localizar, exhumar e identificar los restos de personas que fueron asesinadas y que desaparecieron de manera forzada, \u201cexplicando y divulgando lo que ocurri\u00f3 en aquellas d\u00e9cadas oscuras para que no vuelva a pasar\u201d. \u201cTrabajamos con principios basados en la cultura de la paz, el pluralismo pol\u00edtico, los derechos humanos, la igualdad entre hombres y mujeres y la garant\u00eda de no repetici\u00f3n\u201d.<\/p>\n\n\n\n<p>Nat\u00e0lia Enguix ha tenido palabras de agradecimiento para el personal de las \u00e1reas de Cultura, con Paco Teruel al frente, y la de Memoria que ella misma dirige en la Diputaci\u00f3n; pero tambi\u00e9n para los anteriores diputados de los dos departamentos, Xavier Rius y Ramiro Rivera, que \u201ccreyeron en este proyecto, igual que crey\u00f3 en la memoria el ex presidente Jorge Rodr\u00edguez, que cre\u00f3 una \u00e1rea espec\u00edfica que hoy en d\u00eda lleva invertidos m\u00e1s de cuatro millones de euros en la reparaci\u00f3n y dignificaci\u00f3n de las v\u00edctimas; y el impulso de Rosa P\u00e9rez Garijo, la que fuera primera diputada provincial de Memoria Hist\u00f3rica\u201d.<\/p>\n\n\n\n<p>La representaci\u00f3n teatral de Pepe Zapata \u201ces la culminaci\u00f3n de un proyecto que se ha convertido en un flujo de energ\u00eda, que se transformar\u00e1 pero no se destruir\u00e1\u201d, ha a\u00f1adido Enguix, quien ha extendido los agradecimientos a \u201clas personas que han cedido sus testimonios, objetos, cartas y su propia intimidad\u201d, sin olvidar la colaboraci\u00f3n del Ayuntamiento de Paterna, en el cementerio del cual se localiza el conocido como \u2018Pared\u00f3n de Espa\u00f1a\u2019, donde fueron fusiladas 2.238 personas procedentes de 191 pueblos de la Comunitat y otras 60 localidades espa\u00f1olas.<\/p>\n\n\n\n<p>La actividad principal del proyecto \u2018Les fosses del franquisme\u2019 ha sido una doble exposici\u00f3n en L\u2019ETNO Museo de Etnolog\u00eda de Val\u00e8ncia y el Museu de Prehist\u00f2ria, los dos pertenecientes al \u00e1rea de Cultura de la Diputaci\u00f3n. De este modo, las muestres \u2018Arqueolog\u00eda de la memoria. Las fosas de Paterna\u2019, que se ha podido ver en el Museu de Prehist\u00f2ria; y \u20182238. Paterna. Lugar de perpetraci\u00f3n y memoria\u2019, de L\u2019ETNO, han sido visitadas en su conjunto por m\u00e1s de 30.000 personas en las instalaciones de la Benefic\u00e8ncia. Enguix ha felicitado a los directores de los museos provinciales, M\u00aa Jes\u00fas de Pedro en Prehistoria, y Joan Segu\u00ed en L\u2019ETNO, por su trabajo conjunto.<\/p>\n\n\n\n<p>La intenci\u00f3n de la propia Nat\u00e0lia Enguix es que las exposiciones tengan todav\u00eda m\u00e1s recorrido, y as\u00ed se plante\u00f3 en una reciente reuni\u00f3n que mantuvo la responsable provincial de Memoria con la directora general de Memoria Democr\u00e1tica del Gobierno de Espa\u00f1a, Zoraida Hijosa. El proyecto \u2018Les fosses del franquisme\u2019, aunque ha completado su programa de actividades inicial, se mantendr\u00e1 vivo en el marco de la gesti\u00f3n por la cual apuesta Enguix en la Diputaci\u00f3 de Val\u00e8ncia, dando mucha importancia a la vertiente pedag\u00f3gica y educativa de la memoria.<\/p>\n","protected":false},"excerpt":{"rendered":"<div class=\"mh-excerpt\">La Diputaci\u00f3 de Val\u00e8ncia completa con \u00e9xito el programa multicultural &#8216;Les fosses del franquisme\u2019 con m\u00e1s de 40.000 visitas. La colaboraci\u00f3n entre Cultura y Memoria Democr\u00e1tica \u201cha hecho part\u00edcipe a la sociedad, huyendo de batallas <a class=\"mh-excerpt-more\" href=\"https:\/\/www.tucomarca.com\/wordpress\/segunda\/video-natalia-enguix-sobre-las-fosas-del-franquismo-estamos-por-encima-de-la-confrontacion-politica-queremos-estar-al-lado-de-las-familias-y-dignificar-la-historia\/\" title=\"V\u00eddeo. Natalia Enguix sobre &#8216;Las fosas del franquismo&#8217;: \u00abEstamos por encima de la confrontaci\u00f3n pol\u00edtica; queremos estar al lado de las familias y dignificar la historia\u00bb\">[+] <\/a><\/div>\n","protected":false},"author":1,"featured_media":222353,"comment_status":"open","ping_status":"open","sticky":false,"template":"","format":"video","meta":{"footnotes":""},"categories":[20599,128,8,72,20455,142,3,45,26],"tags":[3677,301,2142,20542,20261],"class_list":{"0":"post-222346","1":"post","2":"type-post","3":"status-publish","4":"format-video","5":"has-post-thumbnail","7":"category-area-memoria-democratica","8":"category-infraestructuras","9":"category-la-comarca","10":"category-sin-categorizar","11":"category-la-diputacio-de-valencia-informa","12":"category-politica-la-comarca","13":"category-seccion","14":"category-ventana","15":"category-video","16":"tag-diputacio-de-valencia","17":"tag-enguix","18":"tag-la-comunitat","19":"tag-natalia","20":"tag-natalia-enguix","21":"post_format-post-format-video"},"_links":{"self":[{"href":"https:\/\/www.tucomarca.com\/wordpress\/segunda\/wp-json\/wp\/v2\/posts\/222346","targetHints":{"allow":["GET"]}}],"collection":[{"href":"https:\/\/www.tucomarca.com\/wordpress\/segunda\/wp-json\/wp\/v2\/posts"}],"about":[{"href":"https:\/\/www.tucomarca.com\/wordpress\/segunda\/wp-json\/wp\/v2\/types\/post"}],"author":[{"embeddable":true,"href":"https:\/\/www.tucomarca.com\/wordpress\/segunda\/wp-json\/wp\/v2\/users\/1"}],"replies":[{"embeddable":true,"href":"https:\/\/www.tucomarca.com\/wordpress\/segunda\/wp-json\/wp\/v2\/comments?post=222346"}],"version-history":[{"count":0,"href":"https:\/\/www.tucomarca.com\/wordpress\/segunda\/wp-json\/wp\/v2\/posts\/222346\/revisions"}],"wp:featuredmedia":[{"embeddable":true,"href":"https:\/\/www.tucomarca.com\/wordpress\/segunda\/wp-json\/wp\/v2\/media\/222353"}],"wp:attachment":[{"href":"https:\/\/www.tucomarca.com\/wordpress\/segunda\/wp-json\/wp\/v2\/media?parent=222346"}],"wp:term":[{"taxonomy":"category","embeddable":true,"href":"https:\/\/www.tucomarca.com\/wordpress\/segunda\/wp-json\/wp\/v2\/categories?post=222346"},{"taxonomy":"post_tag","embeddable":true,"href":"https:\/\/www.tucomarca.com\/wordpress\/segunda\/wp-json\/wp\/v2\/tags?post=222346"}],"curies":[{"name":"wp","href":"https:\/\/api.w.org\/{rel}","templated":true}]}}