{"id":222420,"date":"2024-05-08T13:00:00","date_gmt":"2024-05-08T11:00:00","guid":{"rendered":"https:\/\/www.tucomarca.com\/wordpress\/segunda\/?p=222420"},"modified":"2024-05-08T18:53:35","modified_gmt":"2024-05-08T16:53:35","slug":"el-secretario-autonomico-del-sistema-sociosanitario-visita-la-residencia-de-la-tercera-edad-de-benaguasil","status":"publish","type":"post","link":"https:\/\/www.tucomarca.com\/wordpress\/segunda\/el-secretario-autonomico-del-sistema-sociosanitario-visita-la-residencia-de-la-tercera-edad-de-benaguasil\/","title":{"rendered":"El secretario auton\u00f3mico del sistema sociosanitario visita la Residencia de la Tercera Edad de Benaguasil"},"content":{"rendered":"\n<h3 class=\"wp-block-heading\">El alcalde le ha planteado a Emilio Arg\u00fceso las mejoras a acometer en el centro.&nbsp;<\/h3>\n\n\n\n<p>El secretario auton\u00f3mico del sistema sociosanitario, Emilio Arg\u00fceso, acompa\u00f1ado por el director general de Diversidad, Stephane Soriano, ha visitado la Residencia de la Tercera Edad de Benaguasil para conocer todas sus necesidades y poder, de esta forma, atenderlas en el plazo m\u00e1s breve posible.<\/p>\n\n\n\n<p>Junto al alcalde de Benaguasil, Ximo Segarra, y a la directora del centro, Ana L\u00f3pez, el secretario ha recorrido las instalaciones y comprobado el funcionamiento de la residencia. Asimismo ha mantenido una reuni\u00f3n en la que tambi\u00e9n han estado presentes el concejal de Bienestar Social, Carlos Bosch y GESMED para valorar las principales necesidades a las que se enfrenta el centro, entre ellas nuevo mobiliario y mejoras en el sistema de refrigeraci\u00f3n.<\/p>\n\n\n\n<p>Emilio Arg\u00fceso ha tomado nota de todas las necesidades y se ha comprometido a dar soluci\u00f3n a las demandas del alcalde para mantener la residencia en \u00f3pticas condiciones.<\/p>\n\n\n\n<p>Durante la visita el alcalde tambi\u00e9n le ha planteado al secretario auton\u00f3mico la puesta en marcha del Centro de D\u00eda.&nbsp;<\/p>\n","protected":false},"excerpt":{"rendered":"<div class=\"mh-excerpt\">El alcalde le ha planteado a Emilio Arg\u00fceso las mejoras a acometer en el centro.&nbsp; El secretario auton\u00f3mico del sistema sociosanitario, Emilio Arg\u00fceso, acompa\u00f1ado por el director general de Diversidad, Stephane Soriano, ha visitado la <a class=\"mh-excerpt-more\" href=\"https:\/\/www.tucomarca.com\/wordpress\/segunda\/el-secretario-autonomico-del-sistema-sociosanitario-visita-la-residencia-de-la-tercera-edad-de-benaguasil\/\" title=\"El secretario auton\u00f3mico del sistema sociosanitario visita la Residencia de la Tercera Edad de Benaguasil\">[+] <\/a><\/div>\n","protected":false},"author":12,"featured_media":222422,"comment_status":"open","ping_status":"open","sticky":false,"template":"","format":"standard","meta":{"footnotes":""},"categories":[172,46,119,128,8,72,142,3,45],"tags":[10429,10395,20658],"class_list":{"0":"post-222420","1":"post","2":"type-post","3":"status-publish","4":"format-standard","5":"has-post-thumbnail","7":"category-benaguasil","8":"category-camp-de-turia","9":"category-sanidad-la-comarca","10":"category-infraestructuras","11":"category-la-comarca","12":"category-sin-categorizar","13":"category-politica-la-comarca","14":"category-seccion","15":"category-ventana","16":"tag-benaguasil","17":"tag-camp-de-turia","18":"tag-residencia-tercera-edad-benaguasil"},"_links":{"self":[{"href":"https:\/\/www.tucomarca.com\/wordpress\/segunda\/wp-json\/wp\/v2\/posts\/222420","targetHints":{"allow":["GET"]}}],"collection":[{"href":"https:\/\/www.tucomarca.com\/wordpress\/segunda\/wp-json\/wp\/v2\/posts"}],"about":[{"href":"https:\/\/www.tucomarca.com\/wordpress\/segunda\/wp-json\/wp\/v2\/types\/post"}],"author":[{"embeddable":true,"href":"https:\/\/www.tucomarca.com\/wordpress\/segunda\/wp-json\/wp\/v2\/users\/12"}],"replies":[{"embeddable":true,"href":"https:\/\/www.tucomarca.com\/wordpress\/segunda\/wp-json\/wp\/v2\/comments?post=222420"}],"version-history":[{"count":0,"href":"https:\/\/www.tucomarca.com\/wordpress\/segunda\/wp-json\/wp\/v2\/posts\/222420\/revisions"}],"wp:featuredmedia":[{"embeddable":true,"href":"https:\/\/www.tucomarca.com\/wordpress\/segunda\/wp-json\/wp\/v2\/media\/222422"}],"wp:attachment":[{"href":"https:\/\/www.tucomarca.com\/wordpress\/segunda\/wp-json\/wp\/v2\/media?parent=222420"}],"wp:term":[{"taxonomy":"category","embeddable":true,"href":"https:\/\/www.tucomarca.com\/wordpress\/segunda\/wp-json\/wp\/v2\/categories?post=222420"},{"taxonomy":"post_tag","embeddable":true,"href":"https:\/\/www.tucomarca.com\/wordpress\/segunda\/wp-json\/wp\/v2\/tags?post=222420"}],"curies":[{"name":"wp","href":"https:\/\/api.w.org\/{rel}","templated":true}]}}