{"id":222509,"date":"2024-05-09T11:00:00","date_gmt":"2024-05-09T09:00:00","guid":{"rendered":"https:\/\/www.tucomarca.com\/wordpress\/segunda\/?p=222509"},"modified":"2024-05-09T19:54:35","modified_gmt":"2024-05-09T17:54:35","slug":"el-equipo-tecnico-de-la-mancomunidad-de-la-hoya-recibe-nuevas-sesiones-de-formacion-en-materia-de-igualdad","status":"publish","type":"post","link":"https:\/\/www.tucomarca.com\/wordpress\/segunda\/el-equipo-tecnico-de-la-mancomunidad-de-la-hoya-recibe-nuevas-sesiones-de-formacion-en-materia-de-igualdad\/","title":{"rendered":"El equipo t\u00e9cnico de la Mancomunidad de La Hoya recibe nuevas sesiones de formaci\u00f3n en materia de igualdad"},"content":{"rendered":"\n<p>El equipo t\u00e9cnico de la Conselleria de Servicios Sociales, Igualdad y vivienda adscrito al servicio IgualaT, se desplaz\u00f3, esta semana a las instalaciones de la Mancomunidad de La Hoya con objeto de aportar nueva formaci\u00f3n en materia de igualdad.<\/p>\n\n\n\n<p>La formaci\u00f3n recibida trat\u00f3 los siguientes temas: Igualdad de trato y no discriminaci\u00f3n: conceptos, herramientas y recursos. Procedimientos para realizar reclamaciones y denuncias ante situaciones de discriminaci\u00f3n y delitos de odio. Conceptos jur\u00eddicos. Diagn\u00f3stico de una situaci\u00f3n de discriminatoria y normativa. El lenguaje no discriminatorio en los colectivos de la diversidad y las repercusiones de la discriminaci\u00f3n en la calidad de la salud mental. Situaci\u00f3n espec\u00edfica del pueblo gitano en materia de discriminaci\u00f3n.<\/p>\n\n\n\n<p>\u00abLa actualizaci\u00f3n constante de este tipo de formaciones, permite mejorar la atenci\u00f3n ofrecida desde el \u00e1rea de Servicios Sociales de la Mancomunidad en los municipios que conforman esta entidad\u00bb, tal como han explicado fuentes del estamento comarcal.<\/p>\n","protected":false},"excerpt":{"rendered":"<div class=\"mh-excerpt\">El equipo t\u00e9cnico de la Conselleria de Servicios Sociales, Igualdad y vivienda adscrito al servicio IgualaT, se desplaz\u00f3, esta semana a las instalaciones de la Mancomunidad de La Hoya con objeto de aportar nueva formaci\u00f3n <a class=\"mh-excerpt-more\" href=\"https:\/\/www.tucomarca.com\/wordpress\/segunda\/el-equipo-tecnico-de-la-mancomunidad-de-la-hoya-recibe-nuevas-sesiones-de-formacion-en-materia-de-igualdad\/\" title=\"El equipo t\u00e9cnico de la Mancomunidad de La Hoya recibe nuevas sesiones de formaci\u00f3n en materia de igualdad\">[+] <\/a><\/div>\n","protected":false},"author":1,"featured_media":222510,"comment_status":"open","ping_status":"open","sticky":false,"template":"","format":"standard","meta":{"footnotes":""},"categories":[19,18,17,16,15,14,128,8,72,10,13,142,3,12,11],"tags":[5952,386,10380],"class_list":{"0":"post-222509","1":"post","2":"type-post","3":"status-publish","4":"format-standard","5":"has-post-thumbnail","7":"category-alborache","8":"category-bunol","9":"category-cheste","10":"category-chiva","11":"category-dos-aguas","12":"category-godelleta","13":"category-infraestructuras","14":"category-la-comarca","15":"category-sin-categorizar","16":"category-la-hoya","17":"category-macastre","18":"category-politica-la-comarca","19":"category-seccion","20":"category-siete-aguas","21":"category-yatova","22":"tag-la-hoya-de-bunol-chiva","23":"tag-mancomunidad","24":"tag-yatova"},"_links":{"self":[{"href":"https:\/\/www.tucomarca.com\/wordpress\/segunda\/wp-json\/wp\/v2\/posts\/222509","targetHints":{"allow":["GET"]}}],"collection":[{"href":"https:\/\/www.tucomarca.com\/wordpress\/segunda\/wp-json\/wp\/v2\/posts"}],"about":[{"href":"https:\/\/www.tucomarca.com\/wordpress\/segunda\/wp-json\/wp\/v2\/types\/post"}],"author":[{"embeddable":true,"href":"https:\/\/www.tucomarca.com\/wordpress\/segunda\/wp-json\/wp\/v2\/users\/1"}],"replies":[{"embeddable":true,"href":"https:\/\/www.tucomarca.com\/wordpress\/segunda\/wp-json\/wp\/v2\/comments?post=222509"}],"version-history":[{"count":0,"href":"https:\/\/www.tucomarca.com\/wordpress\/segunda\/wp-json\/wp\/v2\/posts\/222509\/revisions"}],"wp:featuredmedia":[{"embeddable":true,"href":"https:\/\/www.tucomarca.com\/wordpress\/segunda\/wp-json\/wp\/v2\/media\/222510"}],"wp:attachment":[{"href":"https:\/\/www.tucomarca.com\/wordpress\/segunda\/wp-json\/wp\/v2\/media?parent=222509"}],"wp:term":[{"taxonomy":"category","embeddable":true,"href":"https:\/\/www.tucomarca.com\/wordpress\/segunda\/wp-json\/wp\/v2\/categories?post=222509"},{"taxonomy":"post_tag","embeddable":true,"href":"https:\/\/www.tucomarca.com\/wordpress\/segunda\/wp-json\/wp\/v2\/tags?post=222509"}],"curies":[{"name":"wp","href":"https:\/\/api.w.org\/{rel}","templated":true}]}}