{"id":22296,"date":"2014-01-28T15:10:51","date_gmt":"2014-01-28T12:10:51","guid":{"rendered":"http:\/\/www.tucomarca.com\/wordpress\/segunda\/?p=22296"},"modified":"2014-01-28T15:10:57","modified_gmt":"2014-01-28T12:10:57","slug":"la-iv-carrera-x-montana-sierra-de-chiva-es-elegida-como-la-mejor-de-espana","status":"publish","type":"post","link":"https:\/\/www.tucomarca.com\/wordpress\/segunda\/la-iv-carrera-x-montana-sierra-de-chiva-es-elegida-como-la-mejor-de-espana\/","title":{"rendered":"La IV Carrera x Monta\u00f1a Sierra de Chiva es elegida como la mejor de Espa\u00f1a"},"content":{"rendered":"<p><figure id=\"attachment_22297\" aria-describedby=\"caption-attachment-22297\" style=\"width: 300px\" class=\"wp-caption alignleft\"><a href=\"https:\/\/www.tucomarca.com\/wordpress\/segunda\/?attachment_id=22297\" rel=\"attachment wp-att-22297\"><img loading=\"lazy\" decoding=\"async\" src=\"https:\/\/www.tucomarca.com\/wordpress\/segunda\/wp-content\/uploads\/2014\/01\/Sierrachiva-300x199.jpg\" alt=\"\" title=\"Sierrachiva\" width=\"300\" height=\"199\" class=\"size-medium wp-image-22297\" srcset=\"https:\/\/www.tucomarca.com\/wordpress\/segunda\/wp-content\/uploads\/2014\/01\/Sierrachiva-300x199.jpg 300w, https:\/\/www.tucomarca.com\/wordpress\/segunda\/wp-content\/uploads\/2014\/01\/Sierrachiva-1024x681.jpg 1024w, https:\/\/www.tucomarca.com\/wordpress\/segunda\/wp-content\/uploads\/2014\/01\/Sierrachiva.jpg 2048w\" sizes=\"auto, (max-width: 300px) 100vw, 300px\" \/><\/a><figcaption id=\"caption-attachment-22297\" class=\"wp-caption-text\">El espectacular paisaje es uno de los atractivos de la prueba. tc.c<\/figcaption><\/figure>La IV Carrera x Monta\u00f1a Sierra de Chiva ha sido votada, entre m\u00e1s de 3.000 deportistas, como la mejor de Espa\u00f1a este a\u00f1o.<br \/>\nLa organizaci\u00f3n, el avituallamiento y, sobre todo, el recorrido por un escenario privilegiado como es la Sierra han sido elementos determinantes a la hora de situar la carrera en el primer puesto del r\u00e1nking elaborado por  la red social en opiniones de carreras Finixer.com.<\/p>\n<p>Este hecho, unido al r\u00e9cord de participaci\u00f3n con m\u00e1s de 800 corredores, pone de manifiesto el \u00e9xito de una prueba que cada a\u00f1o despierta m\u00e1s expectaci\u00f3n y que ha logrado consolidarse, en apenas cuatro a\u00f1os, como una de las citas deportivas para corredores de larga distancia m\u00e1s importantes del calendario.<\/p>\n<p>Organizada por el Club de Atletismo Marjana, en colaboraci\u00f3n con el Ayuntamiento, la cita englob\u00f3 dos carreras, la \u201cMASTER 61Km\u201d y el \u201cTRAIL 34Km\u201d que discurrieron por un enclave privilegiado como es la Sierra de Chiva, declarada Paraje Natural de la Comunidad Valenciana.<\/p>\n<p>En la prueba de larga distancia el vencedor fue Santiago Garc\u00eda Soria, de Cuenca, que con un tiempo de 5h 45 minutos repiti\u00f3 triunfo tras resultar tambi\u00e9n ganador de la 1\u00aa y 3\u00aa edici\u00f3n. En la modalidad femenina la ganadora fue Alicia Chabeli Peris, de Alzira. En el caso del Trail 34KM, con un tiempo de 2h 55min, Juan M\u00aa Jim\u00e9nez Llorens, de Valencia, se alz\u00f3 con el primer puesto. En chicas, la vencedora fue M\u00aa Jes\u00fas Algarra, de la localidad conquense de San Lorenzo de la Parrilla. La prueba es la \u00faltima del a\u00f1o puntuable con dos puntos para el \u201cUltra Trail du Mont Blanc, un hecho que a\u00fan hace m\u00e1s atractiva esta carrera para los amantes del deporte y la naturaleza.<\/p>\n","protected":false},"excerpt":{"rendered":"<div class=\"mh-excerpt\">La IV Carrera x Monta\u00f1a Sierra de Chiva ha sido votada, entre m\u00e1s de 3.000 deportistas, como la mejor de Espa\u00f1a este a\u00f1o. La organizaci\u00f3n, el avituallamiento y, sobre todo, el recorrido por un escenario <a class=\"mh-excerpt-more\" href=\"https:\/\/www.tucomarca.com\/wordpress\/segunda\/la-iv-carrera-x-montana-sierra-de-chiva-es-elegida-como-la-mejor-de-espana\/\" title=\"La IV Carrera x Monta\u00f1a Sierra de Chiva es elegida como la mejor de Espa\u00f1a\">[+] <\/a><\/div>\n","protected":false},"author":2,"featured_media":22297,"comment_status":"open","ping_status":"open","sticky":false,"template":"","format":"standard","meta":{"footnotes":""},"categories":[98,16,6,8,10,3,45],"tags":[3080,10384,3081,3082],"class_list":{"0":"post-22296","1":"post","2":"type-post","3":"status-publish","4":"format-standard","5":"has-post-thumbnail","7":"category-atletismo","8":"category-chiva","9":"category-deportes","10":"category-la-comarca","11":"category-la-hoya","12":"category-seccion","13":"category-ventana","14":"tag-carrera-x-montana","15":"tag-chiva","16":"tag-elegida","17":"tag-mejor-de-espana"},"_links":{"self":[{"href":"https:\/\/www.tucomarca.com\/wordpress\/segunda\/wp-json\/wp\/v2\/posts\/22296","targetHints":{"allow":["GET"]}}],"collection":[{"href":"https:\/\/www.tucomarca.com\/wordpress\/segunda\/wp-json\/wp\/v2\/posts"}],"about":[{"href":"https:\/\/www.tucomarca.com\/wordpress\/segunda\/wp-json\/wp\/v2\/types\/post"}],"author":[{"embeddable":true,"href":"https:\/\/www.tucomarca.com\/wordpress\/segunda\/wp-json\/wp\/v2\/users\/2"}],"replies":[{"embeddable":true,"href":"https:\/\/www.tucomarca.com\/wordpress\/segunda\/wp-json\/wp\/v2\/comments?post=22296"}],"version-history":[{"count":0,"href":"https:\/\/www.tucomarca.com\/wordpress\/segunda\/wp-json\/wp\/v2\/posts\/22296\/revisions"}],"wp:featuredmedia":[{"embeddable":true,"href":"https:\/\/www.tucomarca.com\/wordpress\/segunda\/wp-json\/wp\/v2\/media\/22297"}],"wp:attachment":[{"href":"https:\/\/www.tucomarca.com\/wordpress\/segunda\/wp-json\/wp\/v2\/media?parent=22296"}],"wp:term":[{"taxonomy":"category","embeddable":true,"href":"https:\/\/www.tucomarca.com\/wordpress\/segunda\/wp-json\/wp\/v2\/categories?post=22296"},{"taxonomy":"post_tag","embeddable":true,"href":"https:\/\/www.tucomarca.com\/wordpress\/segunda\/wp-json\/wp\/v2\/tags?post=22296"}],"curies":[{"name":"wp","href":"https:\/\/api.w.org\/{rel}","templated":true}]}}