{"id":223360,"date":"2024-05-16T12:00:00","date_gmt":"2024-05-16T10:00:00","guid":{"rendered":"https:\/\/www.tucomarca.com\/wordpress\/segunda\/?p=223360"},"modified":"2024-05-16T19:10:30","modified_gmt":"2024-05-16T17:10:30","slug":"la-mancomunidad-traslada-al-alumnado-de-yatova-pautas-basicas-de-resolucion-de-conflictos","status":"publish","type":"post","link":"https:\/\/www.tucomarca.com\/wordpress\/segunda\/la-mancomunidad-traslada-al-alumnado-de-yatova-pautas-basicas-de-resolucion-de-conflictos\/","title":{"rendered":"La mancomunidad traslada al alumnado de Y\u00e1tova pautas b\u00e1sicas de resoluci\u00f3n de conflictos"},"content":{"rendered":"\n<p>El personal t\u00e9cnico de la Unidad de Prevenci\u00f3n Comunitaria de conductas Adictivas (UPCCA) de la Mancomunidad de La Hoya de Bu\u00f1ol-Chiva ha aplicado en Y\u00e1tova las pautas de comportamiento se\u00f1aladas en su taller de resoluci\u00f3n de conflictos con alumnado de 1\u00ba y 2\u00ba de primaria del CEIP Pintor Sorolla\u00a0<\/p>\n\n\n\n<p>En el taller se ha trabajado por parte del equipo de la UPCCA, la resoluci\u00f3n de conflictos en edades tempranas a trav\u00e9s de din\u00e1micas adaptadas y participativas.&nbsp;<\/p>\n\n\n\n<p>Fomentar esta capacidad de resoluci\u00f3n desde la infancia proporciona habilidades sociales m\u00e1s completas a los ni\u00f1os y ni\u00f1as y establece una base de prevenci\u00f3n frente a futuras adicciones.<\/p>\n","protected":false},"excerpt":{"rendered":"<div class=\"mh-excerpt\">El personal t\u00e9cnico de la Unidad de Prevenci\u00f3n Comunitaria de conductas Adictivas (UPCCA) de la Mancomunidad de La Hoya de Bu\u00f1ol-Chiva ha aplicado en Y\u00e1tova las pautas de comportamiento se\u00f1aladas en su taller de resoluci\u00f3n <a class=\"mh-excerpt-more\" href=\"https:\/\/www.tucomarca.com\/wordpress\/segunda\/la-mancomunidad-traslada-al-alumnado-de-yatova-pautas-basicas-de-resolucion-de-conflictos\/\" title=\"La mancomunidad traslada al alumnado de Y\u00e1tova pautas b\u00e1sicas de resoluci\u00f3n de conflictos\">[+] <\/a><\/div>\n","protected":false},"author":1,"featured_media":223363,"comment_status":"open","ping_status":"open","sticky":false,"template":"","format":"standard","meta":{"footnotes":""},"categories":[128,8,10,142,3,11],"tags":[5952,386,10380],"class_list":{"0":"post-223360","1":"post","2":"type-post","3":"status-publish","4":"format-standard","5":"has-post-thumbnail","7":"category-infraestructuras","8":"category-la-comarca","9":"category-la-hoya","10":"category-politica-la-comarca","11":"category-seccion","12":"category-yatova","13":"tag-la-hoya-de-bunol-chiva","14":"tag-mancomunidad","15":"tag-yatova"},"_links":{"self":[{"href":"https:\/\/www.tucomarca.com\/wordpress\/segunda\/wp-json\/wp\/v2\/posts\/223360","targetHints":{"allow":["GET"]}}],"collection":[{"href":"https:\/\/www.tucomarca.com\/wordpress\/segunda\/wp-json\/wp\/v2\/posts"}],"about":[{"href":"https:\/\/www.tucomarca.com\/wordpress\/segunda\/wp-json\/wp\/v2\/types\/post"}],"author":[{"embeddable":true,"href":"https:\/\/www.tucomarca.com\/wordpress\/segunda\/wp-json\/wp\/v2\/users\/1"}],"replies":[{"embeddable":true,"href":"https:\/\/www.tucomarca.com\/wordpress\/segunda\/wp-json\/wp\/v2\/comments?post=223360"}],"version-history":[{"count":0,"href":"https:\/\/www.tucomarca.com\/wordpress\/segunda\/wp-json\/wp\/v2\/posts\/223360\/revisions"}],"wp:featuredmedia":[{"embeddable":true,"href":"https:\/\/www.tucomarca.com\/wordpress\/segunda\/wp-json\/wp\/v2\/media\/223363"}],"wp:attachment":[{"href":"https:\/\/www.tucomarca.com\/wordpress\/segunda\/wp-json\/wp\/v2\/media?parent=223360"}],"wp:term":[{"taxonomy":"category","embeddable":true,"href":"https:\/\/www.tucomarca.com\/wordpress\/segunda\/wp-json\/wp\/v2\/categories?post=223360"},{"taxonomy":"post_tag","embeddable":true,"href":"https:\/\/www.tucomarca.com\/wordpress\/segunda\/wp-json\/wp\/v2\/tags?post=223360"}],"curies":[{"name":"wp","href":"https:\/\/api.w.org\/{rel}","templated":true}]}}