{"id":223412,"date":"2024-05-17T11:00:00","date_gmt":"2024-05-17T09:00:00","guid":{"rendered":"https:\/\/www.tucomarca.com\/wordpress\/segunda\/?p=223412"},"modified":"2024-05-17T13:16:50","modified_gmt":"2024-05-17T11:16:50","slug":"la-diputacio-de-valencia-ayudara-a-villargordo-del-cabriel-a-asfaltar-calles-y-mejorar-el-polideportivo","status":"publish","type":"post","link":"https:\/\/www.tucomarca.com\/wordpress\/segunda\/la-diputacio-de-valencia-ayudara-a-villargordo-del-cabriel-a-asfaltar-calles-y-mejorar-el-polideportivo\/","title":{"rendered":"La Diputaci\u00f3 de Val\u00e8ncia ayudar\u00e1 a Villargordo del Cabriel a asfaltar calles y mejorar el polideportivo"},"content":{"rendered":"\n<h3 class=\"wp-block-heading\">El presidente, Vicent Momp\u00f3, recorri\u00f3 este jueves el municipio de la plana Utiel-Requena junto al alcalde, Galo Valle, para conocer las necesidades de un ayuntamiento que dispondr\u00e1 de 916.000 euros del Pla Obert provincial.<\/h3>\n\n\n\n<p>El presidente de la Diputaci\u00f3 de Val\u00e8ncia, Vicent Momp\u00f3, visit\u00f3 este jueves Villargordo del Cabriel, en la plana Utiel-Requena, en el marco de la ronda que inici\u00f3 por las comarcas valencianas desde que asumiera el cargo de m\u00e1ximo responsable de la corporaci\u00f3n provincial. Momp\u00f3 contin\u00faa su recorrido por los pueblos y ciudades \u201ccon la intenci\u00f3n de conocer de cerca a sus responsables y las necesidades que tienen, porque es la mejor manera de poder ayudarles a trav\u00e9s de una instituci\u00f3n que est\u00e1 a su entera disposici\u00f3n\u201d.<\/p>\n\n\n<div class=\"wp-block-image\">\n<figure class=\"alignleft size-large is-resized\"><img loading=\"lazy\" decoding=\"async\" width=\"1024\" height=\"803\" src=\"https:\/\/www.tucomarca.com\/wordpress\/segunda\/wp-content\/uploads\/2024\/05\/MompoVillargordo2-1024x803.jpg\" alt=\"\" class=\"wp-image-223418\" style=\"width:401px;height:auto\" srcset=\"https:\/\/www.tucomarca.com\/wordpress\/segunda\/wp-content\/uploads\/2024\/05\/MompoVillargordo2-1024x803.jpg 1024w, https:\/\/www.tucomarca.com\/wordpress\/segunda\/wp-content\/uploads\/2024\/05\/MompoVillargordo2-300x235.jpg 300w, https:\/\/www.tucomarca.com\/wordpress\/segunda\/wp-content\/uploads\/2024\/05\/MompoVillargordo2-768x603.jpg 768w, https:\/\/www.tucomarca.com\/wordpress\/segunda\/wp-content\/uploads\/2024\/05\/MompoVillargordo2-1536x1205.jpg 1536w, https:\/\/www.tucomarca.com\/wordpress\/segunda\/wp-content\/uploads\/2024\/05\/MompoVillargordo2-2048x1607.jpg 2048w\" sizes=\"auto, (max-width: 1024px) 100vw, 1024px\" \/><\/figure>\n<\/div>\n\n\n<p>El alcalde de Villargordo, Galo Valle, acompa\u00f1\u00f3 a Momp\u00f3 durante una visita que se inici\u00f3 en el ayuntamiento, donde el m\u00e1ximo responsable provincial firm\u00f3 en el libro de honor del municipio. \u201cEstamos muy agradecidos al presidente por su cercan\u00eda y el compromiso de ayudarnos a mejorar los servicios b\u00e1sicos y la calidad de vida de nuestros vecinos\u201d, se\u00f1al\u00f3 Valle, quien fij\u00f3 las necesidades a corto plazo en \u201cel asfaltado de calles, la intervenci\u00f3n en el polideportivo y la construcci\u00f3n de un almac\u00e9n municipal\u201d.<\/p>\n\n\n<div class=\"wp-block-image\">\n<figure class=\"alignright size-large is-resized\"><img loading=\"lazy\" decoding=\"async\" width=\"1024\" height=\"683\" src=\"https:\/\/www.tucomarca.com\/wordpress\/segunda\/wp-content\/uploads\/2024\/05\/MompoVillargordo3-1024x683.jpg\" alt=\"\" class=\"wp-image-223420\" style=\"width:403px;height:auto\" srcset=\"https:\/\/www.tucomarca.com\/wordpress\/segunda\/wp-content\/uploads\/2024\/05\/MompoVillargordo3-1024x683.jpg 1024w, https:\/\/www.tucomarca.com\/wordpress\/segunda\/wp-content\/uploads\/2024\/05\/MompoVillargordo3-300x200.jpg 300w, https:\/\/www.tucomarca.com\/wordpress\/segunda\/wp-content\/uploads\/2024\/05\/MompoVillargordo3-768x512.jpg 768w, https:\/\/www.tucomarca.com\/wordpress\/segunda\/wp-content\/uploads\/2024\/05\/MompoVillargordo3-1536x1024.jpg 1536w, https:\/\/www.tucomarca.com\/wordpress\/segunda\/wp-content\/uploads\/2024\/05\/MompoVillargordo3-2048x1366.jpg 2048w\" sizes=\"auto, (max-width: 1024px) 100vw, 1024px\" \/><\/figure>\n<\/div>\n\n\n<p>Para acometer estos y otros proyectos durante los pr\u00f3ximos a\u00f1os, Villargordo del Cabriel dispone de una asignaci\u00f3n de 916.569 euros del Pla Obert d\u2019Inversions, 142.000 euros m\u00e1s que lo que recibi\u00f3 de la Diputaci\u00f3n en los planes de inversi\u00f3n de la pasada legislatura. \u201cAl igual que el resto de municipios, Villargordo dispondr\u00e1 de m\u00e1s dinero para mejorar sus infraestructuras y servicios\u201d, apunt\u00f3 Momp\u00f3, quien destac\u00f3 que \u201cpese al incremento en las ayudas, lo m\u00e1s importante es la proximidad y la cobertura que va a recibir por nuestra parte para que ese dinero se traduzca en mejoras reales para los cerca de 600 habitantes del pueblo, sin que tengan que devolver ni un solo euro a la Diputaci\u00f3n\u201d.<\/p>\n\n\n\n<p>Por su parte, Galo Valle valor\u00f3 positivamente \u201cla simplicidad y los plazos largos que nos da el nuevo plan de inversiones para pensar y ejecutar los proyectos\u201d. En su opini\u00f3n, \u201cpara los pueblos peque\u00f1os con poco personal, o t\u00e9cnicos compartidos, el Pla Obert a cuatro a\u00f1os es una idea fant\u00e1stica que esperemos se pueda mantener en el futuro\u201d.<\/p>\n","protected":false},"excerpt":{"rendered":"<div class=\"mh-excerpt\">El presidente, Vicent Momp\u00f3, recorri\u00f3 este jueves el municipio de la plana Utiel-Requena junto al alcalde, Galo Valle, para conocer las necesidades de un ayuntamiento que dispondr\u00e1 de 916.000 euros del Pla Obert provincial. El <a class=\"mh-excerpt-more\" href=\"https:\/\/www.tucomarca.com\/wordpress\/segunda\/la-diputacio-de-valencia-ayudara-a-villargordo-del-cabriel-a-asfaltar-calles-y-mejorar-el-polideportivo\/\" title=\"La Diputaci\u00f3 de Val\u00e8ncia ayudar\u00e1 a Villargordo del Cabriel a asfaltar calles y mejorar el polideportivo\">[+] <\/a><\/div>\n","protected":false},"author":1,"featured_media":223416,"comment_status":"open","ping_status":"open","sticky":false,"template":"","format":"gallery","meta":{"footnotes":""},"categories":[128,8,72,142,27,3,45,120],"tags":[3677,10387,18824,10761],"class_list":{"0":"post-223412","1":"post","2":"type-post","3":"status-publish","4":"format-gallery","5":"has-post-thumbnail","7":"category-infraestructuras","8":"category-la-comarca","9":"category-sin-categorizar","10":"category-politica-la-comarca","11":"category-requena-utiel","12":"category-seccion","13":"category-ventana","14":"category-villargordo-del-cabriel","15":"tag-diputacio-de-valencia","16":"tag-requena-utiel","17":"tag-vicent-mompo","18":"tag-villargordo-del-cabriel","19":"post_format-post-format-gallery"},"_links":{"self":[{"href":"https:\/\/www.tucomarca.com\/wordpress\/segunda\/wp-json\/wp\/v2\/posts\/223412","targetHints":{"allow":["GET"]}}],"collection":[{"href":"https:\/\/www.tucomarca.com\/wordpress\/segunda\/wp-json\/wp\/v2\/posts"}],"about":[{"href":"https:\/\/www.tucomarca.com\/wordpress\/segunda\/wp-json\/wp\/v2\/types\/post"}],"author":[{"embeddable":true,"href":"https:\/\/www.tucomarca.com\/wordpress\/segunda\/wp-json\/wp\/v2\/users\/1"}],"replies":[{"embeddable":true,"href":"https:\/\/www.tucomarca.com\/wordpress\/segunda\/wp-json\/wp\/v2\/comments?post=223412"}],"version-history":[{"count":0,"href":"https:\/\/www.tucomarca.com\/wordpress\/segunda\/wp-json\/wp\/v2\/posts\/223412\/revisions"}],"wp:featuredmedia":[{"embeddable":true,"href":"https:\/\/www.tucomarca.com\/wordpress\/segunda\/wp-json\/wp\/v2\/media\/223416"}],"wp:attachment":[{"href":"https:\/\/www.tucomarca.com\/wordpress\/segunda\/wp-json\/wp\/v2\/media?parent=223412"}],"wp:term":[{"taxonomy":"category","embeddable":true,"href":"https:\/\/www.tucomarca.com\/wordpress\/segunda\/wp-json\/wp\/v2\/categories?post=223412"},{"taxonomy":"post_tag","embeddable":true,"href":"https:\/\/www.tucomarca.com\/wordpress\/segunda\/wp-json\/wp\/v2\/tags?post=223412"}],"curies":[{"name":"wp","href":"https:\/\/api.w.org\/{rel}","templated":true}]}}