{"id":223450,"date":"2024-06-02T11:00:00","date_gmt":"2024-06-02T09:00:00","guid":{"rendered":"https:\/\/www.tucomarca.com\/wordpress\/segunda\/?p=223450"},"modified":"2024-06-02T11:04:53","modified_gmt":"2024-06-02T09:04:53","slug":"bunol-celebrara-su-xvii-feria-de-comercio-en-el-planell-del-7-al-9-de-junio","status":"publish","type":"post","link":"https:\/\/www.tucomarca.com\/wordpress\/segunda\/bunol-celebrara-su-xvii-feria-de-comercio-en-el-planell-del-7-al-9-de-junio\/","title":{"rendered":"Bu\u00f1ol celebrar\u00e1 su XVII Feria de Comercio en El Planell del 7 al 9 de junio"},"content":{"rendered":"\n<p>Los pr\u00f3ximos d\u00edas 7, 8 y 9 de junio, el municipio de Bu\u00f1ol se vestir\u00e1 de fiesta para celebrar la XVII Feria de Comercio en la Avenida de acceso a El Planell. Organizada por el Ayuntamiento de Bu\u00f1ol en colaboraci\u00f3n con la Asociaci\u00f3n de Comerciantes y Empresarios (ACyEB), esta feria se ha consolidado como un evento destacado en el calendario de la localidad para promover el comercio y la econom\u00eda local.<\/p>\n\n\n<div class=\"wp-block-image\">\n<figure class=\"alignleft size-large is-resized\"><img loading=\"lazy\" decoding=\"async\" width=\"728\" height=\"1024\" src=\"https:\/\/www.tucomarca.com\/wordpress\/segunda\/wp-content\/uploads\/2024\/05\/BunolFeriaComercio24-728x1024.jpg\" alt=\"\" class=\"wp-image-224066\" style=\"width:316px;height:auto\" srcset=\"https:\/\/www.tucomarca.com\/wordpress\/segunda\/wp-content\/uploads\/2024\/05\/BunolFeriaComercio24-728x1024.jpg 728w, https:\/\/www.tucomarca.com\/wordpress\/segunda\/wp-content\/uploads\/2024\/05\/BunolFeriaComercio24-213x300.jpg 213w, https:\/\/www.tucomarca.com\/wordpress\/segunda\/wp-content\/uploads\/2024\/05\/BunolFeriaComercio24-768x1080.jpg 768w, https:\/\/www.tucomarca.com\/wordpress\/segunda\/wp-content\/uploads\/2024\/05\/BunolFeriaComercio24-1092x1536.jpg 1092w, https:\/\/www.tucomarca.com\/wordpress\/segunda\/wp-content\/uploads\/2024\/05\/BunolFeriaComercio24.jpg 1456w\" sizes=\"auto, (max-width: 728px) 100vw, 728px\" \/><\/figure>\n<\/div>\n\n\n<p>Durante tres d\u00edas, los visitantes tendr\u00e1n la oportunidad de disfrutar de una amplia variedad de productos y servicios ofrecidos por los comerciantes locales. Desde moda y accesorios hasta gastronom\u00eda y art\u00edculos para el hogar, la feria promete una experiencia de compras \u00fanica en un ambiente festivo y acogedor.<\/p>\n\n\n\n<p>\u00abEsta feria es una excelente oportunidad para apoyar a nuestros comerciantes y empresarios locales, que son una parte fundamental de la econom\u00eda de Bu\u00f1ol\u00bb, ha afirmado Mario Al\u00eds, concejal de Comercio del Ayuntamiento de Bu\u00f1ol. \u00abInvitamos a todos a participar y disfrutar de las actividades y ofertas que se han preparado con mucho entusiasmo\u00bb, ha a\u00f1adido.<\/p>\n\n\n<div class=\"wp-block-image\">\n<figure class=\"alignright size-large is-resized\"><img loading=\"lazy\" decoding=\"async\" width=\"728\" height=\"1024\" src=\"https:\/\/www.tucomarca.com\/wordpress\/segunda\/wp-content\/uploads\/2024\/05\/BunolFeriaComercio2-728x1024.jpg\" alt=\"\" class=\"wp-image-224072\" style=\"width:335px;height:auto\" srcset=\"https:\/\/www.tucomarca.com\/wordpress\/segunda\/wp-content\/uploads\/2024\/05\/BunolFeriaComercio2-728x1024.jpg 728w, https:\/\/www.tucomarca.com\/wordpress\/segunda\/wp-content\/uploads\/2024\/05\/BunolFeriaComercio2-213x300.jpg 213w, https:\/\/www.tucomarca.com\/wordpress\/segunda\/wp-content\/uploads\/2024\/05\/BunolFeriaComercio2-768x1081.jpg 768w, https:\/\/www.tucomarca.com\/wordpress\/segunda\/wp-content\/uploads\/2024\/05\/BunolFeriaComercio2.jpg 886w\" sizes=\"auto, (max-width: 728px) 100vw, 728px\" \/><\/figure>\n<\/div>\n\n\n<p class=\"has-text-align-right\">El evento contar\u00e1 con varias decenas expositores que mostrar\u00e1n sus productos y servicios, ofreciendo promociones para los asistentes. Adem\u00e1s, la feria incluir\u00e1 una serie de actividades paralelas para todas las edades, como talleres, exhibiciones, gastronom\u00eda local, actuaciones musicales y actividades infantiles.<\/p>\n\n\n\n<p class=\"has-text-align-right\">La inauguraci\u00f3n de la XVII Feria de Comercio tendr\u00e1 lugar el viernes, 7 de junio, a las 19,00 horas, con la presencia de la alcaldesa, Virginia Sanz, el concejal de Comercio, Mario Al\u00eds, y dem\u00e1s miembros de la corporaci\u00f3n municipal, as\u00ed como el presidente de Uni\u00f3n Gremial, Mauro Lorenzo, el presidente de la ACyEB, Pedro Rubio, y la Reina de la Feria y Fiestas, Celeste Agustina.<\/p>\n\n\n\n<p>El Planell ha sido elegido una vez m\u00e1s como el escenario ideal para este evento. Su ubicaci\u00f3n accesible y sus amplias instalaciones garantizan una experiencia c\u00f3moda y agradable para todos los visitantes.<\/p>\n\n\n\n<p>Para m\u00e1s informaci\u00f3n sobre la XVII Feria de Comercio de Bu\u00f1ol, pueden visitar la p\u00e1gina web del Ayuntamiento de Bu\u00f1ol o seguir las redes sociales de la ACyEB, donde se publicar\u00e1n detalles sobre los expositores y el programa de actividades.<\/p>\n\n\n\n<figure class=\"wp-block-image size-large\"><img loading=\"lazy\" decoding=\"async\" width=\"1024\" height=\"726\" src=\"https:\/\/www.tucomarca.com\/wordpress\/segunda\/wp-content\/uploads\/2024\/05\/IMG-20240522-WA0020-1024x726.jpg\" alt=\"\" class=\"wp-image-224077\" srcset=\"https:\/\/www.tucomarca.com\/wordpress\/segunda\/wp-content\/uploads\/2024\/05\/IMG-20240522-WA0020-1024x726.jpg 1024w, https:\/\/www.tucomarca.com\/wordpress\/segunda\/wp-content\/uploads\/2024\/05\/IMG-20240522-WA0020-300x213.jpg 300w, https:\/\/www.tucomarca.com\/wordpress\/segunda\/wp-content\/uploads\/2024\/05\/IMG-20240522-WA0020-768x545.jpg 768w, https:\/\/www.tucomarca.com\/wordpress\/segunda\/wp-content\/uploads\/2024\/05\/IMG-20240522-WA0020-1536x1090.jpg 1536w, https:\/\/www.tucomarca.com\/wordpress\/segunda\/wp-content\/uploads\/2024\/05\/IMG-20240522-WA0020.jpg 1600w\" sizes=\"auto, (max-width: 1024px) 100vw, 1024px\" \/><\/figure>\n","protected":false},"excerpt":{"rendered":"<div class=\"mh-excerpt\">Los pr\u00f3ximos d\u00edas 7, 8 y 9 de junio, el municipio de Bu\u00f1ol se vestir\u00e1 de fiesta para celebrar la XVII Feria de Comercio en la Avenida de acceso a El Planell. Organizada por el <a class=\"mh-excerpt-more\" href=\"https:\/\/www.tucomarca.com\/wordpress\/segunda\/bunol-celebrara-su-xvii-feria-de-comercio-en-el-planell-del-7-al-9-de-junio\/\" title=\"Bu\u00f1ol celebrar\u00e1 su XVII Feria de Comercio en El Planell del 7 al 9 de junio\">[+] <\/a><\/div>\n","protected":false},"author":12,"featured_media":224066,"comment_status":"open","ping_status":"open","sticky":false,"template":"","format":"standard","meta":{"footnotes":""},"categories":[4,18,128,8,10,7,142,3],"tags":[10385,5952,20739],"class_list":{"0":"post-223450","1":"post","2":"type-post","3":"status-publish","4":"format-standard","5":"has-post-thumbnail","7":"category-agenda","8":"category-bunol","9":"category-infraestructuras","10":"category-la-comarca","11":"category-la-hoya","12":"category-ocio-y-cultura","13":"category-politica-la-comarca","14":"category-seccion","15":"tag-bunol","16":"tag-la-hoya-de-bunol-chiva","17":"tag-xvii-feria-de-comercio-de-bunol"},"_links":{"self":[{"href":"https:\/\/www.tucomarca.com\/wordpress\/segunda\/wp-json\/wp\/v2\/posts\/223450","targetHints":{"allow":["GET"]}}],"collection":[{"href":"https:\/\/www.tucomarca.com\/wordpress\/segunda\/wp-json\/wp\/v2\/posts"}],"about":[{"href":"https:\/\/www.tucomarca.com\/wordpress\/segunda\/wp-json\/wp\/v2\/types\/post"}],"author":[{"embeddable":true,"href":"https:\/\/www.tucomarca.com\/wordpress\/segunda\/wp-json\/wp\/v2\/users\/12"}],"replies":[{"embeddable":true,"href":"https:\/\/www.tucomarca.com\/wordpress\/segunda\/wp-json\/wp\/v2\/comments?post=223450"}],"version-history":[{"count":0,"href":"https:\/\/www.tucomarca.com\/wordpress\/segunda\/wp-json\/wp\/v2\/posts\/223450\/revisions"}],"wp:featuredmedia":[{"embeddable":true,"href":"https:\/\/www.tucomarca.com\/wordpress\/segunda\/wp-json\/wp\/v2\/media\/224066"}],"wp:attachment":[{"href":"https:\/\/www.tucomarca.com\/wordpress\/segunda\/wp-json\/wp\/v2\/media?parent=223450"}],"wp:term":[{"taxonomy":"category","embeddable":true,"href":"https:\/\/www.tucomarca.com\/wordpress\/segunda\/wp-json\/wp\/v2\/categories?post=223450"},{"taxonomy":"post_tag","embeddable":true,"href":"https:\/\/www.tucomarca.com\/wordpress\/segunda\/wp-json\/wp\/v2\/tags?post=223450"}],"curies":[{"name":"wp","href":"https:\/\/api.w.org\/{rel}","templated":true}]}}