{"id":223590,"date":"2024-05-20T17:30:00","date_gmt":"2024-05-20T15:30:00","guid":{"rendered":"https:\/\/www.tucomarca.com\/wordpress\/segunda\/?p=223590"},"modified":"2024-05-20T17:49:46","modified_gmt":"2024-05-20T15:49:46","slug":"emotiva-despedida-de-conchi-ricarte-del-futbol-femenino-profesional-en-el-beltran-baguena-de-bunol","status":"publish","type":"post","link":"https:\/\/www.tucomarca.com\/wordpress\/segunda\/emotiva-despedida-de-conchi-ricarte-del-futbol-femenino-profesional-en-el-beltran-baguena-de-bunol\/","title":{"rendered":"Emotiva despedida de Conchi Ricarte del f\u00fatbol femenino profesional en el Beltr\u00e1n B\u00e1guena de Bu\u00f1ol"},"content":{"rendered":"\n<p>El campo Beltr\u00e1n B\u00e1guena ha sido testigo este pasado s\u00e1bado de una emotiva jornada, cuando Conchi Ricarte, una de las figuras m\u00e1s destacadas del f\u00fatbol femenino de la Comunitat, se despidi\u00f3 del f\u00fatbol profesional. <\/p>\n\n\n\n<p>En un acto lleno de nostalgia y gratitud, Ricarte se despidi\u00f3 junto al CD Bu\u00f1ol masculino, club que la vio crecer desde sus primeros pasos en el deporte. <\/p>\n\n\n\n<p>Conchi Ricarte, quien comenz\u00f3 su carrera en las categor\u00edas inferiores del CD Bu\u00f1ol, ha tenido una trayectoria ejemplar en el f\u00fatbol femenino, gan\u00e1ndose el respeto y la admiraci\u00f3n tanto dentro como fuera del campo. Su despedida no solo marca el fin de una era para el f\u00fatbol femenino en Bu\u00f1ol, sino que tambi\u00e9n celebra los logros y el legado que deja en el deporte.<\/p>\n\n\n\n<figure class=\"wp-block-gallery has-nested-images columns-default is-cropped wp-block-gallery-1 is-layout-flex wp-block-gallery-is-layout-flex\">\n<figure class=\"wp-block-image size-large\"><img loading=\"lazy\" decoding=\"async\" width=\"886\" height=\"591\" data-id=\"223592\" src=\"https:\/\/www.tucomarca.com\/wordpress\/segunda\/wp-content\/uploads\/2024\/05\/ConchiRicarte1.jpg\" alt=\"\" class=\"wp-image-223592\" srcset=\"https:\/\/www.tucomarca.com\/wordpress\/segunda\/wp-content\/uploads\/2024\/05\/ConchiRicarte1.jpg 886w, https:\/\/www.tucomarca.com\/wordpress\/segunda\/wp-content\/uploads\/2024\/05\/ConchiRicarte1-300x200.jpg 300w, https:\/\/www.tucomarca.com\/wordpress\/segunda\/wp-content\/uploads\/2024\/05\/ConchiRicarte1-768x512.jpg 768w\" sizes=\"auto, (max-width: 886px) 100vw, 886px\" \/><\/figure>\n\n\n\n<figure class=\"wp-block-image size-large\"><img loading=\"lazy\" decoding=\"async\" width=\"683\" height=\"1024\" data-id=\"223594\" src=\"https:\/\/www.tucomarca.com\/wordpress\/segunda\/wp-content\/uploads\/2024\/05\/ConchiRicarte2-683x1024.jpg\" alt=\"\" class=\"wp-image-223594\" srcset=\"https:\/\/www.tucomarca.com\/wordpress\/segunda\/wp-content\/uploads\/2024\/05\/ConchiRicarte2-683x1024.jpg 683w, https:\/\/www.tucomarca.com\/wordpress\/segunda\/wp-content\/uploads\/2024\/05\/ConchiRicarte2-200x300.jpg 200w, https:\/\/www.tucomarca.com\/wordpress\/segunda\/wp-content\/uploads\/2024\/05\/ConchiRicarte2-768x1152.jpg 768w, https:\/\/www.tucomarca.com\/wordpress\/segunda\/wp-content\/uploads\/2024\/05\/ConchiRicarte2.jpg 886w\" sizes=\"auto, (max-width: 683px) 100vw, 683px\" \/><\/figure>\n\n\n\n<figure class=\"wp-block-image size-large\"><img loading=\"lazy\" decoding=\"async\" width=\"683\" height=\"1024\" data-id=\"223596\" src=\"https:\/\/www.tucomarca.com\/wordpress\/segunda\/wp-content\/uploads\/2024\/05\/ConchiRicarte3-683x1024.jpg\" alt=\"\" class=\"wp-image-223596\" srcset=\"https:\/\/www.tucomarca.com\/wordpress\/segunda\/wp-content\/uploads\/2024\/05\/ConchiRicarte3-683x1024.jpg 683w, https:\/\/www.tucomarca.com\/wordpress\/segunda\/wp-content\/uploads\/2024\/05\/ConchiRicarte3-200x300.jpg 200w, https:\/\/www.tucomarca.com\/wordpress\/segunda\/wp-content\/uploads\/2024\/05\/ConchiRicarte3-768x1152.jpg 768w, https:\/\/www.tucomarca.com\/wordpress\/segunda\/wp-content\/uploads\/2024\/05\/ConchiRicarte3.jpg 886w\" sizes=\"auto, (max-width: 683px) 100vw, 683px\" \/><\/figure>\n\n\n\n<figure class=\"wp-block-image size-large\"><img loading=\"lazy\" decoding=\"async\" width=\"886\" height=\"591\" data-id=\"223600\" src=\"https:\/\/www.tucomarca.com\/wordpress\/segunda\/wp-content\/uploads\/2024\/05\/ConchiRicarte5.jpg\" alt=\"\" class=\"wp-image-223600\" srcset=\"https:\/\/www.tucomarca.com\/wordpress\/segunda\/wp-content\/uploads\/2024\/05\/ConchiRicarte5.jpg 886w, https:\/\/www.tucomarca.com\/wordpress\/segunda\/wp-content\/uploads\/2024\/05\/ConchiRicarte5-300x200.jpg 300w, https:\/\/www.tucomarca.com\/wordpress\/segunda\/wp-content\/uploads\/2024\/05\/ConchiRicarte5-768x512.jpg 768w\" sizes=\"auto, (max-width: 886px) 100vw, 886px\" \/><\/figure>\n<\/figure>\n\n\n\n<p>Antes de comenzar el encuentro entre el CD Bu\u00f1ol y el SD Sueca, se realiz\u00f3 un homenaje a Conchi Ricarte, donde recibi\u00f3 un obsequio como muestra de agradecimiento por su contribuci\u00f3n al club y al f\u00fatbol femenino en general. <\/p>\n\n\n\n<p>Conchi es un ejemplo de dedicaci\u00f3n, talento y pasi\u00f3n por el f\u00fatbol. Su legado inspirar\u00e1 a muchas j\u00f3venes jugadoras que sue\u00f1an con seguir sus pasos. Informa, <strong>P. Ferrer<\/strong>.<\/p>\n\n\n\n<p>Fotos: <strong>Jos\u00e9 L. Mont\u00f3n<\/strong>.<\/p>\n","protected":false},"excerpt":{"rendered":"<div class=\"mh-excerpt\">El campo Beltr\u00e1n B\u00e1guena ha sido testigo este pasado s\u00e1bado de una emotiva jornada, cuando Conchi Ricarte, una de las figuras m\u00e1s destacadas del f\u00fatbol femenino de la Comunitat, se despidi\u00f3 del f\u00fatbol profesional. En <a class=\"mh-excerpt-more\" href=\"https:\/\/www.tucomarca.com\/wordpress\/segunda\/emotiva-despedida-de-conchi-ricarte-del-futbol-femenino-profesional-en-el-beltran-baguena-de-bunol\/\" title=\"Emotiva despedida de Conchi Ricarte del f\u00fatbol femenino profesional en el Beltr\u00e1n B\u00e1guena de Bu\u00f1ol\">[+] <\/a><\/div>\n","protected":false},"author":12,"featured_media":223598,"comment_status":"open","ping_status":"open","sticky":false,"template":"","format":"gallery","meta":{"footnotes":""},"categories":[18,50,6,8,10,3],"tags":[10385,537,20709,5952],"class_list":{"0":"post-223590","1":"post","2":"type-post","3":"status-publish","4":"format-gallery","5":"has-post-thumbnail","7":"category-bunol","8":"category-futbol-deportes","9":"category-deportes","10":"category-la-comarca","11":"category-la-hoya","12":"category-seccion","13":"tag-bunol","14":"tag-cd-bunol","15":"tag-conchi-ricarte","16":"tag-la-hoya-de-bunol-chiva","17":"post_format-post-format-gallery"},"_links":{"self":[{"href":"https:\/\/www.tucomarca.com\/wordpress\/segunda\/wp-json\/wp\/v2\/posts\/223590","targetHints":{"allow":["GET"]}}],"collection":[{"href":"https:\/\/www.tucomarca.com\/wordpress\/segunda\/wp-json\/wp\/v2\/posts"}],"about":[{"href":"https:\/\/www.tucomarca.com\/wordpress\/segunda\/wp-json\/wp\/v2\/types\/post"}],"author":[{"embeddable":true,"href":"https:\/\/www.tucomarca.com\/wordpress\/segunda\/wp-json\/wp\/v2\/users\/12"}],"replies":[{"embeddable":true,"href":"https:\/\/www.tucomarca.com\/wordpress\/segunda\/wp-json\/wp\/v2\/comments?post=223590"}],"version-history":[{"count":0,"href":"https:\/\/www.tucomarca.com\/wordpress\/segunda\/wp-json\/wp\/v2\/posts\/223590\/revisions"}],"wp:featuredmedia":[{"embeddable":true,"href":"https:\/\/www.tucomarca.com\/wordpress\/segunda\/wp-json\/wp\/v2\/media\/223598"}],"wp:attachment":[{"href":"https:\/\/www.tucomarca.com\/wordpress\/segunda\/wp-json\/wp\/v2\/media?parent=223590"}],"wp:term":[{"taxonomy":"category","embeddable":true,"href":"https:\/\/www.tucomarca.com\/wordpress\/segunda\/wp-json\/wp\/v2\/categories?post=223590"},{"taxonomy":"post_tag","embeddable":true,"href":"https:\/\/www.tucomarca.com\/wordpress\/segunda\/wp-json\/wp\/v2\/tags?post=223590"}],"curies":[{"name":"wp","href":"https:\/\/api.w.org\/{rel}","templated":true}]}}