{"id":223998,"date":"2024-05-22T13:05:00","date_gmt":"2024-05-22T11:05:00","guid":{"rendered":"https:\/\/www.tucomarca.com\/wordpress\/segunda\/?p=223998"},"modified":"2024-05-22T19:36:25","modified_gmt":"2024-05-22T17:36:25","slug":"la-asociacion-colectiva27-expone-su-nueva-muestra-resiliencia-ii-en-alboraia","status":"publish","type":"post","link":"https:\/\/www.tucomarca.com\/wordpress\/segunda\/la-asociacion-colectiva27-expone-su-nueva-muestra-resiliencia-ii-en-alboraia\/","title":{"rendered":"La asociaci\u00f3n Colectiva27 expone su nueva muestra, Resiliencia II, en Alboraia"},"content":{"rendered":"\n<p>Esta asociaci\u00f3n art\u00edstica y cultural con sede en Venta de Gaeta, Cortes de Pall\u00e1s est\u00e1 formada por Hope Campos, Inma Peir\u00f3, Kita Pardo, Ana Tom\u00e1s, Rosa Mar\u00edn, Rebeka Catal\u00e1 e Isabel Folgado que en esta ocasi\u00f3n Natividad Soriano y Daniela Chinchilla les acompa\u00f1an y refuerzan la tem\u00e1tica, todas ellas mujeres con grandes inquietudes art\u00edsticas.<\/p>\n\n\n<div class=\"wp-block-image\">\n<figure class=\"alignleft size-large is-resized\"><img loading=\"lazy\" decoding=\"async\" width=\"727\" height=\"1024\" src=\"https:\/\/www.tucomarca.com\/wordpress\/segunda\/wp-content\/uploads\/2024\/05\/resilienciaAlboraya-727x1024.jpeg\" alt=\"\" class=\"wp-image-224003\" style=\"width:396px;height:auto\" srcset=\"https:\/\/www.tucomarca.com\/wordpress\/segunda\/wp-content\/uploads\/2024\/05\/resilienciaAlboraya-727x1024.jpeg 727w, https:\/\/www.tucomarca.com\/wordpress\/segunda\/wp-content\/uploads\/2024\/05\/resilienciaAlboraya-213x300.jpeg 213w, https:\/\/www.tucomarca.com\/wordpress\/segunda\/wp-content\/uploads\/2024\/05\/resilienciaAlboraya-768x1082.jpeg 768w, https:\/\/www.tucomarca.com\/wordpress\/segunda\/wp-content\/uploads\/2024\/05\/resilienciaAlboraya-1090x1536.jpeg 1090w, https:\/\/www.tucomarca.com\/wordpress\/segunda\/wp-content\/uploads\/2024\/05\/resilienciaAlboraya.jpeg 1453w\" sizes=\"auto, (max-width: 727px) 100vw, 727px\" \/><\/figure>\n<\/div>\n\n\n<p>Este a\u00f1o, RESILIENCIA es el lema creativo, que se trabaja en una continua red de exposiciones, desde los diferentes puntos de vista de las artistas. Mujer y medioambiente se entrelazan a trav\u00e9s de la materia, para capturar la esencia misma de esta resiliencia con un lenguaje simb\u00f3lico lleno de claves que de una forma u otra les definen como artistas.<br>En esta ocasi\u00f3n Alboraya es el municipio que acoge esta muestra in\u00e9dita comisariadas por Inma Peir\u00f3 y Ana Tom\u00e1s donde se presenta una mirada sobre el paisaje, el territorio, la mujer, la naturaleza y su acci\u00f3n sobre ella: La destrucci\u00f3n como creaci\u00f3n y la naturaleza como resistencia. \u201cElla ser\u00e1 sin nosotros, pero nosotros no seremos sin ella\u201d.<br>Una mirada sensorial que construye una cultura ligada al contexto del cuidado y el respeto medioambiental. Cada obra entabla un di\u00e1logo entre la disciplina que se utiliza y el mensaje que se comparte, generando un relato de vivencias y perspectivas de las artistas con el entorno y su papel como generadoras de conciencia colectiva respetuosa. En ellas se refleja aquello que no se pierde y que no se quiere perder, la relaci\u00f3n con la naturaleza y el placer de expresarnos en un lenguaje art\u00edstico plural.<br>Alboraia recoge as\u00ed un escenario simb\u00f3lico que refleja la fuerza vital y la renovaci\u00f3n, mientras se manifiesta un activismo en el proceso creativo y en la valoraci\u00f3n de la acci\u00f3n creadora para fijar empat\u00edas con el concepto resiliente y su reflexi\u00f3n.<br>Las obras in\u00e9ditas marcan un di\u00e1logo donde la visi\u00f3n de cada artista se centra en los materiales, texturas, recuerdos, composiciones, instalaciones\u2026 como mensaje o como medio utilizando tejido, madera, tierra, cer\u00e1mica, pigmento, fotograf\u00eda, cobre, etc.<br>El proyecto pretende acercar desde el arte propuestas diferentes con un mismo fin: la conciencia de formar parte de un todo sin agotar los diferentes h\u00e1bitats que compartimos en los diferentes modos de resiliencia compartida.<\/p>\n\n\n\n<p>La exposici\u00f3n podr\u00e1 visitarse en la Casa de la Cultura Jos\u00e9 Peris Arag\u00f3 de Alboraia, desde el 31 de mayo hasta el 28 de junio, de lunes a viernes en horario de 9:00 a 21:00 y s\u00e1bados de 09:00 a 14:00h.<\/p>\n","protected":false},"excerpt":{"rendered":"<div class=\"mh-excerpt\">Esta asociaci\u00f3n art\u00edstica y cultural con sede en Venta de Gaeta, Cortes de Pall\u00e1s est\u00e1 formada por Hope Campos, Inma Peir\u00f3, Kita Pardo, Ana Tom\u00e1s, Rosa Mar\u00edn, Rebeka Catal\u00e1 e Isabel Folgado que en esta <a class=\"mh-excerpt-more\" href=\"https:\/\/www.tucomarca.com\/wordpress\/segunda\/la-asociacion-colectiva27-expone-su-nueva-muestra-resiliencia-ii-en-alboraia\/\" title=\"La asociaci\u00f3n Colectiva27 expone su nueva muestra, Resiliencia II, en Alboraia\">[+] <\/a><\/div>\n","protected":false},"author":12,"featured_media":224003,"comment_status":"open","ping_status":"open","sticky":false,"template":"","format":"standard","meta":{"footnotes":""},"categories":[4,38,40,8,92,3],"tags":[16025,10392,20735],"class_list":{"0":"post-223998","1":"post","2":"type-post","3":"status-publish","4":"format-standard","5":"has-post-thumbnail","7":"category-agenda","8":"category-ayora-cofrentes","9":"category-cortes-de-pallas","10":"category-la-comarca","11":"category-pintura","12":"category-seccion","13":"tag-colectiva-27","14":"tag-cortes-de-pallas","15":"tag-venta-de-gaeta"},"_links":{"self":[{"href":"https:\/\/www.tucomarca.com\/wordpress\/segunda\/wp-json\/wp\/v2\/posts\/223998","targetHints":{"allow":["GET"]}}],"collection":[{"href":"https:\/\/www.tucomarca.com\/wordpress\/segunda\/wp-json\/wp\/v2\/posts"}],"about":[{"href":"https:\/\/www.tucomarca.com\/wordpress\/segunda\/wp-json\/wp\/v2\/types\/post"}],"author":[{"embeddable":true,"href":"https:\/\/www.tucomarca.com\/wordpress\/segunda\/wp-json\/wp\/v2\/users\/12"}],"replies":[{"embeddable":true,"href":"https:\/\/www.tucomarca.com\/wordpress\/segunda\/wp-json\/wp\/v2\/comments?post=223998"}],"version-history":[{"count":0,"href":"https:\/\/www.tucomarca.com\/wordpress\/segunda\/wp-json\/wp\/v2\/posts\/223998\/revisions"}],"wp:featuredmedia":[{"embeddable":true,"href":"https:\/\/www.tucomarca.com\/wordpress\/segunda\/wp-json\/wp\/v2\/media\/224003"}],"wp:attachment":[{"href":"https:\/\/www.tucomarca.com\/wordpress\/segunda\/wp-json\/wp\/v2\/media?parent=223998"}],"wp:term":[{"taxonomy":"category","embeddable":true,"href":"https:\/\/www.tucomarca.com\/wordpress\/segunda\/wp-json\/wp\/v2\/categories?post=223998"},{"taxonomy":"post_tag","embeddable":true,"href":"https:\/\/www.tucomarca.com\/wordpress\/segunda\/wp-json\/wp\/v2\/tags?post=223998"}],"curies":[{"name":"wp","href":"https:\/\/api.w.org\/{rel}","templated":true}]}}