{"id":224013,"date":"2024-05-22T12:55:00","date_gmt":"2024-05-22T10:55:00","guid":{"rendered":"https:\/\/www.tucomarca.com\/wordpress\/segunda\/?p=224013"},"modified":"2024-05-22T19:33:14","modified_gmt":"2024-05-22T17:33:14","slug":"aras-en-flor-arranca-este-fin-de-semana-transformando-el-municipio-en-un-amplio-jardin-efimero","status":"publish","type":"post","link":"https:\/\/www.tucomarca.com\/wordpress\/segunda\/aras-en-flor-arranca-este-fin-de-semana-transformando-el-municipio-en-un-amplio-jardin-efimero\/","title":{"rendered":"Aras en Flor arranca este fin de semana transformando el municipio en un amplio jard\u00edn ef\u00edmero"},"content":{"rendered":"\n<p>La actividad que se convierte en una excusa para conocer la rica oferta cultural de Aras de los Olmos, cuenta con la implicaci\u00f3n de gran parte de la vecindad y comercios que convierten las calles de Aras de los Olmos y Losilla, en un entorno en el que las flores se convierten en protagonistas.<\/p>\n\n\n\n<p>Durante varias semanas, el municipio transformar\u00e1 sus calles y rincones en un jard\u00edn ef\u00edmero con la celebraci\u00f3n de una actividad que ya se ha consolidado tras cinco ediciones y que permite, durante varios fines de semana, presentar la amplia oferta del municipio a los cientos de turistas que se animan a desplazarse a este municipio de la Serran\u00eda.<\/p>\n\n\n\n<p>Durante la edici\u00f3n que ahora se inicia, est\u00e1 prevista la exposici\u00f3n de 17 espacios florales que compiten por los galardones que destacar\u00e1n entre otras, la creatividad, sostenibilidad y narrativa del territorio de creaciones elaboradas por particulares para engalanar, uno de los municipios m\u00e1s representativos de la \u201cValencia de interior\u201d.<\/p>\n\n\n\n<p>Adem\u00e1s, durante varios fines de semana, Aras en Flor sirve como marca que aglutina diversas actividades dirigidas a todos los p\u00fablicos, pudiendo disfrutar en la visita de actividades tan diversas como talleres de estampaci\u00f3n o fotograf\u00eda nocturna, observaciones con cata de vinos , teatro o actividades l\u00fadicas dirigidas a los m\u00e1s peque\u00f1os.<\/p>\n\n\n\n<p>A tan s\u00f3lo una hora de la ciudad de Valencia, Aras en Flor se convierte en un reclamo para visitantes que buscan naturaleza, gastronom\u00eda, cultura y ahora, con este certamen, la belleza que aporta un municipio volcado en la tradici\u00f3n de engalanar sus calles.<\/p>\n\n\n\n<p>Toda la informaci\u00f3n sobre las actividades previstas se encuentra en: <a href=\"http:\/\/www.arasdelosolmos.es\">www.arasdelosolmos.es<\/a><\/p>\n","protected":false},"excerpt":{"rendered":"<div class=\"mh-excerpt\">La actividad que se convierte en una excusa para conocer la rica oferta cultural de Aras de los Olmos, cuenta con la implicaci\u00f3n de gran parte de la vecindad y comercios que convierten las calles <a class=\"mh-excerpt-more\" href=\"https:\/\/www.tucomarca.com\/wordpress\/segunda\/aras-en-flor-arranca-este-fin-de-semana-transformando-el-municipio-en-un-amplio-jardin-efimero\/\" title=\"Aras en Flor arranca este fin de semana transformando el municipio en un amplio jard\u00edn ef\u00edmero\">[+] <\/a><\/div>\n","protected":false},"author":1,"featured_media":224017,"comment_status":"open","ping_status":"open","sticky":false,"template":"","format":"standard","meta":{"footnotes":""},"categories":[4,101,8,59,7,3],"tags":[10483,3912,10400],"class_list":{"0":"post-224013","1":"post","2":"type-post","3":"status-publish","4":"format-standard","5":"has-post-thumbnail","7":"category-agenda","8":"category-aras-de-olmos","9":"category-la-comarca","10":"category-los-serranos","11":"category-ocio-y-cultura","12":"category-seccion","13":"tag-aras-de-olmos","14":"tag-la-serrania","15":"tag-los-serranos"},"_links":{"self":[{"href":"https:\/\/www.tucomarca.com\/wordpress\/segunda\/wp-json\/wp\/v2\/posts\/224013","targetHints":{"allow":["GET"]}}],"collection":[{"href":"https:\/\/www.tucomarca.com\/wordpress\/segunda\/wp-json\/wp\/v2\/posts"}],"about":[{"href":"https:\/\/www.tucomarca.com\/wordpress\/segunda\/wp-json\/wp\/v2\/types\/post"}],"author":[{"embeddable":true,"href":"https:\/\/www.tucomarca.com\/wordpress\/segunda\/wp-json\/wp\/v2\/users\/1"}],"replies":[{"embeddable":true,"href":"https:\/\/www.tucomarca.com\/wordpress\/segunda\/wp-json\/wp\/v2\/comments?post=224013"}],"version-history":[{"count":0,"href":"https:\/\/www.tucomarca.com\/wordpress\/segunda\/wp-json\/wp\/v2\/posts\/224013\/revisions"}],"wp:featuredmedia":[{"embeddable":true,"href":"https:\/\/www.tucomarca.com\/wordpress\/segunda\/wp-json\/wp\/v2\/media\/224017"}],"wp:attachment":[{"href":"https:\/\/www.tucomarca.com\/wordpress\/segunda\/wp-json\/wp\/v2\/media?parent=224013"}],"wp:term":[{"taxonomy":"category","embeddable":true,"href":"https:\/\/www.tucomarca.com\/wordpress\/segunda\/wp-json\/wp\/v2\/categories?post=224013"},{"taxonomy":"post_tag","embeddable":true,"href":"https:\/\/www.tucomarca.com\/wordpress\/segunda\/wp-json\/wp\/v2\/tags?post=224013"}],"curies":[{"name":"wp","href":"https:\/\/api.w.org\/{rel}","templated":true}]}}