{"id":224157,"date":"2024-05-24T13:15:00","date_gmt":"2024-05-24T11:15:00","guid":{"rendered":"https:\/\/www.tucomarca.com\/wordpress\/segunda\/?p=224157"},"modified":"2024-05-24T19:51:24","modified_gmt":"2024-05-24T17:51:24","slug":"fotogaleria-extraordinario-concierto-de-la-banda-sinfonica-del-conservatorio-san-rafael-de-bunol-y-la-banda-de-la-universidad-de-texas-en-el-teatro-montecarlo","status":"publish","type":"post","link":"https:\/\/www.tucomarca.com\/wordpress\/segunda\/fotogaleria-extraordinario-concierto-de-la-banda-sinfonica-del-conservatorio-san-rafael-de-bunol-y-la-banda-de-la-universidad-de-texas-en-el-teatro-montecarlo\/","title":{"rendered":"Fotogaler\u00eda: extraordinario concierto de la Banda Sinf\u00f3nica del Conservatorio San Rafael de Bu\u00f1ol y la Banda de la Universidad de Texas en el Teatro Montecarlo"},"content":{"rendered":"\n<p>El Teatro Montecarlo de Bu\u00f1ol fue el escenario de un extraordinario concierto el pasado fin de semana, protagonizado por la Banda Sinf\u00f3nica del Conservatorio San Rafael de Bu\u00f1ol, dirigida por su titular, Eduardo Carrascosa y la Banda de la Universidad de Texas. Este evento musical no solo ofreci\u00f3 una noche de impresionante talento y colaboraci\u00f3n internacional, sino que tambi\u00e9n celebr\u00f3 el estreno absoluto de la obra \u00abIntroduction and Capriccio\u00bb del compositor Israel Alonso, quien honr\u00f3 al evento con su presencia. La obra recibi\u00f3 una ovaci\u00f3n del p\u00fablico, resaltando el talento y la innovaci\u00f3n de Alonso.<\/p>\n\n\n\n<p>El evento tuvo un significado especial al celebrar la graduaci\u00f3n de los alumnos de sexto curso del Conservatorio San Rafael. Estos j\u00f3venes m\u00fasicos, que han completado una etapa crucial en su formaci\u00f3n, recibieron un reconocimiento especial durante la ceremonia. \u00abFelicitamos al alumnado que finalizasus estudios en el centro por su logro y les deseamos \u00e9xito en sus futuros proyectos musicales\u00bb, coment\u00f3 un portavoz del Conservatorio San Rafael.<\/p>\n\n\n\n<p>El concierto tambi\u00e9n cont\u00f3 con la destacada actuaci\u00f3n del solista de trompeta Antonio Cambres, cuya interpretaci\u00f3n fue recibida con gran entusiasmo y aplausos por parte de los asistentes. La colaboraci\u00f3n entre la Banda Sinf\u00f3nica del Conservatorio San Rafael de Bu\u00f1ol y la Banda de la Universidad de Texas demostr\u00f3 la universalidad de la m\u00fasica y la capacidad de unir culturas a trav\u00e9s de la interpretaci\u00f3n musical.<br>Adem\u00e1s del \u00e9xito musical, la presencia del compositor Israel Alonso y del solista Antonio Cambres a\u00f1adi\u00f3 un toque especial a la noche, haciendo del concierto una experiencia inolvidable para todos los presentes. <\/p>\n\n\n\n<p>El concierto en el Teatro Montecarlo fue una celebraci\u00f3n de talento, colaboraci\u00f3n y logro, consolidando al Conservatorio de Bu\u00f1ol como un centro destacado para el estudio de la m\u00fasica.<\/p>\n\n\n\n<figure class=\"wp-block-gallery has-nested-images columns-1 is-cropped wp-block-gallery-1 is-layout-flex wp-block-gallery-is-layout-flex\">\n<figure class=\"wp-block-image size-large\"><img loading=\"lazy\" decoding=\"async\" width=\"886\" height=\"624\" data-id=\"224163\" src=\"https:\/\/www.tucomarca.com\/wordpress\/segunda\/wp-content\/uploads\/2024\/05\/ConservatorioFinCurso03.jpg\" alt=\"\" class=\"wp-image-224163\" srcset=\"https:\/\/www.tucomarca.com\/wordpress\/segunda\/wp-content\/uploads\/2024\/05\/ConservatorioFinCurso03.jpg 886w, https:\/\/www.tucomarca.com\/wordpress\/segunda\/wp-content\/uploads\/2024\/05\/ConservatorioFinCurso03-300x211.jpg 300w, https:\/\/www.tucomarca.com\/wordpress\/segunda\/wp-content\/uploads\/2024\/05\/ConservatorioFinCurso03-768x541.jpg 768w\" sizes=\"auto, (max-width: 886px) 100vw, 886px\" \/><\/figure>\n\n\n\n<figure class=\"wp-block-image size-large\"><img loading=\"lazy\" decoding=\"async\" width=\"886\" height=\"665\" data-id=\"224165\" src=\"https:\/\/www.tucomarca.com\/wordpress\/segunda\/wp-content\/uploads\/2024\/05\/ConservatorioFinCurso04.jpg\" alt=\"\" class=\"wp-image-224165\" srcset=\"https:\/\/www.tucomarca.com\/wordpress\/segunda\/wp-content\/uploads\/2024\/05\/ConservatorioFinCurso04.jpg 886w, https:\/\/www.tucomarca.com\/wordpress\/segunda\/wp-content\/uploads\/2024\/05\/ConservatorioFinCurso04-300x225.jpg 300w, https:\/\/www.tucomarca.com\/wordpress\/segunda\/wp-content\/uploads\/2024\/05\/ConservatorioFinCurso04-768x576.jpg 768w, https:\/\/www.tucomarca.com\/wordpress\/segunda\/wp-content\/uploads\/2024\/05\/ConservatorioFinCurso04-678x509.jpg 678w, https:\/\/www.tucomarca.com\/wordpress\/segunda\/wp-content\/uploads\/2024\/05\/ConservatorioFinCurso04-326x245.jpg 326w, https:\/\/www.tucomarca.com\/wordpress\/segunda\/wp-content\/uploads\/2024\/05\/ConservatorioFinCurso04-80x60.jpg 80w\" sizes=\"auto, (max-width: 886px) 100vw, 886px\" \/><\/figure>\n\n\n\n<figure class=\"wp-block-image size-large\"><img loading=\"lazy\" decoding=\"async\" width=\"886\" height=\"597\" data-id=\"224167\" src=\"https:\/\/www.tucomarca.com\/wordpress\/segunda\/wp-content\/uploads\/2024\/05\/ConservatorioFinCurso05.jpg\" alt=\"\" class=\"wp-image-224167\" srcset=\"https:\/\/www.tucomarca.com\/wordpress\/segunda\/wp-content\/uploads\/2024\/05\/ConservatorioFinCurso05.jpg 886w, https:\/\/www.tucomarca.com\/wordpress\/segunda\/wp-content\/uploads\/2024\/05\/ConservatorioFinCurso05-300x202.jpg 300w, https:\/\/www.tucomarca.com\/wordpress\/segunda\/wp-content\/uploads\/2024\/05\/ConservatorioFinCurso05-768x517.jpg 768w\" sizes=\"auto, (max-width: 886px) 100vw, 886px\" \/><\/figure>\n\n\n\n<figure class=\"wp-block-image size-large\"><img loading=\"lazy\" decoding=\"async\" width=\"886\" height=\"665\" data-id=\"224161\" src=\"https:\/\/www.tucomarca.com\/wordpress\/segunda\/wp-content\/uploads\/2024\/05\/ConservatorioFinCurso02.jpg\" alt=\"\" class=\"wp-image-224161\" srcset=\"https:\/\/www.tucomarca.com\/wordpress\/segunda\/wp-content\/uploads\/2024\/05\/ConservatorioFinCurso02.jpg 886w, https:\/\/www.tucomarca.com\/wordpress\/segunda\/wp-content\/uploads\/2024\/05\/ConservatorioFinCurso02-300x225.jpg 300w, https:\/\/www.tucomarca.com\/wordpress\/segunda\/wp-content\/uploads\/2024\/05\/ConservatorioFinCurso02-768x576.jpg 768w, https:\/\/www.tucomarca.com\/wordpress\/segunda\/wp-content\/uploads\/2024\/05\/ConservatorioFinCurso02-678x509.jpg 678w, https:\/\/www.tucomarca.com\/wordpress\/segunda\/wp-content\/uploads\/2024\/05\/ConservatorioFinCurso02-326x245.jpg 326w, https:\/\/www.tucomarca.com\/wordpress\/segunda\/wp-content\/uploads\/2024\/05\/ConservatorioFinCurso02-80x60.jpg 80w\" sizes=\"auto, (max-width: 886px) 100vw, 886px\" \/><\/figure>\n<\/figure>\n","protected":false},"excerpt":{"rendered":"<div class=\"mh-excerpt\">El Teatro Montecarlo de Bu\u00f1ol fue el escenario de un extraordinario concierto el pasado fin de semana, protagonizado por la Banda Sinf\u00f3nica del Conservatorio San Rafael de Bu\u00f1ol, dirigida por su titular, Eduardo Carrascosa y <a class=\"mh-excerpt-more\" href=\"https:\/\/www.tucomarca.com\/wordpress\/segunda\/fotogaleria-extraordinario-concierto-de-la-banda-sinfonica-del-conservatorio-san-rafael-de-bunol-y-la-banda-de-la-universidad-de-texas-en-el-teatro-montecarlo\/\" title=\"Fotogaler\u00eda: extraordinario concierto de la Banda Sinf\u00f3nica del Conservatorio San Rafael de Bu\u00f1ol y la Banda de la Universidad de Texas en el Teatro Montecarlo\">[+] <\/a><\/div>\n","protected":false},"author":12,"featured_media":224159,"comment_status":"open","ping_status":"open","sticky":false,"template":"","format":"gallery","meta":{"footnotes":""},"categories":[18,66,8,10,5,7,3],"tags":[10385,20426,5952],"class_list":{"0":"post-224157","1":"post","2":"type-post","3":"status-publish","4":"format-gallery","5":"has-post-thumbnail","7":"category-bunol","8":"category-musica","9":"category-la-comarca","10":"category-la-hoya","11":"category-la-semana-en-imagenes","12":"category-ocio-y-cultura","13":"category-seccion","14":"tag-bunol","15":"tag-conservatorio-san-rafael-de-bunol","16":"tag-la-hoya-de-bunol-chiva","17":"post_format-post-format-gallery"},"_links":{"self":[{"href":"https:\/\/www.tucomarca.com\/wordpress\/segunda\/wp-json\/wp\/v2\/posts\/224157","targetHints":{"allow":["GET"]}}],"collection":[{"href":"https:\/\/www.tucomarca.com\/wordpress\/segunda\/wp-json\/wp\/v2\/posts"}],"about":[{"href":"https:\/\/www.tucomarca.com\/wordpress\/segunda\/wp-json\/wp\/v2\/types\/post"}],"author":[{"embeddable":true,"href":"https:\/\/www.tucomarca.com\/wordpress\/segunda\/wp-json\/wp\/v2\/users\/12"}],"replies":[{"embeddable":true,"href":"https:\/\/www.tucomarca.com\/wordpress\/segunda\/wp-json\/wp\/v2\/comments?post=224157"}],"version-history":[{"count":0,"href":"https:\/\/www.tucomarca.com\/wordpress\/segunda\/wp-json\/wp\/v2\/posts\/224157\/revisions"}],"wp:featuredmedia":[{"embeddable":true,"href":"https:\/\/www.tucomarca.com\/wordpress\/segunda\/wp-json\/wp\/v2\/media\/224159"}],"wp:attachment":[{"href":"https:\/\/www.tucomarca.com\/wordpress\/segunda\/wp-json\/wp\/v2\/media?parent=224157"}],"wp:term":[{"taxonomy":"category","embeddable":true,"href":"https:\/\/www.tucomarca.com\/wordpress\/segunda\/wp-json\/wp\/v2\/categories?post=224157"},{"taxonomy":"post_tag","embeddable":true,"href":"https:\/\/www.tucomarca.com\/wordpress\/segunda\/wp-json\/wp\/v2\/tags?post=224157"}],"curies":[{"name":"wp","href":"https:\/\/api.w.org\/{rel}","templated":true}]}}