{"id":2243,"date":"2012-05-23T17:32:38","date_gmt":"2012-05-23T15:32:38","guid":{"rendered":"http:\/\/www.tucomarca.com\/wordpress\/segunda\/?p=2243"},"modified":"2012-05-23T17:32:38","modified_gmt":"2012-05-23T15:32:38","slug":"la-diputacion-distribuye-220-000-euros-en-ayudas-a-10-aldeas-y-pedanias-del-rincon-de-ademuz","status":"publish","type":"post","link":"https:\/\/www.tucomarca.com\/wordpress\/segunda\/la-diputacion-distribuye-220-000-euros-en-ayudas-a-10-aldeas-y-pedanias-del-rincon-de-ademuz\/","title":{"rendered":"La Diputaci\u00f3n distribuye 220.000 euros en ayudas a 10 aldeas y pedan\u00edas del Rinc\u00f3n de Ademuz"},"content":{"rendered":"<p>La Diputaci\u00f3n de Valencia distribuir\u00e1 este a\u00f1o un total de 220.000 euros entre las aldeas y pedan\u00edas del Rinc\u00f3n de Ademuz, para acometer nuevos proyectos de desarrollo de estos peque\u00f1os n\u00facleos de poblaci\u00f3n.<\/p>\n<p>El Plan de N\u00facleos impulsado por la instituci\u00f3n provincial desde 1996 es un programa dirigido a resolver las carencias de las poblaciones de \u00e1mbito territorial inferior al municipio \u00abcon el objetivo de que cualquier vecino, viva en el n\u00facleo que viva, cuente con los mismos servicios, equipamientos e infraestructuras, que el ciudadano que reside en el municipio\u00bb, seg\u00fan ha explicado el diputado de Cooperaci\u00f3n Municipal, Juan Jos\u00e9 Medina.<\/p>\n<p>La Diputaci\u00f3n ha destinado este a\u00f1o un total de 3.200.000 euros a la mejora de infraestructuras y servicios de aldeas y pedan\u00edas.<\/p>\n<p>El plan permitir\u00e1 ejecutar en localidades alejadas de los n\u00facleos urbanos grandes 120 proyectos b\u00e1sicos e indispensables relacionados con la dotaci\u00f3n de equipamiento, urbanizaci\u00f3n de calles, alumbrado p\u00fablico y construcci\u00f3n de edificios, entre otros.<\/p>\n<p>Medina ha afirmado que el programa provincial \u00abmantiene este a\u00f1o la misma inversi\u00f3n que en los \u00faltimos ejercicios para seguir dando servicio a todos los ciudadanos de la provincia, independientemente de su lugar de residencia\u00bb.<\/p>\n<p><strong>MUNICIPIO\/obra\/subvenci\u00f3n (euros) <\/strong><\/p>\n<p>ADEMUZ\/Mejora de v\u00edas urbanas y servicios en aldea M\u00e1s del Olmo\/40.000\u00a0 euros<\/p>\n<p>ADEMUZ\/Mejora de v\u00edas urbanas y servicios en aldea Sesga\/40.000 euros<\/p>\n<p>ADEMUZ\/Mejora de v\u00edas urbanas y servicios en aldea Val de la Sabina\/40.000 euros<\/p>\n<p>CASTIELFABIB\/Electrificaci\u00f3n 4\u00aa fase en Arroyo Cerezo y Los Santos. Urbanizaci\u00f3n 4\u00aa fase en Cuesta del Rato y Mas de los Mudos y Electrificaci\u00f3n 5\u00aa fase en Mas de Jacinto\/75.000 euros<\/p>\n<p>TORREBAJA\/Finalizaci\u00f3n accesos cementerio en aldea de Torre Alta\/10.000 euros<\/p>\n<p>TORREBAJA\/Prolongaci\u00f3n de la red de saneamiento en la aldea de Los Pajares\/15.000 euros<\/p>\n","protected":false},"excerpt":{"rendered":"<div class=\"mh-excerpt\">La Diputaci\u00f3n de Valencia distribuir\u00e1 este a\u00f1o un total de 220.000 euros entre las aldeas y pedan\u00edas del Rinc\u00f3n de Ademuz, para acometer nuevos proyectos de desarrollo de estos peque\u00f1os n\u00facleos de poblaci\u00f3n. El Plan <a class=\"mh-excerpt-more\" href=\"https:\/\/www.tucomarca.com\/wordpress\/segunda\/la-diputacion-distribuye-220-000-euros-en-ayudas-a-10-aldeas-y-pedanias-del-rincon-de-ademuz\/\" title=\"La Diputaci\u00f3n distribuye 220.000 euros en ayudas a 10 aldeas y pedan\u00edas del Rinc\u00f3n de Ademuz\">[+] <\/a><\/div>\n","protected":false},"author":1,"featured_media":0,"comment_status":"open","ping_status":"open","sticky":false,"template":"","format":"standard","meta":{"footnotes":""},"categories":[49,223,226,128,8,3,228],"tags":[],"class_list":{"0":"post-2243","1":"post","2":"type-post","3":"status-publish","4":"format-standard","6":"category-ademuz","7":"category-ademuz-ademuz","8":"category-castielfabib","9":"category-infraestructuras","10":"category-la-comarca","11":"category-seccion","12":"category-torrebaja"},"_links":{"self":[{"href":"https:\/\/www.tucomarca.com\/wordpress\/segunda\/wp-json\/wp\/v2\/posts\/2243","targetHints":{"allow":["GET"]}}],"collection":[{"href":"https:\/\/www.tucomarca.com\/wordpress\/segunda\/wp-json\/wp\/v2\/posts"}],"about":[{"href":"https:\/\/www.tucomarca.com\/wordpress\/segunda\/wp-json\/wp\/v2\/types\/post"}],"author":[{"embeddable":true,"href":"https:\/\/www.tucomarca.com\/wordpress\/segunda\/wp-json\/wp\/v2\/users\/1"}],"replies":[{"embeddable":true,"href":"https:\/\/www.tucomarca.com\/wordpress\/segunda\/wp-json\/wp\/v2\/comments?post=2243"}],"version-history":[{"count":0,"href":"https:\/\/www.tucomarca.com\/wordpress\/segunda\/wp-json\/wp\/v2\/posts\/2243\/revisions"}],"wp:attachment":[{"href":"https:\/\/www.tucomarca.com\/wordpress\/segunda\/wp-json\/wp\/v2\/media?parent=2243"}],"wp:term":[{"taxonomy":"category","embeddable":true,"href":"https:\/\/www.tucomarca.com\/wordpress\/segunda\/wp-json\/wp\/v2\/categories?post=2243"},{"taxonomy":"post_tag","embeddable":true,"href":"https:\/\/www.tucomarca.com\/wordpress\/segunda\/wp-json\/wp\/v2\/tags?post=2243"}],"curies":[{"name":"wp","href":"https:\/\/api.w.org\/{rel}","templated":true}]}}