{"id":224332,"date":"2024-06-02T11:05:00","date_gmt":"2024-06-02T09:05:00","guid":{"rendered":"https:\/\/www.tucomarca.com\/wordpress\/segunda\/?p=224332"},"modified":"2024-06-02T11:10:39","modified_gmt":"2024-06-02T09:10:39","slug":"video-ricardo-gabaldon-anuncia-que-la-diputacio-de-valencia-fomentara-los-conciertos-en-europa-de-nuestras-bandas","status":"publish","type":"post","link":"https:\/\/www.tucomarca.com\/wordpress\/segunda\/video-ricardo-gabaldon-anuncia-que-la-diputacio-de-valencia-fomentara-los-conciertos-en-europa-de-nuestras-bandas\/","title":{"rendered":"V\u00eddeo: Ricardo Gabald\u00f3n anuncia que la Diputaci\u00f3 de Val\u00e8ncia fomentar\u00e1 los conciertos en Europa de nuestras bandas"},"content":{"rendered":"\n<figure class=\"wp-block-embed is-type-video is-provider-youtube wp-block-embed-youtube wp-embed-aspect-16-9 wp-has-aspect-ratio\"><div class=\"wp-block-embed__wrapper\">\n<iframe loading=\"lazy\" title=\"V\u00eddeo: Gabald\u00f3n anuncia que la Diputaci\u00f3 fomentar\u00e1 los conciertos en Europa de nuestras bandas\" width=\"500\" height=\"281\" src=\"https:\/\/www.youtube.com\/embed\/3cS_BSIzCnA?feature=oembed\" frameborder=\"0\" allow=\"accelerometer; autoplay; clipboard-write; encrypted-media; gyroscope; picture-in-picture; web-share\" referrerpolicy=\"strict-origin-when-cross-origin\" allowfullscreen><\/iframe>\n<\/div><\/figure>\n\n\n\n<p>El diputado provincial de Bandas de M\u00fasica y alcalde de Utiel, Ricardo Gabald\u00f3n, ha explicado a las c\u00e1maras de <strong>tucomarca televisi\u00f3n<\/strong> que la Diputaci\u00f3 de Val\u00e8ncia tiene previsto incrementar el apoyo que ya presta a nuestras bandas de m\u00fasica con nuevas iniciativas, tales como el fomento de conciertos en Europa, m\u00e1s conciertos comarcales as\u00ed como la creaci\u00f3n de la Joven Banda de la Diputaci\u00f3 de Val\u00e8ncia, entre otras acciones.<\/p>\n","protected":false},"excerpt":{"rendered":"<div class=\"mh-excerpt\">El diputado provincial de Bandas de M\u00fasica y alcalde de Utiel, Ricardo Gabald\u00f3n, ha explicado a las c\u00e1maras de tucomarca televisi\u00f3n que la Diputaci\u00f3 de Val\u00e8ncia tiene previsto incrementar el apoyo que ya presta a <a class=\"mh-excerpt-more\" href=\"https:\/\/www.tucomarca.com\/wordpress\/segunda\/video-ricardo-gabaldon-anuncia-que-la-diputacio-de-valencia-fomentara-los-conciertos-en-europa-de-nuestras-bandas\/\" title=\"V\u00eddeo: Ricardo Gabald\u00f3n anuncia que la Diputaci\u00f3 de Val\u00e8ncia fomentar\u00e1 los conciertos en Europa de nuestras bandas\">[+] <\/a><\/div>\n","protected":false},"author":1,"featured_media":224333,"comment_status":"open","ping_status":"open","sticky":false,"template":"","format":"video","meta":{"footnotes":""},"categories":[66,128,8,72,7,142,27,3,29,45,26],"tags":[3677,2142,10387,19425,10389],"class_list":{"0":"post-224332","1":"post","2":"type-post","3":"status-publish","4":"format-video","5":"has-post-thumbnail","7":"category-musica","8":"category-infraestructuras","9":"category-la-comarca","10":"category-sin-categorizar","11":"category-ocio-y-cultura","12":"category-politica-la-comarca","13":"category-requena-utiel","14":"category-seccion","15":"category-utiel","16":"category-ventana","17":"category-video","18":"tag-diputacio-de-valencia","19":"tag-la-comunitat","20":"tag-requena-utiel","21":"tag-ricardo-gabaldon","22":"tag-utiel","23":"post_format-post-format-video"},"_links":{"self":[{"href":"https:\/\/www.tucomarca.com\/wordpress\/segunda\/wp-json\/wp\/v2\/posts\/224332","targetHints":{"allow":["GET"]}}],"collection":[{"href":"https:\/\/www.tucomarca.com\/wordpress\/segunda\/wp-json\/wp\/v2\/posts"}],"about":[{"href":"https:\/\/www.tucomarca.com\/wordpress\/segunda\/wp-json\/wp\/v2\/types\/post"}],"author":[{"embeddable":true,"href":"https:\/\/www.tucomarca.com\/wordpress\/segunda\/wp-json\/wp\/v2\/users\/1"}],"replies":[{"embeddable":true,"href":"https:\/\/www.tucomarca.com\/wordpress\/segunda\/wp-json\/wp\/v2\/comments?post=224332"}],"version-history":[{"count":0,"href":"https:\/\/www.tucomarca.com\/wordpress\/segunda\/wp-json\/wp\/v2\/posts\/224332\/revisions"}],"wp:featuredmedia":[{"embeddable":true,"href":"https:\/\/www.tucomarca.com\/wordpress\/segunda\/wp-json\/wp\/v2\/media\/224333"}],"wp:attachment":[{"href":"https:\/\/www.tucomarca.com\/wordpress\/segunda\/wp-json\/wp\/v2\/media?parent=224332"}],"wp:term":[{"taxonomy":"category","embeddable":true,"href":"https:\/\/www.tucomarca.com\/wordpress\/segunda\/wp-json\/wp\/v2\/categories?post=224332"},{"taxonomy":"post_tag","embeddable":true,"href":"https:\/\/www.tucomarca.com\/wordpress\/segunda\/wp-json\/wp\/v2\/tags?post=224332"}],"curies":[{"name":"wp","href":"https:\/\/api.w.org\/{rel}","templated":true}]}}