{"id":224665,"date":"2024-05-28T12:00:00","date_gmt":"2024-05-28T10:00:00","guid":{"rendered":"https:\/\/www.tucomarca.com\/wordpress\/segunda\/?p=224665"},"modified":"2024-05-28T20:04:39","modified_gmt":"2024-05-28T18:04:39","slug":"la-ruta-de-arte-urbano-de-la-diputacio-y-el-valencia-cf-vuelve-a-la-vall-dalbaida-con-un-mural-de-gaya-en-beniatjar","status":"publish","type":"post","link":"https:\/\/www.tucomarca.com\/wordpress\/segunda\/la-ruta-de-arte-urbano-de-la-diputacio-y-el-valencia-cf-vuelve-a-la-vall-dalbaida-con-un-mural-de-gaya-en-beniatjar\/","title":{"rendered":"La ruta de arte urbano de la Diputaci\u00f3 y el Valencia CF vuelve a la Vall d\u2019Albaida con un mural de Gay\u00e1 en Beniatjar"},"content":{"rendered":"\n<h3 class=\"wp-block-heading\">La vicepresidenta Nat\u00e0lia Enguix visita, junto a leyendas valencianistas, el mural de la tercera ruta organizada por la Fundaci\u00f3n VCF y Val\u00e8ncia Turisme, obra de Moreno y Yeko; Sink y Xemayo; y Mawe y Pauceda.<\/h3>\n\n\n\n<h3 class=\"wp-block-heading\">Enguix destaca el \u201cpotencial vertebrador\u201d de una iniciativa que esta vez tiene como protagonista principal al capit\u00e1n del Valencia CF, Jos\u00e9 Luis Gay\u00e1. La ruta seguir\u00e1 en Gavarda, Montroi y Tavernes de la Valldigna.<\/h3>\n\n\n\n<p>La vicepresidenta primera de la Diputaci\u00f3 de Val\u00e8ncia, Nat\u00e0lia Enguix, ha coincidido en Beniatjar con las leyendas del Valencia CF que participan en la tercera Ruta de Arte Urbano VCF, que ha iniciado su recorrido en la Vall d\u2019Albaida con un mural colaborativo de Moreno y Yeko; Sink y Xemayo; y Mawe y Pauceda. Enguix ha destacado el \u201cpotencial vertebrador que tiene en nuestros pueblos y comarcas\u201d esta ruta organizada por la Fundaci\u00f3n VCF y Val\u00e8ncia Turisme, marca tur\u00edstica de la Diputaci\u00f3n.<\/p>\n\n\n\n<p>Acompa\u00f1ada por ex jugadores como Ricardo Arias, Vicente Guillot, Fernando Giner o Jos\u00e9 Manuel Sempere, la vicepresidenta Enguix ha hecho referencia \u201cal arraigo que el Valencia CF tiene en nuestros pueblos y ciudades, as\u00ed como su importancia como embajador nacional e internacional de nuestra tierra\u201d. La responsable de Cooperaci\u00f3n Municipal ha puesto en valor \u201cel trabajo del \u00e1rea de Turismo de la Diputaci\u00f3n, que junto a la Fundaci\u00f3n VCF han llevado adelante esta iniciativa que a\u00f1ade un plus a los reclamos tur\u00edsticos de nuestras comarcas\u201d.<\/p>\n\n\n\n<figure class=\"wp-block-gallery has-nested-images columns-1 is-cropped wp-block-gallery-1 is-layout-flex wp-block-gallery-is-layout-flex\">\n<figure class=\"wp-block-image size-large\"><img loading=\"lazy\" decoding=\"async\" width=\"1024\" height=\"576\" data-id=\"224681\" src=\"https:\/\/www.tucomarca.com\/wordpress\/segunda\/wp-content\/uploads\/2024\/05\/EnguixMURALBENIATJAR-1024x576.jpg\" alt=\"\" class=\"wp-image-224681\" srcset=\"https:\/\/www.tucomarca.com\/wordpress\/segunda\/wp-content\/uploads\/2024\/05\/EnguixMURALBENIATJAR-1024x576.jpg 1024w, https:\/\/www.tucomarca.com\/wordpress\/segunda\/wp-content\/uploads\/2024\/05\/EnguixMURALBENIATJAR-300x169.jpg 300w, https:\/\/www.tucomarca.com\/wordpress\/segunda\/wp-content\/uploads\/2024\/05\/EnguixMURALBENIATJAR-768x432.jpg 768w, https:\/\/www.tucomarca.com\/wordpress\/segunda\/wp-content\/uploads\/2024\/05\/EnguixMURALBENIATJAR-1536x864.jpg 1536w, https:\/\/www.tucomarca.com\/wordpress\/segunda\/wp-content\/uploads\/2024\/05\/EnguixMURALBENIATJAR-678x381.jpg 678w, https:\/\/www.tucomarca.com\/wordpress\/segunda\/wp-content\/uploads\/2024\/05\/EnguixMURALBENIATJAR.jpg 2000w\" sizes=\"auto, (max-width: 1024px) 100vw, 1024px\" \/><\/figure>\n\n\n\n<figure class=\"wp-block-image size-large\"><img loading=\"lazy\" decoding=\"async\" width=\"1024\" height=\"576\" data-id=\"224679\" src=\"https:\/\/www.tucomarca.com\/wordpress\/segunda\/wp-content\/uploads\/2024\/05\/Beniatjar3-1024x576.jpg\" alt=\"\" class=\"wp-image-224679\" srcset=\"https:\/\/www.tucomarca.com\/wordpress\/segunda\/wp-content\/uploads\/2024\/05\/Beniatjar3-1024x576.jpg 1024w, https:\/\/www.tucomarca.com\/wordpress\/segunda\/wp-content\/uploads\/2024\/05\/Beniatjar3-300x169.jpg 300w, https:\/\/www.tucomarca.com\/wordpress\/segunda\/wp-content\/uploads\/2024\/05\/Beniatjar3-768x432.jpg 768w, https:\/\/www.tucomarca.com\/wordpress\/segunda\/wp-content\/uploads\/2024\/05\/Beniatjar3-1536x864.jpg 1536w, https:\/\/www.tucomarca.com\/wordpress\/segunda\/wp-content\/uploads\/2024\/05\/Beniatjar3-678x381.jpg 678w, https:\/\/www.tucomarca.com\/wordpress\/segunda\/wp-content\/uploads\/2024\/05\/Beniatjar3.jpg 1600w\" sizes=\"auto, (max-width: 1024px) 100vw, 1024px\" \/><\/figure>\n<\/figure>\n\n\n\n<p>\u201cPara la Diputaci\u00f3n este es un proyecto muy interesante que permite fomentar rutas tur\u00edsticas por nuestros municipios, potenciando nuestro atractivo\u201d, contin\u00faa Enguix, quien no esconde su satisfacci\u00f3n \u201ccuando hago referencia a nuestra \u2018terreta\u2019, a una comarca como la Vall d&#8217;Albaida llena de tesoros que queremos que la gente venga a conocer, e iniciativas como esta son claves para poderlo hacer\u201d.<\/p>\n\n\n\n<p>Por su parte, el alcalde de Beniatjar, Jaime Ferrer, ha agradecido a la Diputaci\u00f3n y la Fundaci\u00f3n VCF \u201chaber pensado en nosotros para dejar aqu\u00ed un legado art\u00edstico del que nos sentimos muy orgullosos, y que combina las tradiciones y la identidad de nuestro pueblo con el sentimiento por el principal club deportivo de la Comunitat Valenciana\u201d. La Societat Musical Beniatjarense ameniz\u00f3 un acto que cont\u00f3 con la exhibici\u00f3n de baile urbano del grupo de Iv\u00e1n Oliver.<\/p>\n\n\n\n<p>Beniatjar ha estrenado en mayo la tercera Ruta de Arte Urbano VCF con una obra que centra el protagonismo en el actual capit\u00e1n valencianista, Jos\u00e9 Luis Gay\u00e1. Mawe y Pauceda retratan al capit\u00e1n en el centro de un tr\u00edptico de grandes dimensiones sobre la pared exterior del front\u00f3n municipal. Moreno y Yeko y Sink y Xemayo completan el mural colaborativo con escenas de arraigo local que convierten el conjunto en parte del patrimonio cultural del pueblo del Benicadell.<\/p>\n\n\n\n<p>La tercera ruta de arte urbano valencianista continuar\u00e1 en otros pueblos y comarcas, caso de Gavarda y Montroi, en la Ribera Alta, y Tavernes de la Valldigna, en la Safor. En las dos primeras ediciones, la Fundaci\u00f3n VCF y Val\u00e8ncia Turisme promovieron siete murales vinculados al sentimiento blanquinegro en otras tantas localidades de la provincia: Cullera y Sueca en la Ribera Baixa; Gandia y Oliva en la Safor; Alfafar en l\u2019Horta Sud; Riba-roja en el Camp de T\u00faria; y Atzeneta d\u2019Albaida en la Vall.<\/p>\n","protected":false},"excerpt":{"rendered":"<div class=\"mh-excerpt\">La vicepresidenta Nat\u00e0lia Enguix visita, junto a leyendas valencianistas, el mural de la tercera ruta organizada por la Fundaci\u00f3n VCF y Val\u00e8ncia Turisme, obra de Moreno y Yeko; Sink y Xemayo; y Mawe y Pauceda. <a class=\"mh-excerpt-more\" href=\"https:\/\/www.tucomarca.com\/wordpress\/segunda\/la-ruta-de-arte-urbano-de-la-diputacio-y-el-valencia-cf-vuelve-a-la-vall-dalbaida-con-un-mural-de-gaya-en-beniatjar\/\" title=\"La ruta de arte urbano de la Diputaci\u00f3 y el Valencia CF vuelve a la Vall d\u2019Albaida con un mural de Gay\u00e1 en Beniatjar\">[+] <\/a><\/div>\n","protected":false},"author":12,"featured_media":224683,"comment_status":"open","ping_status":"open","sticky":false,"template":"","format":"standard","meta":{"footnotes":""},"categories":[20528,46,156,128,8,72,20455,42,160,142,182,3,45],"tags":[3677,20261,1810],"class_list":{"0":"post-224665","1":"post","2":"type-post","3":"status-publish","4":"format-standard","5":"has-post-thumbnail","7":"category-patrimonio-cultural","8":"category-camp-de-turia","9":"category-gavarda","10":"category-infraestructuras","11":"category-la-comarca","12":"category-sin-categorizar","13":"category-la-diputacio-de-valencia-informa","14":"category-la-ribera","15":"category-montroi","16":"category-politica-la-comarca","17":"category-riba-roja","18":"category-seccion","19":"category-ventana","20":"tag-diputacio-de-valencia","21":"tag-natalia-enguix","22":"tag-valencia-cf"},"_links":{"self":[{"href":"https:\/\/www.tucomarca.com\/wordpress\/segunda\/wp-json\/wp\/v2\/posts\/224665","targetHints":{"allow":["GET"]}}],"collection":[{"href":"https:\/\/www.tucomarca.com\/wordpress\/segunda\/wp-json\/wp\/v2\/posts"}],"about":[{"href":"https:\/\/www.tucomarca.com\/wordpress\/segunda\/wp-json\/wp\/v2\/types\/post"}],"author":[{"embeddable":true,"href":"https:\/\/www.tucomarca.com\/wordpress\/segunda\/wp-json\/wp\/v2\/users\/12"}],"replies":[{"embeddable":true,"href":"https:\/\/www.tucomarca.com\/wordpress\/segunda\/wp-json\/wp\/v2\/comments?post=224665"}],"version-history":[{"count":0,"href":"https:\/\/www.tucomarca.com\/wordpress\/segunda\/wp-json\/wp\/v2\/posts\/224665\/revisions"}],"wp:featuredmedia":[{"embeddable":true,"href":"https:\/\/www.tucomarca.com\/wordpress\/segunda\/wp-json\/wp\/v2\/media\/224683"}],"wp:attachment":[{"href":"https:\/\/www.tucomarca.com\/wordpress\/segunda\/wp-json\/wp\/v2\/media?parent=224665"}],"wp:term":[{"taxonomy":"category","embeddable":true,"href":"https:\/\/www.tucomarca.com\/wordpress\/segunda\/wp-json\/wp\/v2\/categories?post=224665"},{"taxonomy":"post_tag","embeddable":true,"href":"https:\/\/www.tucomarca.com\/wordpress\/segunda\/wp-json\/wp\/v2\/tags?post=224665"}],"curies":[{"name":"wp","href":"https:\/\/api.w.org\/{rel}","templated":true}]}}