{"id":22469,"date":"2014-01-31T19:05:49","date_gmt":"2014-01-31T16:05:49","guid":{"rendered":"http:\/\/www.tucomarca.com\/wordpress\/segunda\/?p=22469"},"modified":"2014-01-31T19:05:55","modified_gmt":"2014-01-31T16:05:55","slug":"el-ayuntamiento-de-la-pobla-de-vallbona-entrega-los-diplomas-a-quienes-han-participado-en-el-curso-centrado-en-el-material-pirotecnico","status":"publish","type":"post","link":"https:\/\/www.tucomarca.com\/wordpress\/segunda\/el-ayuntamiento-de-la-pobla-de-vallbona-entrega-los-diplomas-a-quienes-han-participado-en-el-curso-centrado-en-el-material-pirotecnico\/","title":{"rendered":"El Ayuntamiento de La Pobla de Vallbona entrega los diplomas a quienes han participado en el curso centrado en el material pirot\u00e9cnico"},"content":{"rendered":"<p><figure id=\"attachment_22470\" aria-describedby=\"caption-attachment-22470\" style=\"width: 300px\" class=\"wp-caption alignleft\"><a href=\"https:\/\/www.tucomarca.com\/wordpress\/segunda\/?attachment_id=22470\" rel=\"attachment wp-att-22470\"><img loading=\"lazy\" decoding=\"async\" src=\"https:\/\/www.tucomarca.com\/wordpress\/segunda\/wp-content\/uploads\/2014\/01\/entregadiplomas-300x225.jpg\" alt=\"\" title=\"entregadiplomas\" width=\"300\" height=\"225\" class=\"size-medium wp-image-22470\" srcset=\"https:\/\/www.tucomarca.com\/wordpress\/segunda\/wp-content\/uploads\/2014\/01\/entregadiplomas-300x225.jpg 300w, https:\/\/www.tucomarca.com\/wordpress\/segunda\/wp-content\/uploads\/2014\/01\/entregadiplomas-1024x768.jpg 1024w, https:\/\/www.tucomarca.com\/wordpress\/segunda\/wp-content\/uploads\/2014\/01\/entregadiplomas.jpeg 1280w\" sizes=\"auto, (max-width: 300px) 100vw, 300px\" \/><\/a><figcaption id=\"caption-attachment-22470\" class=\"wp-caption-text\">Entrega de los diplomas acreditativos a quienes han participado en el curso. tc.c<\/figcaption><\/figure>El Ayuntamiento de la Pobla de Vallbona ha hecho entrega de los diplomas de la primera edici\u00f3n del curso de consumidores reconocidos como expertos para el uso de material pirot\u00e9cnico. En un acto celebrado en el Sal\u00f3n de Plenos municipal, los participantes han recibido el documento que certifica su cualificaci\u00f3n para participar en manifestaciones pirot\u00e9cnicas.<br \/>\nCincuenta vecinos han participado en este primer curso organizado como propio por el Ayuntamiento, en virtud del convenio firmado con la Conselleria de Gobernaci\u00f3n. El Consistorio ha constituido una Agrupaci\u00f3n local CRE ya que la poblaci\u00f3n cuenta con una gran tradici\u00f3n de celebrar sus fiestas con manifestaciones festivas con pirotecnia.<br \/>\nDe esta manera, los participantes en la Cord\u00e0 de las fiestas patronales de San Sebasti\u00e1n y la Virgen del Rosario, la Passej\u00e0 que se celebra en Semana Santa o la despert\u00e0 del d\u00eda de San Jos\u00e9, deben inscribirse en la Agrupaci\u00f3n y realizar este curso para convertirse en Consumidores Reconocidos como Expertos (CRE) y cumplir la normativa vigente.<br \/>\nCon la obtenci\u00f3n del diploma, se reconoce a los alumnos como consumidores reconocidos como expertos para el uso de artificios pirot\u00e9cnicos excluidos de la Directiva 2007\/23\/CE. Su habilitaci\u00f3n para esta actividad estar\u00e1 vinculada a las manifestaciones festivas organizadas por el Ayuntamiento y su consideraci\u00f3n como participantes activos, por ejemplo en estas pr\u00f3ximas fallas sin ir m\u00e1s lejos, lo ser\u00e1 previa autorizaci\u00f3n municipal. La participaci\u00f3n en otras manifestaciones festivas depender\u00e1 de la inscripci\u00f3n como participante activo que realicen las entidades que organicen estas fiestas.<\/p>\n","protected":false},"excerpt":{"rendered":"<div class=\"mh-excerpt\">El Ayuntamiento de la Pobla de Vallbona ha hecho entrega de los diplomas de la primera edici\u00f3n del curso de consumidores reconocidos como expertos para el uso de material pirot\u00e9cnico. En un acto celebrado en <a class=\"mh-excerpt-more\" href=\"https:\/\/www.tucomarca.com\/wordpress\/segunda\/el-ayuntamiento-de-la-pobla-de-vallbona-entrega-los-diplomas-a-quienes-han-participado-en-el-curso-centrado-en-el-material-pirotecnico\/\" title=\"El Ayuntamiento de La Pobla de Vallbona entrega los diplomas a quienes han participado en el curso centrado en el material pirot\u00e9cnico\">[+] <\/a><\/div>\n","protected":false},"author":2,"featured_media":22470,"comment_status":"open","ping_status":"open","sticky":false,"template":"","format":"standard","meta":{"footnotes":""},"categories":[46,8,174,3,45],"tags":[321,3135,10430,1078,3134],"class_list":{"0":"post-22469","1":"post","2":"type-post","3":"status-publish","4":"format-standard","5":"has-post-thumbnail","7":"category-camp-de-turia","8":"category-la-comarca","9":"category-la-pobla","10":"category-seccion","11":"category-ventana","12":"tag-curso","13":"tag-entrega-diplomas","14":"tag-la-pobla","15":"tag-material","16":"tag-pirotecnico"},"_links":{"self":[{"href":"https:\/\/www.tucomarca.com\/wordpress\/segunda\/wp-json\/wp\/v2\/posts\/22469","targetHints":{"allow":["GET"]}}],"collection":[{"href":"https:\/\/www.tucomarca.com\/wordpress\/segunda\/wp-json\/wp\/v2\/posts"}],"about":[{"href":"https:\/\/www.tucomarca.com\/wordpress\/segunda\/wp-json\/wp\/v2\/types\/post"}],"author":[{"embeddable":true,"href":"https:\/\/www.tucomarca.com\/wordpress\/segunda\/wp-json\/wp\/v2\/users\/2"}],"replies":[{"embeddable":true,"href":"https:\/\/www.tucomarca.com\/wordpress\/segunda\/wp-json\/wp\/v2\/comments?post=22469"}],"version-history":[{"count":0,"href":"https:\/\/www.tucomarca.com\/wordpress\/segunda\/wp-json\/wp\/v2\/posts\/22469\/revisions"}],"wp:featuredmedia":[{"embeddable":true,"href":"https:\/\/www.tucomarca.com\/wordpress\/segunda\/wp-json\/wp\/v2\/media\/22470"}],"wp:attachment":[{"href":"https:\/\/www.tucomarca.com\/wordpress\/segunda\/wp-json\/wp\/v2\/media?parent=22469"}],"wp:term":[{"taxonomy":"category","embeddable":true,"href":"https:\/\/www.tucomarca.com\/wordpress\/segunda\/wp-json\/wp\/v2\/categories?post=22469"},{"taxonomy":"post_tag","embeddable":true,"href":"https:\/\/www.tucomarca.com\/wordpress\/segunda\/wp-json\/wp\/v2\/tags?post=22469"}],"curies":[{"name":"wp","href":"https:\/\/api.w.org\/{rel}","templated":true}]}}