{"id":224944,"date":"2024-05-31T09:00:00","date_gmt":"2024-05-31T07:00:00","guid":{"rendered":"https:\/\/www.tucomarca.com\/wordpress\/segunda\/?p=224944"},"modified":"2024-05-31T13:16:03","modified_gmt":"2024-05-31T11:16:03","slug":"la-diputacio-de-valencia-lleva-la-oferta-turistica-de-la-provincia-a-turexpo-galicia","status":"publish","type":"post","link":"https:\/\/www.tucomarca.com\/wordpress\/segunda\/la-diputacio-de-valencia-lleva-la-oferta-turistica-de-la-provincia-a-turexpo-galicia\/","title":{"rendered":"La Diputaci\u00f3 de Val\u00e8ncia lleva la oferta tur\u00edstica de la provincia a TUREXPO Galicia"},"content":{"rendered":"\n<h3 class=\"wp-block-heading\">Se trata del principal certamen tur\u00edstico de Galicia, que se celebra hasta el pr\u00f3ximo domingo en Silleda (Pontevedra).<\/h3>\n\n\n\n<p>La Diputaci\u00f3 de Val\u00e8ncia, a trav\u00e9s de su marca Val\u00e8ncia Turisme, ha vuelto a TUREXPO Galicia, el principal certamen tur\u00edstico de Galicia que se celebra hasta el pr\u00f3ximo domingo 2 de junio en Silleda (Pontevedra), con el fin de \u201cpotenciar el flujo tur\u00edstico gallego hacia la provincia de Valencia, mostrando en este certamen su interesante oferta tur\u00edstica y aprovechando la conexi\u00f3n a\u00e9rea directa entre las dos autonom\u00edas, tanto de cara a este verano como para lo que queda de a\u00f1o\u201d, ha destacado el diputado de Turismo, Pedro Cuesta.<\/p>\n\n\n\n<p>Val\u00e8ncia Turisme participa en la feria de turismo gallega con los municipios de Gandia y Cullera como coexpositores y bajo el paraguas de Turisme Comunitat Valenciana, en un espacio expositivo de cien metros cuadrados.<\/p>\n\n\n\n<p>TUREXPO Galicia, dirigida a profesionales y p\u00fablico general, se ha ido consolidando como una cita destacada del calendario tur\u00edstico nacional para todos los agentes del sector. En esta decimotercera edici\u00f3n, acoger\u00e1 tambi\u00e9n la celebraci\u00f3n de una bolsa de contrataci\u00f3n tur\u00edstica dirigida a los principales turoperadores.<\/p>\n\n\n\n<p>Los sectores representados en este sal\u00f3n del turismo son cadenas hoteleras; empresas de alquiler; alojamientos; plataformas de servicios en l\u00ednea; camping, caravaning y equipaci\u00f3n; consultor\u00eda y marketing especializado; balnearios-spa; empresas de transporte; equipaci\u00f3n y tecnolog\u00eda; centros de formaci\u00f3n e instituciones educativas; agentes de viajes y turoperadores; entidades financieras y aseguradoras; y empresas de servicios tur\u00edsticos, entre otros.<\/p>\n\n\n\n<p>El certamen, adem\u00e1s, se enmarca en la Feria Internacional Abanca Semana Verde de Galicia, un evento con m\u00e1s de cuatro d\u00e9cadas de trayectoria muy vinculado al sector primario y el medio rural de la zona, con los que el turismo podr\u00e1 establecer nuevas sinergias durante estos d\u00edas.<\/p>\n","protected":false},"excerpt":{"rendered":"<div class=\"mh-excerpt\">Se trata del principal certamen tur\u00edstico de Galicia, que se celebra hasta el pr\u00f3ximo domingo en Silleda (Pontevedra). La Diputaci\u00f3 de Val\u00e8ncia, a trav\u00e9s de su marca Val\u00e8ncia Turisme, ha vuelto a TUREXPO Galicia, el <a class=\"mh-excerpt-more\" href=\"https:\/\/www.tucomarca.com\/wordpress\/segunda\/la-diputacio-de-valencia-lleva-la-oferta-turistica-de-la-provincia-a-turexpo-galicia\/\" title=\"La Diputaci\u00f3 de Val\u00e8ncia lleva la oferta tur\u00edstica de la provincia a TUREXPO Galicia\">[+] <\/a><\/div>\n","protected":false},"author":12,"featured_media":224946,"comment_status":"open","ping_status":"open","sticky":false,"template":"","format":"standard","meta":{"footnotes":""},"categories":[128,8,72,7,3,45],"tags":[3677,9841],"class_list":{"0":"post-224944","1":"post","2":"type-post","3":"status-publish","4":"format-standard","5":"has-post-thumbnail","7":"category-infraestructuras","8":"category-la-comarca","9":"category-sin-categorizar","10":"category-ocio-y-cultura","11":"category-seccion","12":"category-ventana","13":"tag-diputacio-de-valencia","14":"tag-valencia-turisme"},"_links":{"self":[{"href":"https:\/\/www.tucomarca.com\/wordpress\/segunda\/wp-json\/wp\/v2\/posts\/224944","targetHints":{"allow":["GET"]}}],"collection":[{"href":"https:\/\/www.tucomarca.com\/wordpress\/segunda\/wp-json\/wp\/v2\/posts"}],"about":[{"href":"https:\/\/www.tucomarca.com\/wordpress\/segunda\/wp-json\/wp\/v2\/types\/post"}],"author":[{"embeddable":true,"href":"https:\/\/www.tucomarca.com\/wordpress\/segunda\/wp-json\/wp\/v2\/users\/12"}],"replies":[{"embeddable":true,"href":"https:\/\/www.tucomarca.com\/wordpress\/segunda\/wp-json\/wp\/v2\/comments?post=224944"}],"version-history":[{"count":0,"href":"https:\/\/www.tucomarca.com\/wordpress\/segunda\/wp-json\/wp\/v2\/posts\/224944\/revisions"}],"wp:featuredmedia":[{"embeddable":true,"href":"https:\/\/www.tucomarca.com\/wordpress\/segunda\/wp-json\/wp\/v2\/media\/224946"}],"wp:attachment":[{"href":"https:\/\/www.tucomarca.com\/wordpress\/segunda\/wp-json\/wp\/v2\/media?parent=224944"}],"wp:term":[{"taxonomy":"category","embeddable":true,"href":"https:\/\/www.tucomarca.com\/wordpress\/segunda\/wp-json\/wp\/v2\/categories?post=224944"},{"taxonomy":"post_tag","embeddable":true,"href":"https:\/\/www.tucomarca.com\/wordpress\/segunda\/wp-json\/wp\/v2\/tags?post=224944"}],"curies":[{"name":"wp","href":"https:\/\/api.w.org\/{rel}","templated":true}]}}