{"id":2251,"date":"2012-05-23T17:52:34","date_gmt":"2012-05-23T15:52:34","guid":{"rendered":"http:\/\/www.tucomarca.com\/wordpress\/segunda\/?p=2251"},"modified":"2012-05-23T17:52:34","modified_gmt":"2012-05-23T15:52:34","slug":"catadau-hara-mas-accesible-el-ayuntamiento-a-sus-ciudadanos","status":"publish","type":"post","link":"https:\/\/www.tucomarca.com\/wordpress\/segunda\/catadau-hara-mas-accesible-el-ayuntamiento-a-sus-ciudadanos\/","title":{"rendered":"Catadau har\u00e1 m\u00e1s accesible el ayuntamiento a sus ciudadanos"},"content":{"rendered":"<figure id=\"attachment_2252\" aria-describedby=\"caption-attachment-2252\" style=\"width: 300px\" class=\"wp-caption alignleft\"><a href=\"https:\/\/www.tucomarca.com\/wordpress\/segunda\/wp-content\/uploads\/2012\/05\/alcaldecatadau.jpg\"><img loading=\"lazy\" decoding=\"async\" class=\"size-medium wp-image-2252\" title=\"alcaldecatadau\" src=\"https:\/\/www.tucomarca.com\/wordpress\/segunda\/wp-content\/uploads\/2012\/05\/alcaldecatadau-300x194.jpg\" alt=\"Alfonso Rus junto a Pedro Juan Bisbal.\" width=\"300\" height=\"194\" srcset=\"https:\/\/www.tucomarca.com\/wordpress\/segunda\/wp-content\/uploads\/2012\/05\/alcaldecatadau-300x194.jpg 300w, https:\/\/www.tucomarca.com\/wordpress\/segunda\/wp-content\/uploads\/2012\/05\/alcaldecatadau-1024x665.jpg 1024w\" sizes=\"auto, (max-width: 300px) 100vw, 300px\" \/><\/a><figcaption id=\"caption-attachment-2252\" class=\"wp-caption-text\">Alfonso Rus junto a Pedro Juan Bisbal.<\/figcaption><\/figure>\n<p>El presidente de la Diputaci\u00f3n de Valencia, Alfonso Rus, se ha comprometido con el alcalde de Catadau a subvencionar con 50.000 euros la eliminaci\u00f3n de barreras arquitect\u00f3nicas del consistorio y la ampliaci\u00f3n de las dependencias. As\u00ed, la Diputaci\u00f3n de Valencia subvencionar\u00e1 con una dotaci\u00f3n econ\u00f3mica de 50.000 euros los trabajos de la segunda fase de la reforma del ayuntamiento de Catadau para mejorar la movilidad y accesibilidad del inmueble y crear nuevas dependencias.<\/p>\n<p>Seg\u00fan ha explicado el alcalde de la localidad, Pedro Juan Bisbal, tras su reuni\u00f3n de este mi\u00e9rcoles por la ma\u00f1ana con el presidente de la Diputaci\u00f3n, Alfonso Rus, y la diputada Oreto Segura, \u00ablas obras consistir\u00e1n en una adaptaci\u00f3n del inmueble para eliminar las barreras arquitect\u00f3nicas, instalando rampas y un ascensor para tener un edificio accesible\u00bb. Igualmente, \u00abse acometer\u00e1 una reforma para incluir un sal\u00f3n de plenos y nuevas oficinas\u00bb, ha a\u00f1adido.<\/p>\n<p>El proyecto, que se inici\u00f3 en 2009, supone la segunda actuaci\u00f3n que la Diputaci\u00f3n ha realizado en este inmueble. \u00abLos primeros trabajos de rehabilitaci\u00f3n del edificio fueron sufragados al 100% por la instituci\u00f3n provincial\u00bb, ha informado el primer edil.<\/p>\n<p>El edificio est\u00e1 datado en 1968 y precisa \u00abnuevas dependencias y mejoras en sus instalaciones, ya que no posee ni aire acondicionado ni calefacci\u00f3n\u00bb ha comentado Pedro J. Bisbal.<\/p>\n<p>Por \u00faltimo, el alcalde ha aprovechado el encuentro para resaltar las ayudas que est\u00e1 otorgando la corporaci\u00f3n provincial al municipio, \u00abuna instituci\u00f3n que \u2014seg\u00fan palabras del edil\u2014 es el padre y la madre de los municipios medianos y peque\u00f1os, puesto que es una entidad necesaria y vital para los ayuntamientos\u00bb.<\/p>\n","protected":false},"excerpt":{"rendered":"<div class=\"mh-excerpt\">El presidente de la Diputaci\u00f3n de Valencia, Alfonso Rus, se ha comprometido con el alcalde de Catadau a subvencionar con 50.000 euros la eliminaci\u00f3n de barreras arquitect\u00f3nicas del consistorio y la ampliaci\u00f3n de las dependencias. <a class=\"mh-excerpt-more\" href=\"https:\/\/www.tucomarca.com\/wordpress\/segunda\/catadau-hara-mas-accesible-el-ayuntamiento-a-sus-ciudadanos\/\" title=\"Catadau har\u00e1 m\u00e1s accesible el ayuntamiento a sus ciudadanos\">[+] <\/a><\/div>\n","protected":false},"author":1,"featured_media":2252,"comment_status":"open","ping_status":"open","sticky":false,"template":"","format":"standard","meta":{"footnotes":""},"categories":[155,128,8,42,3],"tags":[],"class_list":{"0":"post-2251","1":"post","2":"type-post","3":"status-publish","4":"format-standard","5":"has-post-thumbnail","7":"category-catadau","8":"category-infraestructuras","9":"category-la-comarca","10":"category-la-ribera","11":"category-seccion"},"_links":{"self":[{"href":"https:\/\/www.tucomarca.com\/wordpress\/segunda\/wp-json\/wp\/v2\/posts\/2251","targetHints":{"allow":["GET"]}}],"collection":[{"href":"https:\/\/www.tucomarca.com\/wordpress\/segunda\/wp-json\/wp\/v2\/posts"}],"about":[{"href":"https:\/\/www.tucomarca.com\/wordpress\/segunda\/wp-json\/wp\/v2\/types\/post"}],"author":[{"embeddable":true,"href":"https:\/\/www.tucomarca.com\/wordpress\/segunda\/wp-json\/wp\/v2\/users\/1"}],"replies":[{"embeddable":true,"href":"https:\/\/www.tucomarca.com\/wordpress\/segunda\/wp-json\/wp\/v2\/comments?post=2251"}],"version-history":[{"count":0,"href":"https:\/\/www.tucomarca.com\/wordpress\/segunda\/wp-json\/wp\/v2\/posts\/2251\/revisions"}],"wp:featuredmedia":[{"embeddable":true,"href":"https:\/\/www.tucomarca.com\/wordpress\/segunda\/wp-json\/wp\/v2\/media\/2252"}],"wp:attachment":[{"href":"https:\/\/www.tucomarca.com\/wordpress\/segunda\/wp-json\/wp\/v2\/media?parent=2251"}],"wp:term":[{"taxonomy":"category","embeddable":true,"href":"https:\/\/www.tucomarca.com\/wordpress\/segunda\/wp-json\/wp\/v2\/categories?post=2251"},{"taxonomy":"post_tag","embeddable":true,"href":"https:\/\/www.tucomarca.com\/wordpress\/segunda\/wp-json\/wp\/v2\/tags?post=2251"}],"curies":[{"name":"wp","href":"https:\/\/api.w.org\/{rel}","templated":true}]}}