{"id":225163,"date":"2024-06-02T09:30:00","date_gmt":"2024-06-02T07:30:00","guid":{"rendered":"https:\/\/www.tucomarca.com\/wordpress\/segunda\/?p=225163"},"modified":"2024-06-02T18:30:44","modified_gmt":"2024-06-02T16:30:44","slug":"la-federacion-de-personas-mayores-cima-celebro-un-festival-en-el-palau-de-la-musica-de-valencia-al-que-asistieron-mayores-de-requena-y-siete-aguas-entre-otros","status":"publish","type":"post","link":"https:\/\/www.tucomarca.com\/wordpress\/segunda\/la-federacion-de-personas-mayores-cima-celebro-un-festival-en-el-palau-de-la-musica-de-valencia-al-que-asistieron-mayores-de-requena-y-siete-aguas-entre-otros\/","title":{"rendered":"La Federaci\u00f3n de Personas Mayores CIMA celebr\u00f3 un festival en el Palau de la M\u00fasica de Valencia al que asistieron mayores de Requena y Siete Aguas, entre otros"},"content":{"rendered":"\n<p>Varios centenares de personas mayores de diversas poblaciones de la Comunidad Valenciana asistieron en Valencia, el pasado de domingo, 1 de junio, al XVIII Festival de Coros y Banda de M\u00fasica de Personas Mayores, de la Federaci\u00f3n CIMA.<br>En esta ocasi\u00f3n actuaron dos corales , una banda de m\u00fasica de veteranos y un balet.<br>De las comarcas de interior de la provincia de Valencia, asistieron un total de 60 personas de las asociaciones de mayores: la Gota, de Siete Aguas y de la Asociaci\u00f3n Cultural de la Tercera Edad, de Requena.<br>\u201cEs un festival que siempre lleva una dedicatoria muy especial ya que se realiza para agradecer y dar a conocer el trabajo y dedicaci\u00f3n de las personas mayores en pro de la m\u00fasica. En este festival habla la emoci\u00f3n y la ilusi\u00f3n, por actuar en el Palau y porque tanto amigos, como familiares, les puedan ver en el escenario\u201d seg\u00fan destacan desde el Palau de la M\u00fasica.<br>\u201cEs un homenaje hacia tantas personas mayores an\u00f3nimas que encuentran a trav\u00e9s de la m\u00fasica felicidad y saber que pueden seguir superando retos diarios, como aprender las canciones o tocar los variados instrumentos que compone una orquesta, es hacer so\u00f1ar y palpitar a trav\u00e9s de la m\u00fasica\u201d a\u00f1aden.<br>\u201cSon de aplauso que personas con casi cien a\u00f1os, est\u00e9n en el escenario con la misma ilusi\u00f3n de ni\u00f1os\u201d concluyen. Informa, <strong>Luis Ib\u00e1\u00f1ez.<\/strong><\/p>\n","protected":false},"excerpt":{"rendered":"<div class=\"mh-excerpt\">Varios centenares de personas mayores de diversas poblaciones de la Comunidad Valenciana asistieron en Valencia, el pasado de domingo, 1 de junio, al XVIII Festival de Coros y Banda de M\u00fasica de Personas Mayores, de <a class=\"mh-excerpt-more\" href=\"https:\/\/www.tucomarca.com\/wordpress\/segunda\/la-federacion-de-personas-mayores-cima-celebro-un-festival-en-el-palau-de-la-musica-de-valencia-al-que-asistieron-mayores-de-requena-y-siete-aguas-entre-otros\/\" title=\"La Federaci\u00f3n de Personas Mayores CIMA celebr\u00f3 un festival en el Palau de la M\u00fasica de Valencia al que asistieron mayores de Requena y Siete Aguas, entre otros\">[+] <\/a><\/div>\n","protected":false},"author":12,"featured_media":225165,"comment_status":"open","ping_status":"open","sticky":false,"template":"","format":"standard","meta":{"footnotes":""},"categories":[8,10,7,28,27,3,12],"tags":[20774,5952,10388,10381],"class_list":{"0":"post-225163","1":"post","2":"type-post","3":"status-publish","4":"format-standard","5":"has-post-thumbnail","7":"category-la-comarca","8":"category-la-hoya","9":"category-ocio-y-cultura","10":"category-requena","11":"category-requena-utiel","12":"category-seccion","13":"category-siete-aguas","14":"tag-federacion-de-personas-mayores-cima","15":"tag-la-hoya-de-bunol-chiva","16":"tag-requena","17":"tag-siete-aguas"},"_links":{"self":[{"href":"https:\/\/www.tucomarca.com\/wordpress\/segunda\/wp-json\/wp\/v2\/posts\/225163","targetHints":{"allow":["GET"]}}],"collection":[{"href":"https:\/\/www.tucomarca.com\/wordpress\/segunda\/wp-json\/wp\/v2\/posts"}],"about":[{"href":"https:\/\/www.tucomarca.com\/wordpress\/segunda\/wp-json\/wp\/v2\/types\/post"}],"author":[{"embeddable":true,"href":"https:\/\/www.tucomarca.com\/wordpress\/segunda\/wp-json\/wp\/v2\/users\/12"}],"replies":[{"embeddable":true,"href":"https:\/\/www.tucomarca.com\/wordpress\/segunda\/wp-json\/wp\/v2\/comments?post=225163"}],"version-history":[{"count":0,"href":"https:\/\/www.tucomarca.com\/wordpress\/segunda\/wp-json\/wp\/v2\/posts\/225163\/revisions"}],"wp:featuredmedia":[{"embeddable":true,"href":"https:\/\/www.tucomarca.com\/wordpress\/segunda\/wp-json\/wp\/v2\/media\/225165"}],"wp:attachment":[{"href":"https:\/\/www.tucomarca.com\/wordpress\/segunda\/wp-json\/wp\/v2\/media?parent=225163"}],"wp:term":[{"taxonomy":"category","embeddable":true,"href":"https:\/\/www.tucomarca.com\/wordpress\/segunda\/wp-json\/wp\/v2\/categories?post=225163"},{"taxonomy":"post_tag","embeddable":true,"href":"https:\/\/www.tucomarca.com\/wordpress\/segunda\/wp-json\/wp\/v2\/tags?post=225163"}],"curies":[{"name":"wp","href":"https:\/\/api.w.org\/{rel}","templated":true}]}}