{"id":225243,"date":"2024-06-03T12:45:00","date_gmt":"2024-06-03T10:45:00","guid":{"rendered":"https:\/\/www.tucomarca.com\/wordpress\/segunda\/?p=225243"},"modified":"2024-06-03T19:56:40","modified_gmt":"2024-06-03T17:56:40","slug":"grupo-covinas-oro-en-los-premios-manojo","status":"publish","type":"post","link":"https:\/\/www.tucomarca.com\/wordpress\/segunda\/grupo-covinas-oro-en-los-premios-manojo\/","title":{"rendered":"Grupo Covi\u00f1as, Oro en los Premios Manojo"},"content":{"rendered":"\n<h3 class=\"wp-block-heading\">Cava AULA Brut Rosado ha sido distinguido con el Manojo de Oro, m\u00e1ximo galard\u00f3n de este concurso de \u00e1mbito nacional.<\/h3>\n\n\n\n<p>La XIX edici\u00f3n del Concurso Nacional de Vinos de Bodegas Cooperativas, en cuyo marco se entregan los Premios Manojo, ha otorgado el Manojo de Oro al Cava AULA Brut Rosado de Grupo Covi\u00f1as, mejor bodega cooperativa del mundo y l\u00edder de la D.O. Utiel Requena.<\/p>\n\n\n\n<p>Este evento, organizado por Urcacyl (Uni\u00f3n Regional de Cooperativas Agrarias de Castilla y Le\u00f3n) cuenta con el reconocimiento del Ministerio de Agricultura, Pesca y Alimentaci\u00f3n y reconoce la importancia de las Bodegas Cooperativas en el desarrollo del medio rural y en el mantenimiento del cultivo del vi\u00f1edo, as\u00ed como la calidad de los vinos y cavas que producen. En esta edici\u00f3n el jurado ha estado compuesto por cerca de 50 en\u00f3logos, sumilleres y personas expertas en an\u00e1lisis sensorial, dotando as\u00ed de seriedad y fiabilidad a estos premios nacionales.<\/p>\n\n\n\n<p>La gama AULA de Grupo Covi\u00f1as se dirige al canal HORECA y nace como un tributo a su territorio, al conocimiento de sus gentes y a la sabidur\u00eda de sus antepasados. Cava AULA Brut Rosado (100% garnacha) ha obtenido el m\u00e1ximo galard\u00f3n entre las m\u00e1s de 400 propuestas que han participado y las m\u00e1s de 60 seleccionadas para la fase final de este concurso, celebrada el 31 de mayo en Tordesillas.<\/p>\n\n\n\n<p>Este cava, elaborado tras una cuidadosa selecci\u00f3n del fruto de las mejores y m\u00e1s elevadas parcelas de garnacha, tiene una tonalidad rosada clara muy brillante con una burbuja fina y persistente; sus aromas nos recuerdan a frutas rojas con un fondo de ligeras notas a confitura y pasteler\u00eda. En boca es elegante, fresco y ligero, con un agradable y goloso retrogusto, perfecto como aperitivo o para maridar con mariscos y pescados.<\/p>\n\n\n\n<p>El director general de Covi\u00f1as, Jorge Srougi, ha destacado la consecuci\u00f3n de este galard\u00f3n con un componente muy significativo ya que \u201clos Premios Manojo reconocen la importancia y la calidad de las bodegas cooperativas, as\u00ed como nuestros valores y nuestro esfuerzo por ofrecer la mejor calidad en un sector tan competitivo. Este Oro es un premio a las 3.000 familias que dan lo mejor de s\u00ed d\u00eda a d\u00eda en nuestros vi\u00f1edos y con las que compartimos este ilusionante proyecto com\u00fan\u201d.<\/p>\n","protected":false},"excerpt":{"rendered":"<div class=\"mh-excerpt\">Cava AULA Brut Rosado ha sido distinguido con el Manojo de Oro, m\u00e1ximo galard\u00f3n de este concurso de \u00e1mbito nacional. La XIX edici\u00f3n del Concurso Nacional de Vinos de Bodegas Cooperativas, en cuyo marco se <a class=\"mh-excerpt-more\" href=\"https:\/\/www.tucomarca.com\/wordpress\/segunda\/grupo-covinas-oro-en-los-premios-manojo\/\" title=\"Grupo Covi\u00f1as, Oro en los Premios Manojo\">[+] <\/a><\/div>\n","protected":false},"author":12,"featured_media":225249,"comment_status":"open","ping_status":"open","sticky":false,"template":"","format":"standard","meta":{"footnotes":""},"categories":[169,113,8,7,28,27,3],"tags":[20588,3895,1422,10388,10387],"class_list":{"0":"post-225243","1":"post","2":"type-post","3":"status-publish","4":"format-standard","5":"has-post-thumbnail","7":"category-agricultura-la-comarca","8":"category-vinos","9":"category-la-comarca","10":"category-ocio-y-cultura","11":"category-requena","12":"category-requena-utiel","13":"category-seccion","14":"tag-bodegas-covinas","15":"tag-covinas","16":"tag-do-utiel-requena","17":"tag-requena","18":"tag-requena-utiel"},"_links":{"self":[{"href":"https:\/\/www.tucomarca.com\/wordpress\/segunda\/wp-json\/wp\/v2\/posts\/225243","targetHints":{"allow":["GET"]}}],"collection":[{"href":"https:\/\/www.tucomarca.com\/wordpress\/segunda\/wp-json\/wp\/v2\/posts"}],"about":[{"href":"https:\/\/www.tucomarca.com\/wordpress\/segunda\/wp-json\/wp\/v2\/types\/post"}],"author":[{"embeddable":true,"href":"https:\/\/www.tucomarca.com\/wordpress\/segunda\/wp-json\/wp\/v2\/users\/12"}],"replies":[{"embeddable":true,"href":"https:\/\/www.tucomarca.com\/wordpress\/segunda\/wp-json\/wp\/v2\/comments?post=225243"}],"version-history":[{"count":0,"href":"https:\/\/www.tucomarca.com\/wordpress\/segunda\/wp-json\/wp\/v2\/posts\/225243\/revisions"}],"wp:featuredmedia":[{"embeddable":true,"href":"https:\/\/www.tucomarca.com\/wordpress\/segunda\/wp-json\/wp\/v2\/media\/225249"}],"wp:attachment":[{"href":"https:\/\/www.tucomarca.com\/wordpress\/segunda\/wp-json\/wp\/v2\/media?parent=225243"}],"wp:term":[{"taxonomy":"category","embeddable":true,"href":"https:\/\/www.tucomarca.com\/wordpress\/segunda\/wp-json\/wp\/v2\/categories?post=225243"},{"taxonomy":"post_tag","embeddable":true,"href":"https:\/\/www.tucomarca.com\/wordpress\/segunda\/wp-json\/wp\/v2\/tags?post=225243"}],"curies":[{"name":"wp","href":"https:\/\/api.w.org\/{rel}","templated":true}]}}