{"id":225290,"date":"2024-06-04T08:30:00","date_gmt":"2024-06-04T06:30:00","guid":{"rendered":"https:\/\/www.tucomarca.com\/wordpress\/segunda\/?p=225290"},"modified":"2024-06-04T12:54:42","modified_gmt":"2024-06-04T10:54:42","slug":"el-conservatorio-profesional-san-rafael-de-bunol-realizara-sus-audiciones-de-fin-de-curso-del-13-al-19-de-junio","status":"publish","type":"post","link":"https:\/\/www.tucomarca.com\/wordpress\/segunda\/el-conservatorio-profesional-san-rafael-de-bunol-realizara-sus-audiciones-de-fin-de-curso-del-13-al-19-de-junio\/","title":{"rendered":"El Conservatorio Profesional San Rafael de Bu\u00f1ol realizar\u00e1 sus audiciones de fin de curso del 13 al 19 de junio"},"content":{"rendered":"\n<p>El Conservatorio Profesional \u201cSan Rafael\u201d de Bu\u00f1ol va a realizar este mes de junio las audiciones finales del curso 2023-2024.<\/p>\n\n\n<div class=\"wp-block-image\">\n<figure class=\"alignleft size-large is-resized\"><img loading=\"lazy\" decoding=\"async\" width=\"724\" height=\"1024\" src=\"https:\/\/www.tucomarca.com\/wordpress\/segunda\/wp-content\/uploads\/2024\/06\/AudicionesJunio24-724x1024.jpg\" alt=\"\" class=\"wp-image-225292\" style=\"width:412px;height:auto\" srcset=\"https:\/\/www.tucomarca.com\/wordpress\/segunda\/wp-content\/uploads\/2024\/06\/AudicionesJunio24-724x1024.jpg 724w, https:\/\/www.tucomarca.com\/wordpress\/segunda\/wp-content\/uploads\/2024\/06\/AudicionesJunio24-212x300.jpg 212w, https:\/\/www.tucomarca.com\/wordpress\/segunda\/wp-content\/uploads\/2024\/06\/AudicionesJunio24-768x1086.jpg 768w, https:\/\/www.tucomarca.com\/wordpress\/segunda\/wp-content\/uploads\/2024\/06\/AudicionesJunio24.jpg 886w\" sizes=\"auto, (max-width: 724px) 100vw, 724px\" \/><\/figure>\n<\/div>\n\n\n<p>As\u00ed, por tanto, tendremos por un lado las audiciones en el centro los d\u00edas 13, 14, 13, 17, 18 y 19 en sus tres sesiones habituales por la tarde, con la participaci\u00f3n de las especialidades de saxof\u00f3n, flauta, oboe, clarinete, fagot, viol\u00edn, violonchelo, viola, piano, piano complementario, trompeta, tromb\u00f3n, tuba, iniciaci\u00f3n a la direcci\u00f3n, y m\u00fasica de c\u00e1mara.<\/p>\n\n\n\n<p>Y, adem\u00e1s, como actuaciones o conciertos fuera del conservatorio, tendremos el s\u00e1bado 8 de junio a las 22.00 h. el concierto del coro, orquesta, y la banda juvenil, en el Auditorio de \u201cSan Luis\u201d, y el s\u00e1bado 15 a las 22.30 h. en la Plaza 5 de marzo, ensemble de saxos &amp; grupo de percusi\u00f3n. Hay que se\u00f1alar que la Banda Sinf\u00f3nica ya no act\u00faa en el \u00faltimo concierto porque ya lo hizo el pasado 17 de mayo junto con la Banda de la Universidad de Texas, en lo que fue para ellos el magn\u00edfico concierto final de curso.<\/p>\n","protected":false},"excerpt":{"rendered":"<div class=\"mh-excerpt\">El Conservatorio Profesional \u201cSan Rafael\u201d de Bu\u00f1ol va a realizar este mes de junio las audiciones finales del curso 2023-2024. As\u00ed, por tanto, tendremos por un lado las audiciones en el centro los d\u00edas 13, <a class=\"mh-excerpt-more\" href=\"https:\/\/www.tucomarca.com\/wordpress\/segunda\/el-conservatorio-profesional-san-rafael-de-bunol-realizara-sus-audiciones-de-fin-de-curso-del-13-al-19-de-junio\/\" title=\"El Conservatorio Profesional San Rafael de Bu\u00f1ol realizar\u00e1 sus audiciones de fin de curso del 13 al 19 de junio\">[+] <\/a><\/div>\n","protected":false},"author":12,"featured_media":225292,"comment_status":"open","ping_status":"open","sticky":false,"template":"","format":"standard","meta":{"footnotes":""},"categories":[4,18,66,8,10,7,3],"tags":[10385,19848,5952],"class_list":{"0":"post-225290","1":"post","2":"type-post","3":"status-publish","4":"format-standard","5":"has-post-thumbnail","7":"category-agenda","8":"category-bunol","9":"category-musica","10":"category-la-comarca","11":"category-la-hoya","12":"category-ocio-y-cultura","13":"category-seccion","14":"tag-bunol","15":"tag-conservatorio-de-bunol","16":"tag-la-hoya-de-bunol-chiva"},"_links":{"self":[{"href":"https:\/\/www.tucomarca.com\/wordpress\/segunda\/wp-json\/wp\/v2\/posts\/225290","targetHints":{"allow":["GET"]}}],"collection":[{"href":"https:\/\/www.tucomarca.com\/wordpress\/segunda\/wp-json\/wp\/v2\/posts"}],"about":[{"href":"https:\/\/www.tucomarca.com\/wordpress\/segunda\/wp-json\/wp\/v2\/types\/post"}],"author":[{"embeddable":true,"href":"https:\/\/www.tucomarca.com\/wordpress\/segunda\/wp-json\/wp\/v2\/users\/12"}],"replies":[{"embeddable":true,"href":"https:\/\/www.tucomarca.com\/wordpress\/segunda\/wp-json\/wp\/v2\/comments?post=225290"}],"version-history":[{"count":0,"href":"https:\/\/www.tucomarca.com\/wordpress\/segunda\/wp-json\/wp\/v2\/posts\/225290\/revisions"}],"wp:featuredmedia":[{"embeddable":true,"href":"https:\/\/www.tucomarca.com\/wordpress\/segunda\/wp-json\/wp\/v2\/media\/225292"}],"wp:attachment":[{"href":"https:\/\/www.tucomarca.com\/wordpress\/segunda\/wp-json\/wp\/v2\/media?parent=225290"}],"wp:term":[{"taxonomy":"category","embeddable":true,"href":"https:\/\/www.tucomarca.com\/wordpress\/segunda\/wp-json\/wp\/v2\/categories?post=225290"},{"taxonomy":"post_tag","embeddable":true,"href":"https:\/\/www.tucomarca.com\/wordpress\/segunda\/wp-json\/wp\/v2\/tags?post=225290"}],"curies":[{"name":"wp","href":"https:\/\/api.w.org\/{rel}","templated":true}]}}