{"id":225470,"date":"2024-06-05T12:00:00","date_gmt":"2024-06-05T10:00:00","guid":{"rendered":"https:\/\/www.tucomarca.com\/wordpress\/segunda\/?p=225470"},"modified":"2024-06-06T13:44:49","modified_gmt":"2024-06-06T11:44:49","slug":"mitin-de-campana-de-la-coalicion-sumar-en-bunol-este-miercoles","status":"publish","type":"post","link":"https:\/\/www.tucomarca.com\/wordpress\/segunda\/mitin-de-campana-de-la-coalicion-sumar-en-bunol-este-miercoles\/","title":{"rendered":"Mitin de campa\u00f1a de la coalici\u00f3n Sumar en Bu\u00f1ol  con la participaci\u00f3n de Rosa P\u00e9rez este mi\u00e9rcoles"},"content":{"rendered":"\n<p>Este mi\u00e9rcoles, 5 de junio, la coalici\u00f3n Sumar celebra su mitin de campa\u00f1a en la Plaza Layana de Bu\u00f1ol. El evento, que comenzar\u00e1 a las 19,30 horas, contar\u00e1 con la participaci\u00f3n de la coordinadora de Esquerra Unida del Pa\u00eds Valenci\u00e0 (EU-PV), Rosa P\u00e9rez, el coordinador de Esquerra Unida Bu\u00f1ol, Chimo Masmano, y el diputado de Sumar en Madrid, Nahuel Gonz\u00e1lez.<\/p>\n\n\n<div class=\"wp-block-image\">\n<figure class=\"alignleft size-large is-resized\"><img loading=\"lazy\" decoding=\"async\" width=\"724\" height=\"1024\" src=\"https:\/\/www.tucomarca.com\/wordpress\/segunda\/wp-content\/uploads\/2024\/06\/MitinSumar-724x1024.jpg\" alt=\"\" class=\"wp-image-225472\" style=\"width:482px;height:auto\" srcset=\"https:\/\/www.tucomarca.com\/wordpress\/segunda\/wp-content\/uploads\/2024\/06\/MitinSumar-724x1024.jpg 724w, https:\/\/www.tucomarca.com\/wordpress\/segunda\/wp-content\/uploads\/2024\/06\/MitinSumar-212x300.jpg 212w, https:\/\/www.tucomarca.com\/wordpress\/segunda\/wp-content\/uploads\/2024\/06\/MitinSumar-768x1086.jpg 768w, https:\/\/www.tucomarca.com\/wordpress\/segunda\/wp-content\/uploads\/2024\/06\/MitinSumar.jpg 886w\" sizes=\"auto, (max-width: 724px) 100vw, 724px\" \/><\/figure>\n<\/div>\n\n\n<p>La coalici\u00f3n Sumar busca conectar con los votantes de Bu\u00f1ol y compartir su visi\u00f3n y propuestas para el futuro de Europa, donde bordar\u00e1n temas clave de su programa pol\u00edtico, haciendo \u00e9nfasis en pol\u00edticas sociales, econ\u00f3micas y medioambientales que buscan mejorar la calidad de vida de la ciudadan\u00eda.<\/p>\n","protected":false},"excerpt":{"rendered":"<div class=\"mh-excerpt\">Este mi\u00e9rcoles, 5 de junio, la coalici\u00f3n Sumar celebra su mitin de campa\u00f1a en la Plaza Layana de Bu\u00f1ol. El evento, que comenzar\u00e1 a las 19,30 horas, contar\u00e1 con la participaci\u00f3n de la coordinadora de <a class=\"mh-excerpt-more\" href=\"https:\/\/www.tucomarca.com\/wordpress\/segunda\/mitin-de-campana-de-la-coalicion-sumar-en-bunol-este-miercoles\/\" title=\"Mitin de campa\u00f1a de la coalici\u00f3n Sumar en Bu\u00f1ol  con la participaci\u00f3n de Rosa P\u00e9rez este mi\u00e9rcoles\">[+] <\/a><\/div>\n","protected":false},"author":12,"featured_media":225472,"comment_status":"open","ping_status":"open","sticky":false,"template":"","format":"standard","meta":{"footnotes":""},"categories":[4,18,8,72,10,142,3],"tags":[10385,5952,19494],"class_list":{"0":"post-225470","1":"post","2":"type-post","3":"status-publish","4":"format-standard","5":"has-post-thumbnail","7":"category-agenda","8":"category-bunol","9":"category-la-comarca","10":"category-sin-categorizar","11":"category-la-hoya","12":"category-politica-la-comarca","13":"category-seccion","14":"tag-bunol","15":"tag-la-hoya-de-bunol-chiva","16":"tag-sumar"},"_links":{"self":[{"href":"https:\/\/www.tucomarca.com\/wordpress\/segunda\/wp-json\/wp\/v2\/posts\/225470","targetHints":{"allow":["GET"]}}],"collection":[{"href":"https:\/\/www.tucomarca.com\/wordpress\/segunda\/wp-json\/wp\/v2\/posts"}],"about":[{"href":"https:\/\/www.tucomarca.com\/wordpress\/segunda\/wp-json\/wp\/v2\/types\/post"}],"author":[{"embeddable":true,"href":"https:\/\/www.tucomarca.com\/wordpress\/segunda\/wp-json\/wp\/v2\/users\/12"}],"replies":[{"embeddable":true,"href":"https:\/\/www.tucomarca.com\/wordpress\/segunda\/wp-json\/wp\/v2\/comments?post=225470"}],"version-history":[{"count":0,"href":"https:\/\/www.tucomarca.com\/wordpress\/segunda\/wp-json\/wp\/v2\/posts\/225470\/revisions"}],"wp:featuredmedia":[{"embeddable":true,"href":"https:\/\/www.tucomarca.com\/wordpress\/segunda\/wp-json\/wp\/v2\/media\/225472"}],"wp:attachment":[{"href":"https:\/\/www.tucomarca.com\/wordpress\/segunda\/wp-json\/wp\/v2\/media?parent=225470"}],"wp:term":[{"taxonomy":"category","embeddable":true,"href":"https:\/\/www.tucomarca.com\/wordpress\/segunda\/wp-json\/wp\/v2\/categories?post=225470"},{"taxonomy":"post_tag","embeddable":true,"href":"https:\/\/www.tucomarca.com\/wordpress\/segunda\/wp-json\/wp\/v2\/tags?post=225470"}],"curies":[{"name":"wp","href":"https:\/\/api.w.org\/{rel}","templated":true}]}}