{"id":225661,"date":"2024-06-06T12:00:00","date_gmt":"2024-06-06T10:00:00","guid":{"rendered":"https:\/\/www.tucomarca.com\/wordpress\/segunda\/?p=225661"},"modified":"2024-06-06T13:37:15","modified_gmt":"2024-06-06T11:37:15","slug":"benaguasil-recibe-una-subvencion-para-mejorar-la-seguridad-vial-en-entornos-escolares","status":"publish","type":"post","link":"https:\/\/www.tucomarca.com\/wordpress\/segunda\/benaguasil-recibe-una-subvencion-para-mejorar-la-seguridad-vial-en-entornos-escolares\/","title":{"rendered":"Benaguasil recibe una subvenci\u00f3n para mejorar la seguridad vial en entornos escolares"},"content":{"rendered":"\n<p><strong>La actuaci\u00f3n se enmarca dentro del Plan Reacciona 2023 de la Diputaci\u00f3n de Valencia.<\/strong><\/p>\n\n\n\n<p>El Ayuntamiento de Benaguasil ha recibido una subvenci\u00f3n de la Diputaci\u00f3n de Val\u00e8ncia por importe de 35.000\u20ac para la sensorizaci\u00f3n de un paso de peatones inteligente y un radar pedag\u00f3gico disuasorio.<\/p>\n\n\n\n<p>La actuaci\u00f3n se llevar\u00e1 a cabo en una de las v\u00edas con mayor tr\u00e1fico rodado, la calle Pedralba, con el objetivo de mejorar la seguridad de acceso al centro educativo Asunci\u00f3n de peatones y conductores.&nbsp;<\/p>\n\n\n\n<p>Esta ayuda se enmarca dentro del programa Reacciona 2023 dirigida a entornos escolares libres de tr\u00e1fico. El edil de Seguridad, Rub\u00e9n Araque, ha se\u00f1alado que \u201cdesde el Ayuntamiento seguimos dando pasos para mejorar la seguridad vial, sobre todo en uno de los puntos que acumula m\u00e1s tr\u00e1nsito tanto de veh\u00edculos como de peatones al ser una ruta de paso de escolares hacia su colegio\u201d.<\/p>\n","protected":false},"excerpt":{"rendered":"<div class=\"mh-excerpt\">La actuaci\u00f3n se enmarca dentro del Plan Reacciona 2023 de la Diputaci\u00f3n de Valencia. El Ayuntamiento de Benaguasil ha recibido una subvenci\u00f3n de la Diputaci\u00f3n de Val\u00e8ncia por importe de 35.000\u20ac para la sensorizaci\u00f3n de <a class=\"mh-excerpt-more\" href=\"https:\/\/www.tucomarca.com\/wordpress\/segunda\/benaguasil-recibe-una-subvencion-para-mejorar-la-seguridad-vial-en-entornos-escolares\/\" title=\"Benaguasil recibe una subvenci\u00f3n para mejorar la seguridad vial en entornos escolares\">[+] <\/a><\/div>\n","protected":false},"author":1,"featured_media":225662,"comment_status":"open","ping_status":"open","sticky":false,"template":"","format":"standard","meta":{"footnotes":""},"categories":[172,46,128,8,142,3],"tags":[10429,10395],"class_list":{"0":"post-225661","1":"post","2":"type-post","3":"status-publish","4":"format-standard","5":"has-post-thumbnail","7":"category-benaguasil","8":"category-camp-de-turia","9":"category-infraestructuras","10":"category-la-comarca","11":"category-politica-la-comarca","12":"category-seccion","13":"tag-benaguasil","14":"tag-camp-de-turia"},"_links":{"self":[{"href":"https:\/\/www.tucomarca.com\/wordpress\/segunda\/wp-json\/wp\/v2\/posts\/225661","targetHints":{"allow":["GET"]}}],"collection":[{"href":"https:\/\/www.tucomarca.com\/wordpress\/segunda\/wp-json\/wp\/v2\/posts"}],"about":[{"href":"https:\/\/www.tucomarca.com\/wordpress\/segunda\/wp-json\/wp\/v2\/types\/post"}],"author":[{"embeddable":true,"href":"https:\/\/www.tucomarca.com\/wordpress\/segunda\/wp-json\/wp\/v2\/users\/1"}],"replies":[{"embeddable":true,"href":"https:\/\/www.tucomarca.com\/wordpress\/segunda\/wp-json\/wp\/v2\/comments?post=225661"}],"version-history":[{"count":0,"href":"https:\/\/www.tucomarca.com\/wordpress\/segunda\/wp-json\/wp\/v2\/posts\/225661\/revisions"}],"wp:featuredmedia":[{"embeddable":true,"href":"https:\/\/www.tucomarca.com\/wordpress\/segunda\/wp-json\/wp\/v2\/media\/225662"}],"wp:attachment":[{"href":"https:\/\/www.tucomarca.com\/wordpress\/segunda\/wp-json\/wp\/v2\/media?parent=225661"}],"wp:term":[{"taxonomy":"category","embeddable":true,"href":"https:\/\/www.tucomarca.com\/wordpress\/segunda\/wp-json\/wp\/v2\/categories?post=225661"},{"taxonomy":"post_tag","embeddable":true,"href":"https:\/\/www.tucomarca.com\/wordpress\/segunda\/wp-json\/wp\/v2\/tags?post=225661"}],"curies":[{"name":"wp","href":"https:\/\/api.w.org\/{rel}","templated":true}]}}