{"id":225825,"date":"2024-06-07T20:00:00","date_gmt":"2024-06-07T18:00:00","guid":{"rendered":"https:\/\/www.tucomarca.com\/wordpress\/segunda\/?p=225825"},"modified":"2024-06-07T20:16:30","modified_gmt":"2024-06-07T18:16:30","slug":"mata-a-tiros-a-su-mujer-y-a-su-hijastro-y-luego-se-suicida-en-benaguasil","status":"publish","type":"post","link":"https:\/\/www.tucomarca.com\/wordpress\/segunda\/mata-a-tiros-a-su-mujer-y-a-su-hijastro-y-luego-se-suicida-en-benaguasil\/","title":{"rendered":"Mata a tiros a su mujer y a su hijastro y luego se suicida en Benaguasil"},"content":{"rendered":"\n<h3 class=\"wp-block-heading\">La Guardia Civil de Valencia ha informado de que ha encontrado tres cad\u00e1veres en una vivienda de la localidad de Benaguasil.<\/h3>\n\n\n\n<p>Seg\u00fan fuentes de la Comandancia de la Guardia Civil de Valencia, \u00aben torno a las 15,00 horas del d\u00eda de hoy, tras recibir aviso del 112, la patrulla se ha desplazado a una vivienda de la localidad de Benaguasil. Al llegar se han encontrado a tres personas fallecidas por arma de fuego. Todas ellas pertenecientes al mismo n\u00facleo familiar. Se trata de una mujer, un hombre y el hijo de la mujer que ambos no ten\u00edan en com\u00fan\u00bb, tal como han hecho constar desde la Guardia Civil, instituci\u00f3n que se ha hecho cargo de la investigaci\u00f3n y cuyas actuaciones se han declarado secretas.<\/p>\n\n\n\n<p>\u00abETPJ, EMUME y el laboratorio de criminal\u00edstica se han desplazado al lugar de los hechos que ya est\u00e1n siendo investigados\u00bb, seg\u00fan las mismas fuentes. El Juzgado de Guardia de Ll\u00edria es el encargado del levantamiento de los cad\u00e1veres de lo que, seg\u00fan fuentes de la Delegaci\u00f3n de Gobierno de Valencia, tiene visos de ser otro caso m\u00e1s de violencia dom\u00e9stica ya que todo apunta que ser\u00eda el marido el que habr\u00eda acabado con la vida de la mujer y de su hijo con una escopeta.<\/p>\n\n\n\n<p>Seg\u00fan ha trascendido, el hombre de 64 a\u00f1os se habr\u00eda suicidado con la misma escopeta que habr\u00eda utilizado antes para acabar con la vida de su pareja, de 55 a\u00f1os, y el hijo de esta, un joven de 26 a\u00f1os.<\/p>\n\n\n\n<p><strong>Consternaci\u00f3n en Benaguasil<\/strong><\/p>\n\n\n\n<p>Desde el consistorio de Benaguasil han mostrado su consternaci\u00f3n al conocer estos hechos. El propio Director General Diversidad de la Generalitat Valenciana y Concejal del Ayuntamiento de Benaguasil, Stephane Soriano, ha mostrado a trav\u00e9s de las redes sociales la \u00abconsternaci\u00f3n por la noticia que hemos conocido\u00bb y ha a\u00f1adido que \u00abtanto el alcalde, Ximo Segarra, como el concejal de seguridad, Rub\u00e9n Araque, nada m\u00e1s conocerse el suceso se han desplazado hasta la zona\u00bb. T\u00bb. <\/p>\n\n\n\n<p>\u00abTodos los partidos pol\u00edticos del Ayuntamiento de Benaguasil han sido avisados condenando de manera un\u00e1nime lo sucedido. Mandamos toda nuestra fuerza y solidaridad a familiares y amigos de las v\u00edctimas\u00bb, ha finalizado.<\/p>\n","protected":false},"excerpt":{"rendered":"<div class=\"mh-excerpt\">La Guardia Civil de Valencia ha informado de que ha encontrado tres cad\u00e1veres en una vivienda de la localidad de Benaguasil. Seg\u00fan fuentes de la Comandancia de la Guardia Civil de Valencia, \u00aben torno a <a class=\"mh-excerpt-more\" href=\"https:\/\/www.tucomarca.com\/wordpress\/segunda\/mata-a-tiros-a-su-mujer-y-a-su-hijastro-y-luego-se-suicida-en-benaguasil\/\" title=\"Mata a tiros a su mujer y a su hijastro y luego se suicida en Benaguasil\">[+] <\/a><\/div>\n","protected":false},"author":1,"featured_media":210816,"comment_status":"open","ping_status":"open","sticky":false,"template":"","format":"standard","meta":{"footnotes":""},"categories":[172,46,8,72,3,116,45],"tags":[10429,10395,33],"class_list":{"0":"post-225825","1":"post","2":"type-post","3":"status-publish","4":"format-standard","5":"has-post-thumbnail","7":"category-benaguasil","8":"category-camp-de-turia","9":"category-la-comarca","10":"category-sin-categorizar","11":"category-seccion","12":"category-sucesos-la-comarca","13":"category-ventana","14":"tag-benaguasil","15":"tag-camp-de-turia","16":"tag-sucesos"},"_links":{"self":[{"href":"https:\/\/www.tucomarca.com\/wordpress\/segunda\/wp-json\/wp\/v2\/posts\/225825","targetHints":{"allow":["GET"]}}],"collection":[{"href":"https:\/\/www.tucomarca.com\/wordpress\/segunda\/wp-json\/wp\/v2\/posts"}],"about":[{"href":"https:\/\/www.tucomarca.com\/wordpress\/segunda\/wp-json\/wp\/v2\/types\/post"}],"author":[{"embeddable":true,"href":"https:\/\/www.tucomarca.com\/wordpress\/segunda\/wp-json\/wp\/v2\/users\/1"}],"replies":[{"embeddable":true,"href":"https:\/\/www.tucomarca.com\/wordpress\/segunda\/wp-json\/wp\/v2\/comments?post=225825"}],"version-history":[{"count":0,"href":"https:\/\/www.tucomarca.com\/wordpress\/segunda\/wp-json\/wp\/v2\/posts\/225825\/revisions"}],"wp:featuredmedia":[{"embeddable":true,"href":"https:\/\/www.tucomarca.com\/wordpress\/segunda\/wp-json\/wp\/v2\/media\/210816"}],"wp:attachment":[{"href":"https:\/\/www.tucomarca.com\/wordpress\/segunda\/wp-json\/wp\/v2\/media?parent=225825"}],"wp:term":[{"taxonomy":"category","embeddable":true,"href":"https:\/\/www.tucomarca.com\/wordpress\/segunda\/wp-json\/wp\/v2\/categories?post=225825"},{"taxonomy":"post_tag","embeddable":true,"href":"https:\/\/www.tucomarca.com\/wordpress\/segunda\/wp-json\/wp\/v2\/tags?post=225825"}],"curies":[{"name":"wp","href":"https:\/\/api.w.org\/{rel}","templated":true}]}}