{"id":2259,"date":"2012-05-23T18:20:10","date_gmt":"2012-05-23T16:20:10","guid":{"rendered":"http:\/\/www.tucomarca.com\/wordpress\/segunda\/?p=2259"},"modified":"2012-05-23T18:20:10","modified_gmt":"2012-05-23T16:20:10","slug":"anna-adecuara-sus-parajes-naturales-con-ayuda-de-la-diputacion","status":"publish","type":"post","link":"https:\/\/www.tucomarca.com\/wordpress\/segunda\/anna-adecuara-sus-parajes-naturales-con-ayuda-de-la-diputacion\/","title":{"rendered":"Anna adecuar\u00e1 sus parajes naturales con ayuda de la Diputaci\u00f3n"},"content":{"rendered":"<figure id=\"attachment_2260\" aria-describedby=\"caption-attachment-2260\" style=\"width: 300px\" class=\"wp-caption alignleft\"><a href=\"https:\/\/www.tucomarca.com\/wordpress\/segunda\/wp-content\/uploads\/2012\/05\/alcaldeanna.jpg\"><img loading=\"lazy\" decoding=\"async\" class=\"size-medium wp-image-2260\" title=\"alcaldeanna\" src=\"https:\/\/www.tucomarca.com\/wordpress\/segunda\/wp-content\/uploads\/2012\/05\/alcaldeanna-300x194.jpg\" alt=\"El diputado Ernesto Sanju\u00e1n junto con el alcalde, Miguel Ram\u00edrez.\" width=\"300\" height=\"194\" srcset=\"https:\/\/www.tucomarca.com\/wordpress\/segunda\/wp-content\/uploads\/2012\/05\/alcaldeanna-300x194.jpg 300w, https:\/\/www.tucomarca.com\/wordpress\/segunda\/wp-content\/uploads\/2012\/05\/alcaldeanna-1024x665.jpg 1024w\" sizes=\"auto, (max-width: 300px) 100vw, 300px\" \/><\/a><figcaption id=\"caption-attachment-2260\" class=\"wp-caption-text\">El diputado Ernesto Sanju\u00e1n junto con el alcalde, Miguel Ram\u00edrez.<\/figcaption><\/figure>\n<p>El diputado de Turismo, Ernesto Sanju\u00e1n, se ha reunido este mi\u00e9rcoles por la ma\u00f1ana con el alcalde de Anna, Miguel Ram\u00edrez, para analizar las l\u00edneas de colaboraci\u00f3n. Reuni\u00f3n de la que ha trrascendido que el Patronato Provincial de Turismo Val\u00e8ncia, Terra i Mar colaborar\u00e1 con el ayuntamiento de Anna, en la adecuaci\u00f3n de los parajes naturales de la zona.<\/p>\n<p>El diputado de Turismo, Ernesto Sanju\u00e1n, ha atendido esta ma\u00f1ana la petici\u00f3n del alcalde de Anna, Miguel Ram\u00edrez, quien ha solicitado la colaboraci\u00f3n del Patronato Provincial de Turismo para financiar una parte de las actuaciones en el entorno de l&#8217; Albufera de Anna, los Gorgos y la Fuente Negra.<\/p>\n<p>El diputado de Turismo, Ernesto Sanju\u00e1n, ha subrayado que \u00abesta inversi\u00f3n contribuir\u00e1 a mejorar la calidad tur\u00edstica y econ\u00f3mica de Anna y de la comarca de La Canal de Navarr\u00e9s. Este a\u00f1o, se se\u00f1alizar\u00e1 la zona de los parajes del municipio y la zona del Palau con el objetivo de dar a conocer la belleza de esta localidad\u00bb.<\/p>\n<p>\u00abLos principales atractivos de Anna son sus parajes naturales. Por ello, y gracias a la colaboraci\u00f3n de la Diputaci\u00f3n de Valencia, vamos a se\u00f1alizar las zonas tur\u00edsticas, editar tr\u00edpticos y promocionar el lago de l&#8217;Albufera y el municipio de Anna\u00bb, ha destacado el alcalde de Anna, Miguel Ram\u00edrez.<\/p>\n","protected":false},"excerpt":{"rendered":"<div class=\"mh-excerpt\">El diputado de Turismo, Ernesto Sanju\u00e1n, se ha reunido este mi\u00e9rcoles por la ma\u00f1ana con el alcalde de Anna, Miguel Ram\u00edrez, para analizar las l\u00edneas de colaboraci\u00f3n. Reuni\u00f3n de la que ha trrascendido que el <a class=\"mh-excerpt-more\" href=\"https:\/\/www.tucomarca.com\/wordpress\/segunda\/anna-adecuara-sus-parajes-naturales-con-ayuda-de-la-diputacion\/\" title=\"Anna adecuar\u00e1 sus parajes naturales con ayuda de la Diputaci\u00f3n\">[+] <\/a><\/div>\n","protected":false},"author":1,"featured_media":2260,"comment_status":"open","ping_status":"open","sticky":false,"template":"","format":"standard","meta":{"footnotes":""},"categories":[78,128,70,8,117,3],"tags":[],"class_list":{"0":"post-2259","1":"post","2":"type-post","3":"status-publish","4":"format-standard","5":"has-post-thumbnail","7":"category-anna","8":"category-infraestructuras","9":"category-la-canal-de-navarres","10":"category-la-comarca","11":"category-medio-ambiente-la-comarca","12":"category-seccion"},"_links":{"self":[{"href":"https:\/\/www.tucomarca.com\/wordpress\/segunda\/wp-json\/wp\/v2\/posts\/2259","targetHints":{"allow":["GET"]}}],"collection":[{"href":"https:\/\/www.tucomarca.com\/wordpress\/segunda\/wp-json\/wp\/v2\/posts"}],"about":[{"href":"https:\/\/www.tucomarca.com\/wordpress\/segunda\/wp-json\/wp\/v2\/types\/post"}],"author":[{"embeddable":true,"href":"https:\/\/www.tucomarca.com\/wordpress\/segunda\/wp-json\/wp\/v2\/users\/1"}],"replies":[{"embeddable":true,"href":"https:\/\/www.tucomarca.com\/wordpress\/segunda\/wp-json\/wp\/v2\/comments?post=2259"}],"version-history":[{"count":0,"href":"https:\/\/www.tucomarca.com\/wordpress\/segunda\/wp-json\/wp\/v2\/posts\/2259\/revisions"}],"wp:featuredmedia":[{"embeddable":true,"href":"https:\/\/www.tucomarca.com\/wordpress\/segunda\/wp-json\/wp\/v2\/media\/2260"}],"wp:attachment":[{"href":"https:\/\/www.tucomarca.com\/wordpress\/segunda\/wp-json\/wp\/v2\/media?parent=2259"}],"wp:term":[{"taxonomy":"category","embeddable":true,"href":"https:\/\/www.tucomarca.com\/wordpress\/segunda\/wp-json\/wp\/v2\/categories?post=2259"},{"taxonomy":"post_tag","embeddable":true,"href":"https:\/\/www.tucomarca.com\/wordpress\/segunda\/wp-json\/wp\/v2\/tags?post=2259"}],"curies":[{"name":"wp","href":"https:\/\/api.w.org\/{rel}","templated":true}]}}