{"id":226118,"date":"2024-06-11T17:00:00","date_gmt":"2024-06-11T15:00:00","guid":{"rendered":"https:\/\/www.tucomarca.com\/wordpress\/segunda\/?p=226118"},"modified":"2024-06-11T18:51:18","modified_gmt":"2024-06-11T16:51:18","slug":"una-persona-fallece-y-cuatro-resultan-heridas-en-el-accidente-entre-una-furgoneta-y-un-turismo-en-la-cv-470-en-el-termino-de-utiel","status":"publish","type":"post","link":"https:\/\/www.tucomarca.com\/wordpress\/segunda\/una-persona-fallece-y-cuatro-resultan-heridas-en-el-accidente-entre-una-furgoneta-y-un-turismo-en-la-cv-470-en-el-termino-de-utiel\/","title":{"rendered":"Una persona fallece y cuatro resultan heridas en el accidente entre una furgoneta y un turismo en la CV-470 en el t\u00e9rmino de Utiel"},"content":{"rendered":"\n<p>Un accidente ocurrido este martes al mediod\u00eda en la carretera CV-470 en el t\u00e9rmino municipal de Utiel entre una furgoneta y un turismo se ha saldado con una persona fallecida y cuatro heridas. <\/p>\n\n\n\n<p>El fallecido es un hombre de 60 a\u00f1os de edad mientras que los heridos, que han sido trasladados al Hospital de Requena, son un menor de 17 a\u00f1os de edad, con politraumatismos; una mujer de 26 a\u00f1os, con contusi\u00f3n tor\u00e1cica; otra mujer de 46 a\u00f1os con mareos; y un hombre de 49 a\u00f1os, tambi\u00e9n con contusi\u00f3n tor\u00e1cica, seg\u00fan fuentes del Centro de Informaci\u00f3n y Coordinaci\u00f3n de Urgencias, que ha movilizado una unidad de SVB y otra del SAMU para atender a los accidentados.<\/p>\n","protected":false},"excerpt":{"rendered":"<div class=\"mh-excerpt\">Un accidente ocurrido este martes al mediod\u00eda en la carretera CV-470 en el t\u00e9rmino municipal de Utiel entre una furgoneta y un turismo se ha saldado con una persona fallecida y cuatro heridas. El fallecido <a class=\"mh-excerpt-more\" href=\"https:\/\/www.tucomarca.com\/wordpress\/segunda\/una-persona-fallece-y-cuatro-resultan-heridas-en-el-accidente-entre-una-furgoneta-y-un-turismo-en-la-cv-470-en-el-termino-de-utiel\/\" title=\"Una persona fallece y cuatro resultan heridas en el accidente entre una furgoneta y un turismo en la CV-470 en el t\u00e9rmino de Utiel\">[+] <\/a><\/div>\n","protected":false},"author":1,"featured_media":212322,"comment_status":"open","ping_status":"open","sticky":false,"template":"","format":"standard","meta":{"footnotes":""},"categories":[128,8,72,27,3,116,29,45],"tags":[264,775,10387,10389],"class_list":{"0":"post-226118","1":"post","2":"type-post","3":"status-publish","4":"format-standard","5":"has-post-thumbnail","7":"category-infraestructuras","8":"category-la-comarca","9":"category-sin-categorizar","10":"category-requena-utiel","11":"category-seccion","12":"category-sucesos-la-comarca","13":"category-utiel","14":"category-ventana","15":"tag-accidente","16":"tag-fallecido","17":"tag-requena-utiel","18":"tag-utiel"},"_links":{"self":[{"href":"https:\/\/www.tucomarca.com\/wordpress\/segunda\/wp-json\/wp\/v2\/posts\/226118","targetHints":{"allow":["GET"]}}],"collection":[{"href":"https:\/\/www.tucomarca.com\/wordpress\/segunda\/wp-json\/wp\/v2\/posts"}],"about":[{"href":"https:\/\/www.tucomarca.com\/wordpress\/segunda\/wp-json\/wp\/v2\/types\/post"}],"author":[{"embeddable":true,"href":"https:\/\/www.tucomarca.com\/wordpress\/segunda\/wp-json\/wp\/v2\/users\/1"}],"replies":[{"embeddable":true,"href":"https:\/\/www.tucomarca.com\/wordpress\/segunda\/wp-json\/wp\/v2\/comments?post=226118"}],"version-history":[{"count":0,"href":"https:\/\/www.tucomarca.com\/wordpress\/segunda\/wp-json\/wp\/v2\/posts\/226118\/revisions"}],"wp:featuredmedia":[{"embeddable":true,"href":"https:\/\/www.tucomarca.com\/wordpress\/segunda\/wp-json\/wp\/v2\/media\/212322"}],"wp:attachment":[{"href":"https:\/\/www.tucomarca.com\/wordpress\/segunda\/wp-json\/wp\/v2\/media?parent=226118"}],"wp:term":[{"taxonomy":"category","embeddable":true,"href":"https:\/\/www.tucomarca.com\/wordpress\/segunda\/wp-json\/wp\/v2\/categories?post=226118"},{"taxonomy":"post_tag","embeddable":true,"href":"https:\/\/www.tucomarca.com\/wordpress\/segunda\/wp-json\/wp\/v2\/tags?post=226118"}],"curies":[{"name":"wp","href":"https:\/\/api.w.org\/{rel}","templated":true}]}}