{"id":226230,"date":"2024-06-12T10:00:00","date_gmt":"2024-06-12T08:00:00","guid":{"rendered":"https:\/\/www.tucomarca.com\/wordpress\/segunda\/?p=226230"},"modified":"2024-06-12T20:44:09","modified_gmt":"2024-06-12T18:44:09","slug":"el-muvim-profundiza-en-el-paisaje-actual-del-nucleo-historico-de-gavarda-con-una-exposicion-de-vicent-machi","status":"publish","type":"post","link":"https:\/\/www.tucomarca.com\/wordpress\/segunda\/el-muvim-profundiza-en-el-paisaje-actual-del-nucleo-historico-de-gavarda-con-una-exposicion-de-vicent-machi\/","title":{"rendered":"El MuVIM profundiza en el paisaje actual del n\u00facleo hist\u00f3rico de Gavarda con una exposici\u00f3n de Vicent Mach\u00ed"},"content":{"rendered":"\n<h3 class=\"wp-block-heading\">La muestra \u2018La mem\u00f2ria del terra\u2019, del artista Vicent Mach\u00ed, est\u00e1 compuesta por una serie de lienzos y un v\u00eddeo en los que las formas naturales y la acci\u00f3n del ser humano se entrelazan para contar el pasado de la localidad.<\/h3>\n\n\n\n<h3 class=\"wp-block-heading\">La exposici\u00f3n se podr\u00e1 ver en la Sala Alta del museo de la Diputaci\u00f3 de Val\u00e8ncia desde el 12 de junio hasta el 20 de octubre.<\/h3>\n\n\n\n<p>Las formas naturales y geom\u00e9tricas, el paisaje y la acci\u00f3n del ser humano se entrelazan en los lienzos de Vicent Mach\u00ed que dan nombre a la muestra \u2018La mem\u00f2ria del terra\u2019. Como pincel, el suelo, la tierra del n\u00facleo hist\u00f3rico de Gavarda, \u201cla impronta de las aceras, carreteras y descampados en los que antes se erig\u00eda una casa y las ruinas de las viviendas que fueron asoladas por la pantanada de Tous del 20 de octubre de 1982\u201d, ha apuntado la comisaria de la muestra, Johanna Caplliure.<\/p>\n\n\n\n<p>La Sala Alta del MuVIM, Museu Valenci\u00e0 de la Illustraci\u00f3 i la Modernitat, acoge esta muestra, que \u201crinde un homenaje al n\u00facleo hist\u00f3rico de Gavarda mediante un recorrido performance a trav\u00e9s del arrastre de una estructura de madera con una tela grapada, tal como se muestra en el v\u00eddeo de la muestra y en el que se puede apreciar lo que ha quedado del pueblo y c\u00f3mo los vecinos han aprovechado el territorio\u201d, se\u00f1ala el artista, Vicent Mach\u00ed.<\/p>\n\n\n\n<p>El artista apunta tambi\u00e9n que siempre se ha sentido atra\u00eddo por las formas geom\u00e9tricas y org\u00e1nicas, as\u00ed como la simultaneidad entre ellas. \u201cPara esta muestra ten\u00eda como pretexto aislar estas formas para que no ocuparan todo el espacio del bastidor, por ello realic\u00e9 unos lienzos de gran formato donde tambi\u00e9n se ve fondo, y en la figura se plasma el arrastre que hago, dejando ver el suelo, es como una propia huella que crea un metapaisaje\u201d.<\/p>\n\n\n\n<p>Por su parte, el jefe de Exposiciones del MuVIM, Amador Gri\u00f1\u00f3, ha se\u00f1alado que Vicent Mach\u00ed \u201ces un joven valor ya consolidado con muchos premios en su curr\u00edculum, pero sobre todo es un trabajador; detr\u00e1s de cada obra hay una historia y Vicent Mach\u00ed nos est\u00e1 contando su historia\u201d.<\/p>\n\n\n\n<p>\u201cRecuerdo lo de Gavarda -contin\u00faa Gri\u00f1\u00f3- y Mach\u00ed se niega a que la memoria desaparezca, \u00e9l trabaja desde el no figurativismo, desde estas composiciones, est\u00e9ticamente perfectas, construyendo sus cuadros a partir del propio terreno del que est\u00e1 hablando, lo que da lugar a unas composiciones preciosas\u201d.<\/p>\n\n\n\n<figure class=\"wp-block-image size-full\"><img loading=\"lazy\" decoding=\"async\" width=\"886\" height=\"591\" src=\"https:\/\/www.tucomarca.com\/wordpress\/segunda\/wp-content\/uploads\/2024\/06\/MuVimGavarda2.jpg\" alt=\"\" class=\"wp-image-226242\" srcset=\"https:\/\/www.tucomarca.com\/wordpress\/segunda\/wp-content\/uploads\/2024\/06\/MuVimGavarda2.jpg 886w, https:\/\/www.tucomarca.com\/wordpress\/segunda\/wp-content\/uploads\/2024\/06\/MuVimGavarda2-300x200.jpg 300w, https:\/\/www.tucomarca.com\/wordpress\/segunda\/wp-content\/uploads\/2024\/06\/MuVimGavarda2-768x512.jpg 768w\" sizes=\"auto, (max-width: 886px) 100vw, 886px\" \/><\/figure>\n\n\n\n<p><strong>Vicent Mach\u00ed<\/strong><\/p>\n\n\n\n<p>El trabajo de Vicent Mach\u00ed (Gavarda, 1997) se inspira en el paisaje, entre lo que se supone natural en este y el complejo entramado de ciertas formas que se pueden observar en el legado de esta localidad. Trabaja unas estructuras pl\u00e1sticas de car\u00e1cter abstracto pero identificables. Por un lado, se puede observar un lienzo que efect\u00faa su papel como un registro del suelo de Gavarda, y es que Mach\u00ed sustrae en su arrastre la impronta del municipio. Por otro lado, se pueden observar dos formas geom\u00e9tricas, la circunferencia y el rect\u00e1ngulo que sirven como dispositivo modular para crear juegos de presi\u00f3n y formas entre el suelo y el lienzo.<\/p>\n\n\n\n<p>As\u00ed, \u2018La mem\u00f2ria del terra\u2019 est\u00e1 compuesta por una decena de lienzos de gran formato y un v\u00eddeo que recoge la acci\u00f3n realizada por el artista para efectuar las piezas donde lo f\u00edsico del terreno, as\u00ed como lo experiencial de la actividad cobran un sentido memor\u00edstico. Estas piezas, producidas para esta muestra que acoge el MuVIM, contin\u00faan un trabajo previo realizado en su serie \u2018Sobre el paisaje\u2019. En ambos Gavarda es la protagonista. El paisaje de Gavarda se convierte en un escenario donde conviven las formas naturales y la acci\u00f3n del ser humano, configurando una amalgama sedimentaria de historias que se entrelazan para contar el pasado. Mach\u00ed recoge las part\u00edculas epid\u00e9rmicas del suelo de Gavarda componiendo una especie de memoria del polvo que sirve como estudio estratigr\u00e1fico de la vida en esta localidad.<\/p>\n","protected":false},"excerpt":{"rendered":"<div class=\"mh-excerpt\">La muestra \u2018La mem\u00f2ria del terra\u2019, del artista Vicent Mach\u00ed, est\u00e1 compuesta por una serie de lienzos y un v\u00eddeo en los que las formas naturales y la acci\u00f3n del ser humano se entrelazan para <a class=\"mh-excerpt-more\" href=\"https:\/\/www.tucomarca.com\/wordpress\/segunda\/el-muvim-profundiza-en-el-paisaje-actual-del-nucleo-historico-de-gavarda-con-una-exposicion-de-vicent-machi\/\" title=\"El MuVIM profundiza en el paisaje actual del n\u00facleo hist\u00f3rico de Gavarda con una exposici\u00f3n de Vicent Mach\u00ed\">[+] <\/a><\/div>\n","protected":false},"author":12,"featured_media":226240,"comment_status":"open","ping_status":"open","sticky":false,"template":"","format":"standard","meta":{"footnotes":""},"categories":[4,156,8,72,42,7,92,3],"tags":[3677,3100,20812],"class_list":{"0":"post-226230","1":"post","2":"type-post","3":"status-publish","4":"format-standard","5":"has-post-thumbnail","7":"category-agenda","8":"category-gavarda","9":"category-la-comarca","10":"category-sin-categorizar","11":"category-la-ribera","12":"category-ocio-y-cultura","13":"category-pintura","14":"category-seccion","15":"tag-diputacio-de-valencia","16":"tag-muvim","17":"tag-vicent-machi"},"_links":{"self":[{"href":"https:\/\/www.tucomarca.com\/wordpress\/segunda\/wp-json\/wp\/v2\/posts\/226230","targetHints":{"allow":["GET"]}}],"collection":[{"href":"https:\/\/www.tucomarca.com\/wordpress\/segunda\/wp-json\/wp\/v2\/posts"}],"about":[{"href":"https:\/\/www.tucomarca.com\/wordpress\/segunda\/wp-json\/wp\/v2\/types\/post"}],"author":[{"embeddable":true,"href":"https:\/\/www.tucomarca.com\/wordpress\/segunda\/wp-json\/wp\/v2\/users\/12"}],"replies":[{"embeddable":true,"href":"https:\/\/www.tucomarca.com\/wordpress\/segunda\/wp-json\/wp\/v2\/comments?post=226230"}],"version-history":[{"count":0,"href":"https:\/\/www.tucomarca.com\/wordpress\/segunda\/wp-json\/wp\/v2\/posts\/226230\/revisions"}],"wp:featuredmedia":[{"embeddable":true,"href":"https:\/\/www.tucomarca.com\/wordpress\/segunda\/wp-json\/wp\/v2\/media\/226240"}],"wp:attachment":[{"href":"https:\/\/www.tucomarca.com\/wordpress\/segunda\/wp-json\/wp\/v2\/media?parent=226230"}],"wp:term":[{"taxonomy":"category","embeddable":true,"href":"https:\/\/www.tucomarca.com\/wordpress\/segunda\/wp-json\/wp\/v2\/categories?post=226230"},{"taxonomy":"post_tag","embeddable":true,"href":"https:\/\/www.tucomarca.com\/wordpress\/segunda\/wp-json\/wp\/v2\/tags?post=226230"}],"curies":[{"name":"wp","href":"https:\/\/api.w.org\/{rel}","templated":true}]}}