{"id":226302,"date":"2024-06-13T10:00:00","date_gmt":"2024-06-13T08:00:00","guid":{"rendered":"https:\/\/www.tucomarca.com\/wordpress\/segunda\/?p=226302"},"modified":"2024-06-13T19:33:48","modified_gmt":"2024-06-13T17:33:48","slug":"los-campeonatos-deportivos-de-verano-vuelven-a-alborache","status":"publish","type":"post","link":"https:\/\/www.tucomarca.com\/wordpress\/segunda\/los-campeonatos-deportivos-de-verano-vuelven-a-alborache\/","title":{"rendered":"Los campeonatos deportivos de verano vuelven a  Alborache"},"content":{"rendered":"\n<p>Este verano, el Polideportivo Municipal de Alborache acoger\u00e1 sus tradicionales campeonatos deportivos, del 1 al 18 de julio, y que culminar\u00e1n con la cena \u00abGala del Deporte\u00bb, el pr\u00f3ximo 18 de julio. Aqu\u00ed ten\u00e9is toda la informaci\u00f3n para inscribirte el ayuntamiento hasta el 25 de junio y participar totalmente gratis:<\/p>\n\n\n\n<figure class=\"wp-block-gallery has-nested-images columns-default is-cropped wp-block-gallery-1 is-layout-flex wp-block-gallery-is-layout-flex\">\n<figure class=\"wp-block-image size-large\"><img loading=\"lazy\" decoding=\"async\" width=\"724\" height=\"1024\" data-id=\"226309\" src=\"https:\/\/www.tucomarca.com\/wordpress\/segunda\/wp-content\/uploads\/2024\/06\/DeportAlborache1-724x1024.jpg\" alt=\"\" class=\"wp-image-226309\" srcset=\"https:\/\/www.tucomarca.com\/wordpress\/segunda\/wp-content\/uploads\/2024\/06\/DeportAlborache1-724x1024.jpg 724w, https:\/\/www.tucomarca.com\/wordpress\/segunda\/wp-content\/uploads\/2024\/06\/DeportAlborache1-212x300.jpg 212w, https:\/\/www.tucomarca.com\/wordpress\/segunda\/wp-content\/uploads\/2024\/06\/DeportAlborache1-768x1086.jpg 768w, https:\/\/www.tucomarca.com\/wordpress\/segunda\/wp-content\/uploads\/2024\/06\/DeportAlborache1.jpg 886w\" sizes=\"auto, (max-width: 724px) 100vw, 724px\" \/><\/figure>\n\n\n\n<figure class=\"wp-block-image size-large\"><img loading=\"lazy\" decoding=\"async\" width=\"724\" height=\"1024\" data-id=\"226311\" src=\"https:\/\/www.tucomarca.com\/wordpress\/segunda\/wp-content\/uploads\/2024\/06\/DeportAlborache2-724x1024.jpg\" alt=\"\" class=\"wp-image-226311\" srcset=\"https:\/\/www.tucomarca.com\/wordpress\/segunda\/wp-content\/uploads\/2024\/06\/DeportAlborache2-724x1024.jpg 724w, https:\/\/www.tucomarca.com\/wordpress\/segunda\/wp-content\/uploads\/2024\/06\/DeportAlborache2-212x300.jpg 212w, https:\/\/www.tucomarca.com\/wordpress\/segunda\/wp-content\/uploads\/2024\/06\/DeportAlborache2-768x1086.jpg 768w, https:\/\/www.tucomarca.com\/wordpress\/segunda\/wp-content\/uploads\/2024\/06\/DeportAlborache2.jpg 886w\" sizes=\"auto, (max-width: 724px) 100vw, 724px\" \/><\/figure>\n\n\n\n<figure class=\"wp-block-image size-large\"><img loading=\"lazy\" decoding=\"async\" width=\"724\" height=\"1024\" data-id=\"226313\" src=\"https:\/\/www.tucomarca.com\/wordpress\/segunda\/wp-content\/uploads\/2024\/06\/DeportAlborache3-724x1024.jpg\" alt=\"\" class=\"wp-image-226313\" srcset=\"https:\/\/www.tucomarca.com\/wordpress\/segunda\/wp-content\/uploads\/2024\/06\/DeportAlborache3-724x1024.jpg 724w, https:\/\/www.tucomarca.com\/wordpress\/segunda\/wp-content\/uploads\/2024\/06\/DeportAlborache3-212x300.jpg 212w, https:\/\/www.tucomarca.com\/wordpress\/segunda\/wp-content\/uploads\/2024\/06\/DeportAlborache3-768x1086.jpg 768w, https:\/\/www.tucomarca.com\/wordpress\/segunda\/wp-content\/uploads\/2024\/06\/DeportAlborache3.jpg 886w\" sizes=\"auto, (max-width: 724px) 100vw, 724px\" \/><\/figure>\n<\/figure>\n\n\n\n<h4 class=\"wp-block-heading\">Campeonato de Futbito<\/h4>\n\n\n\n<ul class=\"wp-block-list\">\n<li><strong>Categor\u00edas<\/strong>:\n<ul class=\"wp-block-list\">\n<li>Infantil (hasta 14 a\u00f1os)<\/li>\n\n\n\n<li>Absoluta (a partir de 14 a\u00f1os)<\/li>\n<\/ul>\n<\/li>\n<\/ul>\n\n\n\n<h4 class=\"wp-block-heading\">Campeonato de Front\u00f3n<\/h4>\n\n\n\n<ul class=\"wp-block-list\">\n<li><strong>Categor\u00edas<\/strong>:\n<ul class=\"wp-block-list\">\n<li>Infantil (hasta 14 a\u00f1os)<\/li>\n\n\n\n<li>Absoluta (a partir de 14 a\u00f1os)<\/li>\n<\/ul>\n<\/li>\n<\/ul>\n\n\n\n<h4 class=\"wp-block-heading\">Campeonato de Ping-Pong<\/h4>\n\n\n\n<ul class=\"wp-block-list\">\n<li><strong>Categor\u00edas<\/strong>:\n<ul class=\"wp-block-list\">\n<li>Infantil (hasta 14 a\u00f1os)<\/li>\n\n\n\n<li>Absoluta (a partir de 14 a\u00f1os)<\/li>\n<\/ul>\n<\/li>\n<\/ul>\n\n\n\n<p>\u00a1No os perd\u00e1is la oportunidad de participar y demostrar vuestras habilidades deportivas!<\/p>\n","protected":false},"excerpt":{"rendered":"<div class=\"mh-excerpt\">Este verano, el Polideportivo Municipal de Alborache acoger\u00e1 sus tradicionales campeonatos deportivos, del 1 al 18 de julio, y que culminar\u00e1n con la cena \u00abGala del Deporte\u00bb, el pr\u00f3ximo 18 de julio. Aqu\u00ed ten\u00e9is toda <a class=\"mh-excerpt-more\" href=\"https:\/\/www.tucomarca.com\/wordpress\/segunda\/los-campeonatos-deportivos-de-verano-vuelven-a-alborache\/\" title=\"Los campeonatos deportivos de verano vuelven a  Alborache\">[+] <\/a><\/div>\n","protected":false},"author":12,"featured_media":226313,"comment_status":"open","ping_status":"open","sticky":false,"template":"","format":"standard","meta":{"footnotes":""},"categories":[4,19,6,8,10,199,3],"tags":[10386,5952],"class_list":{"0":"post-226302","1":"post","2":"type-post","3":"status-publish","4":"format-standard","5":"has-post-thumbnail","7":"category-agenda","8":"category-alborache","9":"category-deportes","10":"category-la-comarca","11":"category-la-hoya","12":"category-polideportivo","13":"category-seccion","14":"tag-alborache","15":"tag-la-hoya-de-bunol-chiva"},"_links":{"self":[{"href":"https:\/\/www.tucomarca.com\/wordpress\/segunda\/wp-json\/wp\/v2\/posts\/226302","targetHints":{"allow":["GET"]}}],"collection":[{"href":"https:\/\/www.tucomarca.com\/wordpress\/segunda\/wp-json\/wp\/v2\/posts"}],"about":[{"href":"https:\/\/www.tucomarca.com\/wordpress\/segunda\/wp-json\/wp\/v2\/types\/post"}],"author":[{"embeddable":true,"href":"https:\/\/www.tucomarca.com\/wordpress\/segunda\/wp-json\/wp\/v2\/users\/12"}],"replies":[{"embeddable":true,"href":"https:\/\/www.tucomarca.com\/wordpress\/segunda\/wp-json\/wp\/v2\/comments?post=226302"}],"version-history":[{"count":0,"href":"https:\/\/www.tucomarca.com\/wordpress\/segunda\/wp-json\/wp\/v2\/posts\/226302\/revisions"}],"wp:featuredmedia":[{"embeddable":true,"href":"https:\/\/www.tucomarca.com\/wordpress\/segunda\/wp-json\/wp\/v2\/media\/226313"}],"wp:attachment":[{"href":"https:\/\/www.tucomarca.com\/wordpress\/segunda\/wp-json\/wp\/v2\/media?parent=226302"}],"wp:term":[{"taxonomy":"category","embeddable":true,"href":"https:\/\/www.tucomarca.com\/wordpress\/segunda\/wp-json\/wp\/v2\/categories?post=226302"},{"taxonomy":"post_tag","embeddable":true,"href":"https:\/\/www.tucomarca.com\/wordpress\/segunda\/wp-json\/wp\/v2\/tags?post=226302"}],"curies":[{"name":"wp","href":"https:\/\/api.w.org\/{rel}","templated":true}]}}