{"id":226747,"date":"2024-06-18T10:10:00","date_gmt":"2024-06-18T08:10:00","guid":{"rendered":"https:\/\/www.tucomarca.com\/wordpress\/segunda\/?p=226747"},"modified":"2024-06-18T12:39:13","modified_gmt":"2024-06-18T10:39:13","slug":"la-mancomunidad-de-la-hoya-prepara-una-formacion-sobre-ventas-on-line","status":"publish","type":"post","link":"https:\/\/www.tucomarca.com\/wordpress\/segunda\/la-mancomunidad-de-la-hoya-prepara-una-formacion-sobre-ventas-on-line\/","title":{"rendered":"La Mancomunidad de La Hoya prepara una formaci\u00f3n sobre ventas &#8216;On line&#8217;"},"content":{"rendered":"\n<p>La sesi\u00f3n, dirigida a empresas, PYMES y aut\u00f3nomos y futuros emprendedores, pretende ofrecer los conceptos b\u00e1sicos con los que comenzar a trabajar las ventas por internet.<\/p>\n\n\n\n<p>La sesi\u00f3n, que se realizar\u00e1 en las instalaciones de la Mancomunidad en Y\u00e1tova, se realizar\u00e1 el pr\u00f3ximo 20 de junio, en horario de 16,30 a 20,30 horas, siendo de car\u00e1cter gratuito previa inscripci\u00f3n en info.empace@mchoya.es o llamando al tel\u00e9fono 635707081.<\/p>\n\n\n<div class=\"wp-block-image\">\n<figure class=\"alignleft size-full is-resized\"><img loading=\"lazy\" decoding=\"async\" width=\"886\" height=\"886\" src=\"https:\/\/www.tucomarca.com\/wordpress\/segunda\/wp-content\/uploads\/2024\/06\/MancomComercioElectr.jpg\" alt=\"\" class=\"wp-image-226750\" style=\"width:450px;height:auto\" srcset=\"https:\/\/www.tucomarca.com\/wordpress\/segunda\/wp-content\/uploads\/2024\/06\/MancomComercioElectr.jpg 886w, https:\/\/www.tucomarca.com\/wordpress\/segunda\/wp-content\/uploads\/2024\/06\/MancomComercioElectr-300x300.jpg 300w, https:\/\/www.tucomarca.com\/wordpress\/segunda\/wp-content\/uploads\/2024\/06\/MancomComercioElectr-290x290.jpg 290w, https:\/\/www.tucomarca.com\/wordpress\/segunda\/wp-content\/uploads\/2024\/06\/MancomComercioElectr-768x768.jpg 768w\" sizes=\"auto, (max-width: 886px) 100vw, 886px\" \/><\/figure>\n<\/div>\n\n\n<p class=\"has-text-align-left\">La sesi\u00f3n formativa, marcada por su car\u00e1cter eminentemente pr\u00e1ctico, definir\u00e1 los conceptos b\u00e1sicos que deben platearse dentro de un plan de incremento de ventas apoyado en comercio electr\u00f3nico, definiendo p\u00fablicos, marcando las premisas b\u00e1sicas de actuaci\u00f3n y ofreciendo claves para aportar una adecuada conversi\u00f3n del tr\u00e1fico en web a ventas de producto o servicios.<\/p>\n\n\n\n<p>Para la mancomunidad de La Hoya de Bu\u00f1ol-Chiva, el desarrollo de este tipo de actividades permite aportar herramientas pr\u00e1cticas a los sectores productivos de la comarca, siendo clave dentro de la estrategia de formaci\u00f3n.<\/p>\n\n\n\n<p>Esta acci\u00f3n se desarrolla como parte de las actividades del programa de fomento de actuaciones de los acuerdos territoriales en materia de empleo y desarrollo local de la Generalitat, Labora.<\/p>\n\n\n\n<p>La sesi\u00f3n ser\u00e1 impartida por Antonio Gasparet Romero, especialista en marketing digital y digital business, licenciado en Gesti\u00f3n Comercial y Marketing, profesor en los master de Digital Business y Marketing Digital de ESIC.<\/p>\n","protected":false},"excerpt":{"rendered":"<div class=\"mh-excerpt\">La sesi\u00f3n, dirigida a empresas, PYMES y aut\u00f3nomos y futuros emprendedores, pretende ofrecer los conceptos b\u00e1sicos con los que comenzar a trabajar las ventas por internet. La sesi\u00f3n, que se realizar\u00e1 en las instalaciones de <a class=\"mh-excerpt-more\" href=\"https:\/\/www.tucomarca.com\/wordpress\/segunda\/la-mancomunidad-de-la-hoya-prepara-una-formacion-sobre-ventas-on-line\/\" title=\"La Mancomunidad de La Hoya prepara una formaci\u00f3n sobre ventas &#8216;On line&#8217;\">[+] <\/a><\/div>\n","protected":false},"author":12,"featured_media":226750,"comment_status":"open","ping_status":"open","sticky":false,"template":"","format":"standard","meta":{"footnotes":""},"categories":[4,128,8,10,142,3,11],"tags":[5952,11513],"class_list":{"0":"post-226747","1":"post","2":"type-post","3":"status-publish","4":"format-standard","5":"has-post-thumbnail","7":"category-agenda","8":"category-infraestructuras","9":"category-la-comarca","10":"category-la-hoya","11":"category-politica-la-comarca","12":"category-seccion","13":"category-yatova","14":"tag-la-hoya-de-bunol-chiva","15":"tag-mancomunidad-de-la-hoya-de-bunol-chiva"},"_links":{"self":[{"href":"https:\/\/www.tucomarca.com\/wordpress\/segunda\/wp-json\/wp\/v2\/posts\/226747","targetHints":{"allow":["GET"]}}],"collection":[{"href":"https:\/\/www.tucomarca.com\/wordpress\/segunda\/wp-json\/wp\/v2\/posts"}],"about":[{"href":"https:\/\/www.tucomarca.com\/wordpress\/segunda\/wp-json\/wp\/v2\/types\/post"}],"author":[{"embeddable":true,"href":"https:\/\/www.tucomarca.com\/wordpress\/segunda\/wp-json\/wp\/v2\/users\/12"}],"replies":[{"embeddable":true,"href":"https:\/\/www.tucomarca.com\/wordpress\/segunda\/wp-json\/wp\/v2\/comments?post=226747"}],"version-history":[{"count":0,"href":"https:\/\/www.tucomarca.com\/wordpress\/segunda\/wp-json\/wp\/v2\/posts\/226747\/revisions"}],"wp:featuredmedia":[{"embeddable":true,"href":"https:\/\/www.tucomarca.com\/wordpress\/segunda\/wp-json\/wp\/v2\/media\/226750"}],"wp:attachment":[{"href":"https:\/\/www.tucomarca.com\/wordpress\/segunda\/wp-json\/wp\/v2\/media?parent=226747"}],"wp:term":[{"taxonomy":"category","embeddable":true,"href":"https:\/\/www.tucomarca.com\/wordpress\/segunda\/wp-json\/wp\/v2\/categories?post=226747"},{"taxonomy":"post_tag","embeddable":true,"href":"https:\/\/www.tucomarca.com\/wordpress\/segunda\/wp-json\/wp\/v2\/tags?post=226747"}],"curies":[{"name":"wp","href":"https:\/\/api.w.org\/{rel}","templated":true}]}}