{"id":2268,"date":"2012-05-23T18:32:06","date_gmt":"2012-05-23T16:32:06","guid":{"rendered":"http:\/\/www.tucomarca.com\/wordpress\/segunda\/?p=2268"},"modified":"2012-05-23T18:32:06","modified_gmt":"2012-05-23T16:32:06","slug":"el-ayuntamiento-de-chiva-realiza-trabajos-de-pintura-y-mejoras-de-senalizacion-viaria-en-olimar","status":"publish","type":"post","link":"https:\/\/www.tucomarca.com\/wordpress\/segunda\/el-ayuntamiento-de-chiva-realiza-trabajos-de-pintura-y-mejoras-de-senalizacion-viaria-en-olimar\/","title":{"rendered":"El Ayuntamiento de Chiva realiza trabajos de pintura y mejoras de se\u00f1alizaci\u00f3n viaria en Olimar"},"content":{"rendered":"<figure id=\"attachment_2269\" aria-describedby=\"caption-attachment-2269\" style=\"width: 224px\" class=\"wp-caption alignleft\"><a href=\"https:\/\/www.tucomarca.com\/wordpress\/segunda\/wp-content\/uploads\/2012\/05\/DSC_1162.jpg\"><img loading=\"lazy\" decoding=\"async\" class=\"size-medium wp-image-2269\" title=\"DSC_1162\" src=\"https:\/\/www.tucomarca.com\/wordpress\/segunda\/wp-content\/uploads\/2012\/05\/DSC_1162-224x300.jpg\" alt=\"Una imagen de parte de los trabajos desarrollados.\" width=\"224\" height=\"300\" srcset=\"https:\/\/www.tucomarca.com\/wordpress\/segunda\/wp-content\/uploads\/2012\/05\/DSC_1162-224x300.jpg 224w, https:\/\/www.tucomarca.com\/wordpress\/segunda\/wp-content\/uploads\/2012\/05\/DSC_1162-767x1024.jpg 767w, https:\/\/www.tucomarca.com\/wordpress\/segunda\/wp-content\/uploads\/2012\/05\/DSC_1162-1024x1365.jpg 1024w, https:\/\/www.tucomarca.com\/wordpress\/segunda\/wp-content\/uploads\/2012\/05\/DSC_1162.jpg 1181w\" sizes=\"auto, (max-width: 224px) 100vw, 224px\" \/><\/a><figcaption id=\"caption-attachment-2269\" class=\"wp-caption-text\">Una imagen de parte de los trabajos desarrollados.<\/figcaption><\/figure>\n<p>El Ayuntamiento de Chiva est\u00e1 llevando a cabo en Olimar diferentes trabajos que contribuir\u00e1n a mejorar la calidad de vida de los vecinos. En este sentido, se han pintado 23 pasos de cebra y 900 metros del carril peatonal y para minusv\u00e1lidos que va desde la caseta ubicada en la entrada de la urbanizaci\u00f3n hasta el final de la calle principal, pasando por la Ermita, tal como han informadofuentes municipales.<\/p>\n<p>Adem\u00e1s, el consistorio tambi\u00e9n va a colocar se\u00f1ales nuevas de tr\u00e1fico en diferentes puntos de la urbanizaci\u00f3n, con el fin de garantizar la seguridad de conductores y viandantes. Estas medidas son fundamentales para mejorar la accesibilidad y la seguridad en la urbanizaci\u00f3n, modernizar las infraestructuras viarias, adecuar las calles y ampliar nuevos espacios para los vecinos, han destacado las mismas fuentes.<\/p>\n","protected":false},"excerpt":{"rendered":"<div class=\"mh-excerpt\">El Ayuntamiento de Chiva est\u00e1 llevando a cabo en Olimar diferentes trabajos que contribuir\u00e1n a mejorar la calidad de vida de los vecinos. En este sentido, se han pintado 23 pasos de cebra y 900 <a class=\"mh-excerpt-more\" href=\"https:\/\/www.tucomarca.com\/wordpress\/segunda\/el-ayuntamiento-de-chiva-realiza-trabajos-de-pintura-y-mejoras-de-senalizacion-viaria-en-olimar\/\" title=\"El Ayuntamiento de Chiva realiza trabajos de pintura y mejoras de se\u00f1alizaci\u00f3n viaria en Olimar\">[+] <\/a><\/div>\n","protected":false},"author":1,"featured_media":2269,"comment_status":"open","ping_status":"open","sticky":false,"template":"","format":"standard","meta":{"footnotes":""},"categories":[16,128,8,10,3],"tags":[],"class_list":{"0":"post-2268","1":"post","2":"type-post","3":"status-publish","4":"format-standard","5":"has-post-thumbnail","7":"category-chiva","8":"category-infraestructuras","9":"category-la-comarca","10":"category-la-hoya","11":"category-seccion"},"_links":{"self":[{"href":"https:\/\/www.tucomarca.com\/wordpress\/segunda\/wp-json\/wp\/v2\/posts\/2268","targetHints":{"allow":["GET"]}}],"collection":[{"href":"https:\/\/www.tucomarca.com\/wordpress\/segunda\/wp-json\/wp\/v2\/posts"}],"about":[{"href":"https:\/\/www.tucomarca.com\/wordpress\/segunda\/wp-json\/wp\/v2\/types\/post"}],"author":[{"embeddable":true,"href":"https:\/\/www.tucomarca.com\/wordpress\/segunda\/wp-json\/wp\/v2\/users\/1"}],"replies":[{"embeddable":true,"href":"https:\/\/www.tucomarca.com\/wordpress\/segunda\/wp-json\/wp\/v2\/comments?post=2268"}],"version-history":[{"count":0,"href":"https:\/\/www.tucomarca.com\/wordpress\/segunda\/wp-json\/wp\/v2\/posts\/2268\/revisions"}],"wp:featuredmedia":[{"embeddable":true,"href":"https:\/\/www.tucomarca.com\/wordpress\/segunda\/wp-json\/wp\/v2\/media\/2269"}],"wp:attachment":[{"href":"https:\/\/www.tucomarca.com\/wordpress\/segunda\/wp-json\/wp\/v2\/media?parent=2268"}],"wp:term":[{"taxonomy":"category","embeddable":true,"href":"https:\/\/www.tucomarca.com\/wordpress\/segunda\/wp-json\/wp\/v2\/categories?post=2268"},{"taxonomy":"post_tag","embeddable":true,"href":"https:\/\/www.tucomarca.com\/wordpress\/segunda\/wp-json\/wp\/v2\/tags?post=2268"}],"curies":[{"name":"wp","href":"https:\/\/api.w.org\/{rel}","templated":true}]}}