{"id":226823,"date":"2024-06-18T09:00:00","date_gmt":"2024-06-18T07:00:00","guid":{"rendered":"https:\/\/www.tucomarca.com\/wordpress\/segunda\/?p=226823"},"modified":"2024-06-18T21:55:20","modified_gmt":"2024-06-18T19:55:20","slug":"los-municipios-del-camp-de-turia-incrementan-un-14-su-asignacion-en-el-fondo-de-cooperacion-de-la-diputacion","status":"publish","type":"post","link":"https:\/\/www.tucomarca.com\/wordpress\/segunda\/los-municipios-del-camp-de-turia-incrementan-un-14-su-asignacion-en-el-fondo-de-cooperacion-de-la-diputacion\/","title":{"rendered":"Los municipios del Camp de T\u00faria incrementan un 14% su asignaci\u00f3n en el Fondo de Cooperaci\u00f3n de la Diputaci\u00f3n"},"content":{"rendered":"\n<h3 class=\"wp-block-heading\">El presidente, Vicent Momp\u00f3, la vicepresidenta Nat\u00e0lia Enguix y la diputada de Hacienda, Laura S\u00e1ez, destacan las novedades de un programa inversor que dejar\u00e1 este a\u00f1o 60 millones de euros en las comarcas valencianas.<\/h3>\n\n\n\n<h3 class=\"wp-block-heading\">La comarca recibir\u00e1 3.634.000 euros en esta primera entrega que se completar\u00e1 con una segunda aportaci\u00f3n. Adem\u00e1s, la Serran\u00eda tiene asignados 1.508.000 euros y el Rinc\u00f3n de Ademuz 430.000 euros.<\/h3>\n\n\n\n<h3 class=\"wp-block-heading\">La Diputaci\u00f3n mantiene su apuesta por un Fondo que ahora es voluntario y que puede destinarse a inversi\u00f3n y gasto corriente, pero se diferencia del Consell con criterios de reparto que protegen a los pueblos m\u00e1s peque\u00f1os.<\/h3>\n\n\n\n<p>Los municipios del Camp de T\u00faria recibir\u00e1n un 14% m\u00e1s en la primera entrega de la Diputaci\u00f3 de Val\u00e8ncia al Fondo de Cooperaci\u00f3n de 2024, en relaci\u00f3n al primer pago del pasado a\u00f1o. La comarca tiene asignados 3.634.000 euros, desde los 393.000 euros de B\u00e9tera hasta los 64.000 euros de G\u00e1tova, el menos poblado. Adem\u00e1s, la Serran\u00eda dispondr\u00e1 de 1.508.000 euros, desde los 145.000 euros que corresponden a Villar del Arzobispo hasta los 56.000 de Benag\u00e9ber; y el Rinc\u00f3n de Ademuz de 430.000 euros, desde los 88.000 de Ademuz hasta los 52.000 de la Puebla de San Miguel. A esta entrega se sumar\u00e1 una nueva aportaci\u00f3n que completar\u00e1 los 60 millones de euros presupuestados por la corporaci\u00f3n provincial para dotar el Fondo en el presente ejercicio.<\/p>\n\n\n\n<p>La Diputaci\u00f3 de Val\u00e8ncia ha sido la primera en dar un paso al frente en la activaci\u00f3n del Fondo de Cooperaci\u00f3n Municipal. El presidente, Vicent Momp\u00f3, acompa\u00f1ado por la vicepresidenta primera, Nat\u00e0lia Enguix, y la diputada de Hacienda, Laura S\u00e1ez, han presentado las novedades de un programa que distribuir\u00e1 60 millones de euros entre los municipios de la provincia y que podr\u00e1 destinarse a inversi\u00f3n y gasto corriente, con una f\u00f3rmula de reparto que protege a los pueblos m\u00e1s peque\u00f1os.<\/p>\n\n\n\n<p>El presidente Momp\u00f3 ha avanzado que la propuesta de reparto de los primeros 44 millones del Fondo de Cooperaci\u00f3n, 40 millones para los municipios de menos de 50.000 habitantes y cuatro para las cinco ciudades con m\u00e1s de 50.000 habitantes, \u201cse llevar\u00e1 este martes al pleno de junio por despacho extraordinario para que pueda transferirse cuanto antes a los ayuntamientos\u201d. \u201cHemos esperado por prudencia, al haber dos recursos pendientes contra el anterior Fondo, pero siempre hemos dicho que es una herramienta muy \u00fatil para los municipios y que seguir\u00edamos apostando por ella, y es momento de demostrarlo\u201d, ha a\u00f1adido Momp\u00f3.<\/p>\n\n\n\n<p>En este sentido, Vicent Momp\u00f3 ha explicado que la adhesi\u00f3n al nuevo Fondo de Cooperaci\u00f3n es voluntaria, y eso permite igualmente que las diputaciones puedan establecer su propia f\u00f3rmula de reparto. \u201cNuestra hoja de ruta pasa por estar m\u00e1s cerca de los municipios, en especial los m\u00e1s peque\u00f1os, y eso es lo que hemos reflejado en la propuesta de reparto que vamos a llevar al pleno de junio, que prima a los pueblos con menos recursos siguiendo los criterios aplicados por esta instituci\u00f3n en los a\u00f1os anteriores\u201d.<\/p>\n\n\n\n<p>Momp\u00f3 ha recordado que el Pla Obert que coordina la vicepresidenta Enguix y el Fondo de Cooperaci\u00f3n Municipal \u201cno son los \u00fanicos programas inversores con los que la Diputaci\u00f3n ayuda a los ayuntamientos, que tambi\u00e9n recibir\u00e1n fondos para la recuperaci\u00f3n de patrimonio hist\u00f3rico, una l\u00ednea que hemos rescatado tras seis a\u00f1os sin concederse, para servicios sociales, para la apertura de oficinas comarcales y la mejora de carreteras y del ciclo integral del agua, entre otras l\u00edneas y programas espec\u00edficos como el de rehabilitaci\u00f3n de trinquets o los ocho millones adicionales que recibe el Consorcio de Bomberos\u201d.<\/p>\n\n\n\n<p>En definitiva, \u201clos ayuntamientos van a disponer durante la legislatura de m\u00e1s dinero para mantener sus infraestructuras y servicios, pero sobre todo de m\u00e1s ayuda de esta corporaci\u00f3n para que ese dinero se quede en los pueblos y no vuelva a la Diputaci\u00f3n\u201d, ha concluido Vicent Momp\u00f3.<\/p>\n\n\n\n<figure class=\"wp-block-gallery has-nested-images columns-2 is-cropped wp-block-gallery-1 is-layout-flex wp-block-gallery-is-layout-flex\">\n<figure class=\"wp-block-image size-large\"><img loading=\"lazy\" decoding=\"async\" width=\"886\" height=\"1006\" data-id=\"226868\" src=\"https:\/\/www.tucomarca.com\/wordpress\/segunda\/wp-content\/uploads\/2024\/06\/TablaCampdeTuria-1.jpg\" alt=\"\" class=\"wp-image-226868\" srcset=\"https:\/\/www.tucomarca.com\/wordpress\/segunda\/wp-content\/uploads\/2024\/06\/TablaCampdeTuria-1.jpg 886w, https:\/\/www.tucomarca.com\/wordpress\/segunda\/wp-content\/uploads\/2024\/06\/TablaCampdeTuria-1-264x300.jpg 264w, https:\/\/www.tucomarca.com\/wordpress\/segunda\/wp-content\/uploads\/2024\/06\/TablaCampdeTuria-1-768x872.jpg 768w\" sizes=\"auto, (max-width: 886px) 100vw, 886px\" \/><\/figure>\n\n\n\n<figure class=\"wp-block-image size-large\"><img loading=\"lazy\" decoding=\"async\" width=\"820\" height=\"1024\" data-id=\"226870\" src=\"https:\/\/www.tucomarca.com\/wordpress\/segunda\/wp-content\/uploads\/2024\/06\/TablaLaSerrania-1-820x1024.jpg\" alt=\"\" class=\"wp-image-226870\" srcset=\"https:\/\/www.tucomarca.com\/wordpress\/segunda\/wp-content\/uploads\/2024\/06\/TablaLaSerrania-1-820x1024.jpg 820w, https:\/\/www.tucomarca.com\/wordpress\/segunda\/wp-content\/uploads\/2024\/06\/TablaLaSerrania-1-240x300.jpg 240w, https:\/\/www.tucomarca.com\/wordpress\/segunda\/wp-content\/uploads\/2024\/06\/TablaLaSerrania-1-768x960.jpg 768w, https:\/\/www.tucomarca.com\/wordpress\/segunda\/wp-content\/uploads\/2024\/06\/TablaLaSerrania-1.jpg 886w\" sizes=\"auto, (max-width: 820px) 100vw, 820px\" \/><\/figure>\n<\/figure>\n\n\n\n<p><strong>Antes de verano<\/strong><\/p>\n\n\n\n<p>Por su parte, la vicepresidenta primera, Nat\u00e0lia Enguix, ha celebrado que el Fondo de Cooperaci\u00f3n Municipal \u201cse apruebe antes del verano y proteja a los municipios de menos de 50.000 habitantes\u201d. De esta forma, \u201clos ayuntamientos van a recibir un dinero que les aporta liquidez y que se suma a los proyectos del Pla Obert que empezaremos a aprobar esta misma semana\u201d, ha se\u00f1alado Enguix, quien ha recordado que el principal programa inversor de la Diputaci\u00f3n \u201cse aprob\u00f3 en tiempo r\u00e9cord, seis meses antes que los planes del anterior gobierno provincial, y con una dotaci\u00f3n hist\u00f3rica que alcanza los 340 millones de euros para municipios y otros 10 para las mancomunidades\u201d.<\/p>\n\n\n\n<p>La vicepresidenta Enguix considera que la f\u00f3rmula de reparto de la Diputaci\u00f3n \u201ces la m\u00e1s justa y equitativa\u201d, si bien propone ir m\u00e1s all\u00e1 en la discriminaci\u00f3n positiva hacia los ayuntamientos con menos recursos y \u201cestudiar la posibilidad de no contemplar en pr\u00f3ximas entregas del Fondo de Cooperaci\u00f3n a los cinco grandes municipios de la provincia, que se llevan un 10% del total de los recursos y disponen de otras l\u00edneas de inversi\u00f3n para sus proyectos\u201d.<\/p>\n\n\n\n<figure class=\"wp-block-gallery has-nested-images columns-2 is-cropped wp-block-gallery-2 is-layout-flex wp-block-gallery-is-layout-flex\">\n<figure class=\"wp-block-image size-full\"><img loading=\"lazy\" decoding=\"async\" width=\"886\" height=\"694\" data-id=\"226867\" src=\"https:\/\/www.tucomarca.com\/wordpress\/segunda\/wp-content\/uploads\/2024\/06\/TablaRincondeAdemuz-1.jpg\" alt=\"\" class=\"wp-image-226867\" srcset=\"https:\/\/www.tucomarca.com\/wordpress\/segunda\/wp-content\/uploads\/2024\/06\/TablaRincondeAdemuz-1.jpg 886w, https:\/\/www.tucomarca.com\/wordpress\/segunda\/wp-content\/uploads\/2024\/06\/TablaRincondeAdemuz-1-300x235.jpg 300w, https:\/\/www.tucomarca.com\/wordpress\/segunda\/wp-content\/uploads\/2024\/06\/TablaRincondeAdemuz-1-768x602.jpg 768w\" sizes=\"auto, (max-width: 886px) 100vw, 886px\" \/><\/figure>\n<\/figure>\n\n\n\n<p><strong>F\u00f3rmula de reparto<\/strong><\/p>\n\n\n\n<p>La f\u00f3rmula de reparto que aplica la Diputaci\u00f3 de Val\u00e8ncia establece un fijo para cada municipio que oscila entre los 50.000 euros para los ayuntamientos de hasta 500 habitantes y los 103.000 euros para los consistorios de entre 20.001 y 50.000 habitantes. La clave est\u00e1 en el coeficiente poblacional aplicado por la corporaci\u00f3n provincial a la hora de establecer la cantidad variable, que es de cuatro puntos en municipios de hasta 500 habitantes, tres puntos en los de 500 a 1.000 habitantes y as\u00ed sucesivamente hasta el 0,75 que corresponde a los consistorios de entre 20.000 y 50.000 habitantes.<\/p>\n\n\n\n<p>Con esta f\u00f3rmula, las cantidades a repartir van desde los 51.072 euros que corresponden a Sempere, un municipio de la Vall d\u2019Albaida con 31 habitantes censados, hasta los 514.750 euros que recibir\u00e1 Alzira en este primera entrega del Fondo de Cooperaci\u00f3n de 2024 de la Diputaci\u00f3 de Val\u00e8ncia, que se completar\u00e1 con otros 16 millones en los pr\u00f3ximos meses.<\/p>\n\n\n\n<p>La diputada de Hacienda, Laura S\u00e1ez, ha profundizado en las cuestiones jur\u00eddicas que han retrasado la puesta en marcha del Fondo de Cooperaci\u00f3n este a\u00f1o. \u201cLos recursos interpuestos al Fondo incondicionado que se ven\u00eda aplicando desde la entrada en vigor del decreto de 2017 nos han llevado a esperar por precauci\u00f3n, para no tener que hacer marcha atr\u00e1s en la asignaci\u00f3n de los 40 millones que ya ten\u00edamos presupuestados para este a\u00f1o y los 20 millones que a\u00f1adimos en el \u00faltimo pleno a trav\u00e9s de una modificaci\u00f3n presupuestaria\u201d.<\/p>\n\n\n\n<p>\u201cAhora ya conocemos las sentencias judiciales, tanto del Tribunal Constitucional como del TSJ, que no cuestionan la continuidad del Fondo, pero s\u00ed cambia el m\u00e9todo de reparto en el \u00e1mbito auton\u00f3mico\u201d, detalla la responsable provincial de Hacienda, quien a\u00f1ade que, no obstante, \u201cla Diputaci\u00f3n tiene v\u00eda libre para establecer su propio criterio de reparto, lo que unido a la confirmaci\u00f3n de la legalidad de la herramienta nos ha llevado a ponerla en marcha sin mayor dilaci\u00f3n para hacer llegar cuanto antes el dinero a los ayuntamientos\u201d.<\/p>\n","protected":false},"excerpt":{"rendered":"<div class=\"mh-excerpt\">El presidente, Vicent Momp\u00f3, la vicepresidenta Nat\u00e0lia Enguix y la diputada de Hacienda, Laura S\u00e1ez, destacan las novedades de un programa inversor que dejar\u00e1 este a\u00f1o 60 millones de euros en las comarcas valencianas. La <a class=\"mh-excerpt-more\" href=\"https:\/\/www.tucomarca.com\/wordpress\/segunda\/los-municipios-del-camp-de-turia-incrementan-un-14-su-asignacion-en-el-fondo-de-cooperacion-de-la-diputacion\/\" title=\"Los municipios del Camp de T\u00faria incrementan un 14% su asignaci\u00f3n en el Fondo de Cooperaci\u00f3n de la Diputaci\u00f3n\">[+] <\/a><\/div>\n","protected":false},"author":12,"featured_media":226825,"comment_status":"open","ping_status":"open","sticky":false,"template":"","format":"standard","meta":{"footnotes":""},"categories":[46,20519,128,8,20455,59,142,3,45],"tags":[3677,15150,20261,18824],"class_list":{"0":"post-226823","1":"post","2":"type-post","3":"status-publish","4":"format-standard","5":"has-post-thumbnail","7":"category-camp-de-turia","8":"category-cooperacion-municipal","9":"category-infraestructuras","10":"category-la-comarca","11":"category-la-diputacio-de-valencia-informa","12":"category-los-serranos","13":"category-politica-la-comarca","14":"category-seccion","15":"category-ventana","16":"tag-diputacio-de-valencia","17":"tag-fondo-de-cooperacion","18":"tag-natalia-enguix","19":"tag-vicent-mompo"},"_links":{"self":[{"href":"https:\/\/www.tucomarca.com\/wordpress\/segunda\/wp-json\/wp\/v2\/posts\/226823","targetHints":{"allow":["GET"]}}],"collection":[{"href":"https:\/\/www.tucomarca.com\/wordpress\/segunda\/wp-json\/wp\/v2\/posts"}],"about":[{"href":"https:\/\/www.tucomarca.com\/wordpress\/segunda\/wp-json\/wp\/v2\/types\/post"}],"author":[{"embeddable":true,"href":"https:\/\/www.tucomarca.com\/wordpress\/segunda\/wp-json\/wp\/v2\/users\/12"}],"replies":[{"embeddable":true,"href":"https:\/\/www.tucomarca.com\/wordpress\/segunda\/wp-json\/wp\/v2\/comments?post=226823"}],"version-history":[{"count":0,"href":"https:\/\/www.tucomarca.com\/wordpress\/segunda\/wp-json\/wp\/v2\/posts\/226823\/revisions"}],"wp:featuredmedia":[{"embeddable":true,"href":"https:\/\/www.tucomarca.com\/wordpress\/segunda\/wp-json\/wp\/v2\/media\/226825"}],"wp:attachment":[{"href":"https:\/\/www.tucomarca.com\/wordpress\/segunda\/wp-json\/wp\/v2\/media?parent=226823"}],"wp:term":[{"taxonomy":"category","embeddable":true,"href":"https:\/\/www.tucomarca.com\/wordpress\/segunda\/wp-json\/wp\/v2\/categories?post=226823"},{"taxonomy":"post_tag","embeddable":true,"href":"https:\/\/www.tucomarca.com\/wordpress\/segunda\/wp-json\/wp\/v2\/tags?post=226823"}],"curies":[{"name":"wp","href":"https:\/\/api.w.org\/{rel}","templated":true}]}}