{"id":227087,"date":"2024-06-20T09:00:00","date_gmt":"2024-06-20T07:00:00","guid":{"rendered":"https:\/\/www.tucomarca.com\/wordpress\/segunda\/?p=227087"},"modified":"2024-06-20T13:21:02","modified_gmt":"2024-06-20T11:21:02","slug":"la-unio-ava-asaja-y-ccpv-coag-se-concentran-este-viernes-21-de-junio-ante-la-conselleria-de-agricultura-en-valencia","status":"publish","type":"post","link":"https:\/\/www.tucomarca.com\/wordpress\/segunda\/la-unio-ava-asaja-y-ccpv-coag-se-concentran-este-viernes-21-de-junio-ante-la-conselleria-de-agricultura-en-valencia\/","title":{"rendered":"La Uni\u00f3, AVA-Asaja y CCPV-COAG se concentran este viernes, 21 de junio, ante la Conselleria de Agricultura en Valencia"},"content":{"rendered":"\n<h3 class=\"wp-block-heading\">En el a\u00f1o ya trascurrido de los gestores de la Conselleria de Agricultura en el cargo, hay \u201cpocos hechos y realidades que constatar, con ayudas sin publicar o conceder y sin compensar los graves efectos de la sequ\u00eda\u201d.<\/h3>\n\n\n\n<p>Las organizaciones agrarias de la Comunitat Valenciana, la Uni\u00f3 Llauradora i Ramadera, la Asociaci\u00f3n Valenciana de Agricultores (AVA-Asaja) y CCPV-COAG, realizan ma\u00f1ana viernes 21 de junio una concentraci\u00f3n de protesta conjunta, a partir de las 11 horas, ante las puertas de la Conselleria de Agricultura en Valencia para expresar su malestar por \u201cla mala gesti\u00f3n en este primer a\u00f1o de legislatura del equipo de Conselleria dirigido por Vox, basada en buenas palabras pero concretada en pocos hechos y realidades\u201d.<\/p>\n\n\n<div class=\"wp-block-image\">\n<figure class=\"alignleft size-large is-resized\"><img loading=\"lazy\" decoding=\"async\" width=\"724\" height=\"1024\" src=\"https:\/\/www.tucomarca.com\/wordpress\/segunda\/wp-content\/uploads\/2024\/06\/UnioManifestacion-724x1024.jpg\" alt=\"\" class=\"wp-image-227094\" style=\"width:368px;height:auto\" srcset=\"https:\/\/www.tucomarca.com\/wordpress\/segunda\/wp-content\/uploads\/2024\/06\/UnioManifestacion-724x1024.jpg 724w, https:\/\/www.tucomarca.com\/wordpress\/segunda\/wp-content\/uploads\/2024\/06\/UnioManifestacion-212x300.jpg 212w, https:\/\/www.tucomarca.com\/wordpress\/segunda\/wp-content\/uploads\/2024\/06\/UnioManifestacion-768x1086.jpg 768w, https:\/\/www.tucomarca.com\/wordpress\/segunda\/wp-content\/uploads\/2024\/06\/UnioManifestacion.jpg 886w\" sizes=\"auto, (max-width: 724px) 100vw, 724px\" \/><\/figure>\n<\/div>\n\n\n<p>Las organizaciones agrarias consideran que la Conselleria de Agricultura es en estos momentos un organismo \u201cineficaz, ineficiente e irrelevante en el conjunto de la Generalitat\u201d y abogan por un \u201cmayor apoyo y una mejor gesti\u00f3n porque el sector agrario y el mundo rural de la Comunitat Valenciana requieren unas pol\u00edticas y un soporte econ\u00f3mico que le haga salir de la crisis a la mayor parte de cultivos y sectores ganaderos\u201d.<br>AVA, La Uni\u00f3 y CCPV-COAG reclaman, entre otras cosas, una agilizaci\u00f3n de las ayudas prometidas, pero no publicadas ni concedidas, y medidas urgentes para mitigar los efectos de la sequ\u00eda, como el establecimiento de una l\u00ednea de ayudas para compensar la p\u00e9rdida de rendimientos en los sectores m\u00e1s afectados como la vi\u00f1a, uva de mesa, olivar, frutos secos, frutas de hueso, cereal, ganader\u00eda extensiva y apicultura; as\u00ed como para las entidades de riego por el aumento del coste energ\u00e9tico.<\/p>\n\n\n\n<p><strong>CONCENTRACI\u00d3N CONSELLERIA AGRICULTURA<\/strong><br>D\u00cdA: Viernes 21 de junio desde las 11 horas<br>LUGAR: Ciutat Administrativa 9 d\u2019octubre, calle Democracia, 77 de Val\u00e8ncia<\/p>\n","protected":false},"excerpt":{"rendered":"<div class=\"mh-excerpt\">En el a\u00f1o ya trascurrido de los gestores de la Conselleria de Agricultura en el cargo, hay \u201cpocos hechos y realidades que constatar, con ayudas sin publicar o conceder y sin compensar los graves efectos <a class=\"mh-excerpt-more\" href=\"https:\/\/www.tucomarca.com\/wordpress\/segunda\/la-unio-ava-asaja-y-ccpv-coag-se-concentran-este-viernes-21-de-junio-ante-la-conselleria-de-agricultura-en-valencia\/\" title=\"La Uni\u00f3, AVA-Asaja y CCPV-COAG se concentran este viernes, 21 de junio, ante la Conselleria de Agricultura en Valencia\">[+] <\/a><\/div>\n","protected":false},"author":12,"featured_media":207728,"comment_status":"open","ping_status":"open","sticky":false,"template":"","format":"standard","meta":{"footnotes":""},"categories":[169,128,8,72,117,142,27,3,45],"tags":[20201,328,20866,18020],"class_list":{"0":"post-227087","1":"post","2":"type-post","3":"status-publish","4":"format-standard","5":"has-post-thumbnail","7":"category-agricultura-la-comarca","8":"category-infraestructuras","9":"category-la-comarca","10":"category-sin-categorizar","11":"category-medio-ambiente-la-comarca","12":"category-politica-la-comarca","13":"category-requena-utiel","14":"category-seccion","15":"category-ventana","16":"tag-agricultura-valenciana","17":"tag-ava-asaja","18":"tag-ccpv-coag","19":"tag-la-unio-llauradora"},"_links":{"self":[{"href":"https:\/\/www.tucomarca.com\/wordpress\/segunda\/wp-json\/wp\/v2\/posts\/227087","targetHints":{"allow":["GET"]}}],"collection":[{"href":"https:\/\/www.tucomarca.com\/wordpress\/segunda\/wp-json\/wp\/v2\/posts"}],"about":[{"href":"https:\/\/www.tucomarca.com\/wordpress\/segunda\/wp-json\/wp\/v2\/types\/post"}],"author":[{"embeddable":true,"href":"https:\/\/www.tucomarca.com\/wordpress\/segunda\/wp-json\/wp\/v2\/users\/12"}],"replies":[{"embeddable":true,"href":"https:\/\/www.tucomarca.com\/wordpress\/segunda\/wp-json\/wp\/v2\/comments?post=227087"}],"version-history":[{"count":0,"href":"https:\/\/www.tucomarca.com\/wordpress\/segunda\/wp-json\/wp\/v2\/posts\/227087\/revisions"}],"wp:featuredmedia":[{"embeddable":true,"href":"https:\/\/www.tucomarca.com\/wordpress\/segunda\/wp-json\/wp\/v2\/media\/207728"}],"wp:attachment":[{"href":"https:\/\/www.tucomarca.com\/wordpress\/segunda\/wp-json\/wp\/v2\/media?parent=227087"}],"wp:term":[{"taxonomy":"category","embeddable":true,"href":"https:\/\/www.tucomarca.com\/wordpress\/segunda\/wp-json\/wp\/v2\/categories?post=227087"},{"taxonomy":"post_tag","embeddable":true,"href":"https:\/\/www.tucomarca.com\/wordpress\/segunda\/wp-json\/wp\/v2\/tags?post=227087"}],"curies":[{"name":"wp","href":"https:\/\/api.w.org\/{rel}","templated":true}]}}