{"id":227109,"date":"2024-06-20T12:05:00","date_gmt":"2024-06-20T10:05:00","guid":{"rendered":"https:\/\/www.tucomarca.com\/wordpress\/segunda\/?p=227109"},"modified":"2024-06-20T14:39:58","modified_gmt":"2024-06-20T12:39:58","slug":"el-concierto-solidario-de-la-aecc-de-bunol-tributo-a-camilo-sesto-llena-la-sala-el-mercado","status":"publish","type":"post","link":"https:\/\/www.tucomarca.com\/wordpress\/segunda\/el-concierto-solidario-de-la-aecc-de-bunol-tributo-a-camilo-sesto-llena-la-sala-el-mercado\/","title":{"rendered":"El concierto solidario de la AECC de Bu\u00f1ol, Tributo a Camilo Sesto, llena la Sala El Mercado"},"content":{"rendered":"\n<p>La agrupaci\u00f3n local de la Asociaci\u00f3n Espa\u00f1ola Contra el C\u00e1ncer (AECC) de Bu\u00f1ol ha organizado un concierto solidario este mi\u00e9rcoles, Tributo a Camilo Sesto, protagonizado por el cantante bu\u00f1olense \u00c1ngel Merenciano; un concierto que ha llenado la Sala El Mercado con un tributo al ic\u00f3nico artista Camilo Sesto.<\/p>\n\n\n\n<p>\u00c1ngel Merenciano fue capaz adem\u00e1s de capturar la esencia de Camilo Sesto e interpret\u00f3 los grandes \u00e9xitos del legendario cantante de Alcoi.<\/p>\n\n\n\n<figure class=\"wp-block-gallery has-nested-images columns-default is-cropped wp-block-gallery-1 is-layout-flex wp-block-gallery-is-layout-flex\">\n<figure class=\"wp-block-image size-large\"><img loading=\"lazy\" decoding=\"async\" width=\"886\" height=\"656\" data-id=\"227113\" src=\"https:\/\/www.tucomarca.com\/wordpress\/segunda\/wp-content\/uploads\/2024\/06\/AECCTributoCamilo2.jpg\" alt=\"\" class=\"wp-image-227113\" srcset=\"https:\/\/www.tucomarca.com\/wordpress\/segunda\/wp-content\/uploads\/2024\/06\/AECCTributoCamilo2.jpg 886w, https:\/\/www.tucomarca.com\/wordpress\/segunda\/wp-content\/uploads\/2024\/06\/AECCTributoCamilo2-300x222.jpg 300w, https:\/\/www.tucomarca.com\/wordpress\/segunda\/wp-content\/uploads\/2024\/06\/AECCTributoCamilo2-768x569.jpg 768w, https:\/\/www.tucomarca.com\/wordpress\/segunda\/wp-content\/uploads\/2024\/06\/AECCTributoCamilo2-80x60.jpg 80w\" sizes=\"auto, (max-width: 886px) 100vw, 886px\" \/><\/figure>\n\n\n\n<figure class=\"wp-block-image size-large\"><img loading=\"lazy\" decoding=\"async\" width=\"886\" height=\"620\" data-id=\"227115\" src=\"https:\/\/www.tucomarca.com\/wordpress\/segunda\/wp-content\/uploads\/2024\/06\/AECCTributoCamilo3.jpg\" alt=\"\" class=\"wp-image-227115\" srcset=\"https:\/\/www.tucomarca.com\/wordpress\/segunda\/wp-content\/uploads\/2024\/06\/AECCTributoCamilo3.jpg 886w, https:\/\/www.tucomarca.com\/wordpress\/segunda\/wp-content\/uploads\/2024\/06\/AECCTributoCamilo3-300x210.jpg 300w, https:\/\/www.tucomarca.com\/wordpress\/segunda\/wp-content\/uploads\/2024\/06\/AECCTributoCamilo3-768x537.jpg 768w\" sizes=\"auto, (max-width: 886px) 100vw, 886px\" \/><\/figure>\n<\/figure>\n\n\n\n<p><br>El concierto tuvo como objetivo recaudar fondos para apoyar las actividades y proyectos de la AECC de Bu\u00f1ol en su lucha contra el c\u00e1ncer y financiar la investigaci\u00f3n oncol\u00f3gica, as\u00ed como a ofrecer asistencia y apoyo a los pacientes y sus familias.<\/p>\n","protected":false},"excerpt":{"rendered":"<div class=\"mh-excerpt\">La agrupaci\u00f3n local de la Asociaci\u00f3n Espa\u00f1ola Contra el C\u00e1ncer (AECC) de Bu\u00f1ol ha organizado un concierto solidario este mi\u00e9rcoles, Tributo a Camilo Sesto, protagonizado por el cantante bu\u00f1olense \u00c1ngel Merenciano; un concierto que ha <a class=\"mh-excerpt-more\" href=\"https:\/\/www.tucomarca.com\/wordpress\/segunda\/el-concierto-solidario-de-la-aecc-de-bunol-tributo-a-camilo-sesto-llena-la-sala-el-mercado\/\" title=\"El concierto solidario de la AECC de Bu\u00f1ol, Tributo a Camilo Sesto, llena la Sala El Mercado\">[+] <\/a><\/div>\n","protected":false},"author":12,"featured_media":227111,"comment_status":"open","ping_status":"open","sticky":false,"template":"","format":"gallery","meta":{"footnotes":""},"categories":[18,66,8,10,7,3],"tags":[10471,10385,5952],"class_list":{"0":"post-227109","1":"post","2":"type-post","3":"status-publish","4":"format-gallery","5":"has-post-thumbnail","7":"category-bunol","8":"category-musica","9":"category-la-comarca","10":"category-la-hoya","11":"category-ocio-y-cultura","12":"category-seccion","13":"tag-aecc-bunol","14":"tag-bunol","15":"tag-la-hoya-de-bunol-chiva","16":"post_format-post-format-gallery"},"_links":{"self":[{"href":"https:\/\/www.tucomarca.com\/wordpress\/segunda\/wp-json\/wp\/v2\/posts\/227109","targetHints":{"allow":["GET"]}}],"collection":[{"href":"https:\/\/www.tucomarca.com\/wordpress\/segunda\/wp-json\/wp\/v2\/posts"}],"about":[{"href":"https:\/\/www.tucomarca.com\/wordpress\/segunda\/wp-json\/wp\/v2\/types\/post"}],"author":[{"embeddable":true,"href":"https:\/\/www.tucomarca.com\/wordpress\/segunda\/wp-json\/wp\/v2\/users\/12"}],"replies":[{"embeddable":true,"href":"https:\/\/www.tucomarca.com\/wordpress\/segunda\/wp-json\/wp\/v2\/comments?post=227109"}],"version-history":[{"count":0,"href":"https:\/\/www.tucomarca.com\/wordpress\/segunda\/wp-json\/wp\/v2\/posts\/227109\/revisions"}],"wp:featuredmedia":[{"embeddable":true,"href":"https:\/\/www.tucomarca.com\/wordpress\/segunda\/wp-json\/wp\/v2\/media\/227111"}],"wp:attachment":[{"href":"https:\/\/www.tucomarca.com\/wordpress\/segunda\/wp-json\/wp\/v2\/media?parent=227109"}],"wp:term":[{"taxonomy":"category","embeddable":true,"href":"https:\/\/www.tucomarca.com\/wordpress\/segunda\/wp-json\/wp\/v2\/categories?post=227109"},{"taxonomy":"post_tag","embeddable":true,"href":"https:\/\/www.tucomarca.com\/wordpress\/segunda\/wp-json\/wp\/v2\/tags?post=227109"}],"curies":[{"name":"wp","href":"https:\/\/api.w.org\/{rel}","templated":true}]}}