{"id":227132,"date":"2024-06-20T12:01:00","date_gmt":"2024-06-20T10:01:00","guid":{"rendered":"https:\/\/www.tucomarca.com\/wordpress\/segunda\/?p=227132"},"modified":"2024-06-20T14:42:24","modified_gmt":"2024-06-20T12:42:24","slug":"el-pintor-bunolense-fernando-galarza-expondra-uno-de-sus-cuadros-en-nueva-york-durante-el-mes-de-agosto","status":"publish","type":"post","link":"https:\/\/www.tucomarca.com\/wordpress\/segunda\/el-pintor-bunolense-fernando-galarza-expondra-uno-de-sus-cuadros-en-nueva-york-durante-el-mes-de-agosto\/","title":{"rendered":"El pintor bu\u00f1olense Fernando Galarza expondr\u00e1 uno de sus cuadros en Nueva York durante el mes de agosto"},"content":{"rendered":"\n<figure class=\"wp-block-image size-large\"><img loading=\"lazy\" decoding=\"async\" width=\"1024\" height=\"748\" src=\"https:\/\/www.tucomarca.com\/wordpress\/segunda\/wp-content\/uploads\/2024\/06\/FernandoGalarza-1024x748.jpg\" alt=\"\" class=\"wp-image-227146\" srcset=\"https:\/\/www.tucomarca.com\/wordpress\/segunda\/wp-content\/uploads\/2024\/06\/FernandoGalarza-1024x748.jpg 1024w, https:\/\/www.tucomarca.com\/wordpress\/segunda\/wp-content\/uploads\/2024\/06\/FernandoGalarza-300x219.jpg 300w, https:\/\/www.tucomarca.com\/wordpress\/segunda\/wp-content\/uploads\/2024\/06\/FernandoGalarza-768x561.jpg 768w, https:\/\/www.tucomarca.com\/wordpress\/segunda\/wp-content\/uploads\/2024\/06\/FernandoGalarza.jpg 1181w\" sizes=\"auto, (max-width: 1024px) 100vw, 1024px\" \/><\/figure>\n\n\n\n<p>La obra del reconocido pintor bu\u00f1olense Fernando Galarza titulada \u201cBarquito de papel\u2026 el barquito de los sue\u00f1os rotos\u201d, ser\u00e1 expuesta en Nueva York durante el mes de agosto. <\/p>\n\n\n\n<p>Esta destacada pieza ya tuvo la oportunidad de ser exhibida en Madrid, en una exposici\u00f3n organizada por la Asociaci\u00f3n de Pintores y Escultores de Espa\u00f1a, donde permaneci\u00f3 colgada durante un mes.<\/p>\n\n\n\n<p>La obra de Fernando Galarza ha captado la atenci\u00f3n del p\u00fablico y de los cr\u00edticos de arte por su emotividad y su t\u00e9cnica. La selecci\u00f3n de esta obra para la exposici\u00f3n en Nueva York es un reconocimiento significativo para Fernando Galarza y un paso importante en su carrera. La muestra tendr\u00e1 lugar durante todo el mes de agosto, proporcionando a los visitantes de la Gran Manzana una oportunidad \u00fanica para apreciar el talento del pintor bu\u00f1olense.<\/p>\n\n\n\n<p>La trayectoria de \u201cBarquito de papel\u2026 el barquito de los sue\u00f1os rotos\u201d desde Madrid hasta Nueva York resalta la calidad y el impacto de la obra de Galarza en el panorama art\u00edstico contempor\u00e1neo. Este reconocimiento no solo destaca su habilidad t\u00e9cnica, sino tambi\u00e9n su capacidad para conectar con el p\u00fablico a trav\u00e9s de sus composiciones visuales.<\/p>\n","protected":false},"excerpt":{"rendered":"<div class=\"mh-excerpt\">La obra del reconocido pintor bu\u00f1olense Fernando Galarza titulada \u201cBarquito de papel\u2026 el barquito de los sue\u00f1os rotos\u201d, ser\u00e1 expuesta en Nueva York durante el mes de agosto. Esta destacada pieza ya tuvo la oportunidad <a class=\"mh-excerpt-more\" href=\"https:\/\/www.tucomarca.com\/wordpress\/segunda\/el-pintor-bunolense-fernando-galarza-expondra-uno-de-sus-cuadros-en-nueva-york-durante-el-mes-de-agosto\/\" title=\"El pintor bu\u00f1olense Fernando Galarza expondr\u00e1 uno de sus cuadros en Nueva York durante el mes de agosto\">[+] <\/a><\/div>\n","protected":false},"author":12,"featured_media":227146,"comment_status":"open","ping_status":"open","sticky":false,"template":"","format":"standard","meta":{"footnotes":""},"categories":[18,8,72,10,7,92,3],"tags":[10385,5605,5952],"class_list":{"0":"post-227132","1":"post","2":"type-post","3":"status-publish","4":"format-standard","5":"has-post-thumbnail","7":"category-bunol","8":"category-la-comarca","9":"category-sin-categorizar","10":"category-la-hoya","11":"category-ocio-y-cultura","12":"category-pintura","13":"category-seccion","14":"tag-bunol","15":"tag-fernando-galarza","16":"tag-la-hoya-de-bunol-chiva"},"_links":{"self":[{"href":"https:\/\/www.tucomarca.com\/wordpress\/segunda\/wp-json\/wp\/v2\/posts\/227132","targetHints":{"allow":["GET"]}}],"collection":[{"href":"https:\/\/www.tucomarca.com\/wordpress\/segunda\/wp-json\/wp\/v2\/posts"}],"about":[{"href":"https:\/\/www.tucomarca.com\/wordpress\/segunda\/wp-json\/wp\/v2\/types\/post"}],"author":[{"embeddable":true,"href":"https:\/\/www.tucomarca.com\/wordpress\/segunda\/wp-json\/wp\/v2\/users\/12"}],"replies":[{"embeddable":true,"href":"https:\/\/www.tucomarca.com\/wordpress\/segunda\/wp-json\/wp\/v2\/comments?post=227132"}],"version-history":[{"count":0,"href":"https:\/\/www.tucomarca.com\/wordpress\/segunda\/wp-json\/wp\/v2\/posts\/227132\/revisions"}],"wp:featuredmedia":[{"embeddable":true,"href":"https:\/\/www.tucomarca.com\/wordpress\/segunda\/wp-json\/wp\/v2\/media\/227146"}],"wp:attachment":[{"href":"https:\/\/www.tucomarca.com\/wordpress\/segunda\/wp-json\/wp\/v2\/media?parent=227132"}],"wp:term":[{"taxonomy":"category","embeddable":true,"href":"https:\/\/www.tucomarca.com\/wordpress\/segunda\/wp-json\/wp\/v2\/categories?post=227132"},{"taxonomy":"post_tag","embeddable":true,"href":"https:\/\/www.tucomarca.com\/wordpress\/segunda\/wp-json\/wp\/v2\/tags?post=227132"}],"curies":[{"name":"wp","href":"https:\/\/api.w.org\/{rel}","templated":true}]}}