{"id":227181,"date":"2024-06-21T18:00:00","date_gmt":"2024-06-21T16:00:00","guid":{"rendered":"https:\/\/www.tucomarca.com\/wordpress\/segunda\/?p=227181"},"modified":"2024-06-21T20:34:34","modified_gmt":"2024-06-21T18:34:34","slug":"la-diputacio-de-valencia-colabora-con-los-festivales-territorio-en-la-promocion-de-las-comarcas-de-interior","status":"publish","type":"post","link":"https:\/\/www.tucomarca.com\/wordpress\/segunda\/la-diputacio-de-valencia-colabora-con-los-festivales-territorio-en-la-promocion-de-las-comarcas-de-interior\/","title":{"rendered":"La Diputaci\u00f3 de Val\u00e8ncia colabora con los \u2018Festivales Territorio\u2019 en la promoci\u00f3n de las comarcas de interior"},"content":{"rendered":"\n<h3 class=\"wp-block-heading\">La vicepresidenta primera y responsable de Comarcalizaci\u00f3n, Nat\u00e0lia Enguix, asiste en Madrid a la presentaci\u00f3n de la temporada de estos festivales que maridan m\u00fasica, paisaje, gastronom\u00eda y arte.<\/h3>\n\n\n\n<h3 class=\"wp-block-heading\">Enguix destaca el potencial vertebrador de estas iniciativas en la lucha contra la despoblaci\u00f3n. Valencia cuenta con el Tierra Bobal Fest y el N\u00f3made Alcusses-Alforins, que ha anunciado los artistas de este a\u00f1o.<\/h3>\n\n\n\n<p>La Diputaci\u00f3 de Val\u00e8ncia refuerza su colaboraci\u00f3n con los \u2018Festivales Territorio\u2019, un proyecto que engloba a cinco festivales de peque\u00f1o formato repartidos por diferentes entornos naturales de la pen\u00ednsula, entre ellos el Tierra Bobal Fest en la comarca Utiel-Requena y el N\u00f3made Alcusses-Alforins en la Costera y la Vall d\u2019Albaida.&nbsp;La apuesta com\u00fan de estos cert\u00e1menes es maridar la m\u00fasica, el paisaje, la gastronom\u00eda y el arte en enclaves \u00fanicos para ofrecer una experiencia completa para todos los sentidos.<\/p>\n\n\n\n<p>La vicepresidenta primera de la Diputaci\u00f3n y responsable de Comarcalizaci\u00f3n, Nat\u00e0lia Enguix, asisti\u00f3 este jueves en Madrid a la presentaci\u00f3n de la temporada de la marca \u2018Festivales Territorio\u2019, que adem\u00e1s del N\u00f3made (13-15 septiembre) y el Tierra Bobal (28-30 junio) incluye el Canari, cuya primera edici\u00f3n se celebr\u00f3 el pasado mes de noviembre entre las islas de Lanzarote y La Graciosa, y dos festivales consagrados como el Ribeira Sacra en Lugo y el Esf\u00e9rica Rioja Alavesa.<\/p>\n\n\n\n<p>Acompa\u00f1ada por la t\u00e9cnica de la Mancomunidad Tierra del Vino, Cruz L\u00f3pez, la vicepresidenta Enguix encabez\u00f3 la comitiva valenciana en Madrid, donde destac\u00f3 \u201cel potencial vertebrador que tienen estos festivales que, con el reclamo de la m\u00fasica, muestran a los visitantes los encantos de nuestras comarcas y zonas de interior, aportando un impulso tur\u00edstico y contribuyendo a combatir la despoblaci\u00f3n\u201d.<\/p>\n\n\n\n<p>La corporaci\u00f3n provincial colabora con la iniciativa a trav\u00e9s del \u00e1rea de Comarcalizaci\u00f3n que dirige la propia Enguix y Val\u00e8ncia Turisme. Durante el acto celebrado en Madrid, se dieron a conocer los primeros artistas que estar\u00e1n en la tercera edici\u00f3n del N\u00f3made Alcusses-Alforins, que se celebrar\u00e1 del 13 al 15 de septiembre entre los municipios de Ontinyent, Moixent, Boicarent y La Font de La Figuera.<\/p>\n\n\n\n<figure class=\"wp-block-image size-large\"><img loading=\"lazy\" decoding=\"async\" width=\"1024\" height=\"768\" src=\"https:\/\/www.tucomarca.com\/wordpress\/segunda\/wp-content\/uploads\/2024\/06\/DipuFestivalesTerritorio-1024x768.jpg\" alt=\"\" class=\"wp-image-227183\" srcset=\"https:\/\/www.tucomarca.com\/wordpress\/segunda\/wp-content\/uploads\/2024\/06\/DipuFestivalesTerritorio-1024x768.jpg 1024w, https:\/\/www.tucomarca.com\/wordpress\/segunda\/wp-content\/uploads\/2024\/06\/DipuFestivalesTerritorio-300x225.jpg 300w, https:\/\/www.tucomarca.com\/wordpress\/segunda\/wp-content\/uploads\/2024\/06\/DipuFestivalesTerritorio-768x576.jpg 768w, https:\/\/www.tucomarca.com\/wordpress\/segunda\/wp-content\/uploads\/2024\/06\/DipuFestivalesTerritorio-678x509.jpg 678w, https:\/\/www.tucomarca.com\/wordpress\/segunda\/wp-content\/uploads\/2024\/06\/DipuFestivalesTerritorio-326x245.jpg 326w, https:\/\/www.tucomarca.com\/wordpress\/segunda\/wp-content\/uploads\/2024\/06\/DipuFestivalesTerritorio-80x60.jpg 80w, https:\/\/www.tucomarca.com\/wordpress\/segunda\/wp-content\/uploads\/2024\/06\/DipuFestivalesTerritorio.jpg 1181w\" sizes=\"auto, (max-width: 1024px) 100vw, 1024px\" \/><\/figure>\n\n\n\n<p><strong>Cartel musical del N\u00f3made<\/strong><\/p>\n\n\n\n<p>Dentro de la programaci\u00f3n musical, esta nueva edici\u00f3n de N\u00f3made traer\u00e1 a diferentes artistas de renombre en el panorama musical actual como&nbsp;Shinova, Guillem Gisbert, Sandra Monfort, Santero y Los Muchachos y Tito Ram\u00edrez.<\/p>\n\n\n\n<p>Shinova, grupo de rock con cinco discos a sus espaldas, se encuentra de gira presentado su \u00faltimo trabajo titulado \u2018Presente\u2019, que ha sido n\u00famero uno en la lista oficial de ventas del pa\u00eds. Guillem Gisbert, por su parte, arranca proyecto en solitario tras 15 a\u00f1os en la reconocida banda catalana \u2018Manel\u2019. \u2018Balla la masurca!\u2019 es su primer disco en el que explora diversos g\u00e9neros musicales.<\/p>\n\n\n\n<p>La carrera en solitario de Sandra Monfort, miembro del afamado trio Marala, se forja sobre lo tradicional y lo vanguardista. Es una artista vers\u00e1til, que sabe aunar t\u00e9cnica con intuici\u00f3n. Mientras que Tito Ram\u00edrez presentar\u00e1 su segundo trabajo, titulado \u2018El Prince\u2019, haciendo suyos diferentes sonidos y \u00e9pocas, influenciado por ritmos como la psicodelia, Latin Soul, Garaje, Mambo o el Boogaloo, entre otros.<\/p>\n\n\n\n<p>Por \u00faltimo, los valencianos Santero y Los Muchachos&nbsp;llegar\u00e1n a N\u00f3made para trasladar al p\u00fablico su \u201crock reposado\u201d, un repertorio lleno de canciones con un toque mel\u00f3dico y cautivador. La programaci\u00f3n del festival se completar\u00e1 en las pr\u00f3ximas semanas con un amplio abanico de experiencias vinculadas a la naturaleza y el patrimonio, con catas de vino, rutas y actividades al aire libre, adem\u00e1s de una propuesta gastron\u00f3mica de calidad.<\/p>\n","protected":false},"excerpt":{"rendered":"<div class=\"mh-excerpt\">La vicepresidenta primera y responsable de Comarcalizaci\u00f3n, Nat\u00e0lia Enguix, asiste en Madrid a la presentaci\u00f3n de la temporada de estos festivales que maridan m\u00fasica, paisaje, gastronom\u00eda y arte. Enguix destaca el potencial vertebrador de estas <a class=\"mh-excerpt-more\" href=\"https:\/\/www.tucomarca.com\/wordpress\/segunda\/la-diputacio-de-valencia-colabora-con-los-festivales-territorio-en-la-promocion-de-las-comarcas-de-interior\/\" title=\"La Diputaci\u00f3 de Val\u00e8ncia colabora con los \u2018Festivales Territorio\u2019 en la promoci\u00f3n de las comarcas de interior\">[+] <\/a><\/div>\n","protected":false},"author":12,"featured_media":227185,"comment_status":"open","ping_status":"open","sticky":false,"template":"","format":"standard","meta":{"footnotes":""},"categories":[20519,128,8,72,20455,7,142,27,3,45],"tags":[3677,20870,20401,20649],"class_list":{"0":"post-227181","1":"post","2":"type-post","3":"status-publish","4":"format-standard","5":"has-post-thumbnail","7":"category-cooperacion-municipal","8":"category-infraestructuras","9":"category-la-comarca","10":"category-sin-categorizar","11":"category-la-diputacio-de-valencia-informa","12":"category-ocio-y-cultura","13":"category-politica-la-comarca","14":"category-requena-utiel","15":"category-seccion","16":"category-ventana","17":"tag-diputacio-de-valencia","18":"tag-festivales-territorio","19":"tag-natalia-enguix-2","20":"tag-tierra-bobal-fest"},"_links":{"self":[{"href":"https:\/\/www.tucomarca.com\/wordpress\/segunda\/wp-json\/wp\/v2\/posts\/227181","targetHints":{"allow":["GET"]}}],"collection":[{"href":"https:\/\/www.tucomarca.com\/wordpress\/segunda\/wp-json\/wp\/v2\/posts"}],"about":[{"href":"https:\/\/www.tucomarca.com\/wordpress\/segunda\/wp-json\/wp\/v2\/types\/post"}],"author":[{"embeddable":true,"href":"https:\/\/www.tucomarca.com\/wordpress\/segunda\/wp-json\/wp\/v2\/users\/12"}],"replies":[{"embeddable":true,"href":"https:\/\/www.tucomarca.com\/wordpress\/segunda\/wp-json\/wp\/v2\/comments?post=227181"}],"version-history":[{"count":0,"href":"https:\/\/www.tucomarca.com\/wordpress\/segunda\/wp-json\/wp\/v2\/posts\/227181\/revisions"}],"wp:featuredmedia":[{"embeddable":true,"href":"https:\/\/www.tucomarca.com\/wordpress\/segunda\/wp-json\/wp\/v2\/media\/227185"}],"wp:attachment":[{"href":"https:\/\/www.tucomarca.com\/wordpress\/segunda\/wp-json\/wp\/v2\/media?parent=227181"}],"wp:term":[{"taxonomy":"category","embeddable":true,"href":"https:\/\/www.tucomarca.com\/wordpress\/segunda\/wp-json\/wp\/v2\/categories?post=227181"},{"taxonomy":"post_tag","embeddable":true,"href":"https:\/\/www.tucomarca.com\/wordpress\/segunda\/wp-json\/wp\/v2\/tags?post=227181"}],"curies":[{"name":"wp","href":"https:\/\/api.w.org\/{rel}","templated":true}]}}