{"id":227290,"date":"2024-06-22T12:00:00","date_gmt":"2024-06-22T10:00:00","guid":{"rendered":"https:\/\/www.tucomarca.com\/wordpress\/segunda\/?p=227290"},"modified":"2024-06-23T19:34:05","modified_gmt":"2024-06-23T17:34:05","slug":"mompo-destaca-el-buen-momento-del-pp-de-la-provincia-de-valencia","status":"publish","type":"post","link":"https:\/\/www.tucomarca.com\/wordpress\/segunda\/mompo-destaca-el-buen-momento-del-pp-de-la-provincia-de-valencia\/","title":{"rendered":"Momp\u00f3 destaca \u00abel buen momento\u00bb del PP de la provincia de Valencia"},"content":{"rendered":"\n<h3 class=\"wp-block-heading\">El presidente provincial re\u00fane a m\u00e1s de 400 militantes y simpatizantes en la tradicional &#8216;cena de verano&#8217;.<\/h3>\n\n\n\n<h3 class=\"wp-block-heading\">Momp\u00f3 recuerda que el PP tiene 98 alcald\u00edas en la provincia de Valencia y augura \u00abmuchas m\u00e1s\u00bb en 2027. Adem\u00e1s, agradece el trabajo que ha permitido \u00abque seamos la fuerza m\u00e1s votada en m\u00e1s de la mitad de los municipios de la provincia en las Elecciones Europeas\u00bb.<\/h3>\n\n\n\n<p>La c\u00fapula del PP provincial ha reunido esta tarde en Catarroja al comit\u00e9 y a la junta directiva provincial. \u00abEs la hora del municipalismo\u00bb, afirma el popular.<br>\u00a0<br>El presidente provincial del PP y presidente de la Diputaci\u00f3n de Valencia, Vicent Momp\u00f3, ha resaltado en la tradicional &#8216;cena de verano&#8217; del PP de la provincia de Valencia el \u00abbuen momento\u00bb por el que pasa el partido en la provincia. \u00abEstamos trabajando mucho, somos un equipo, y constatamos, a cada paso, que es un gran momento para el municipalismo\u00bb, ha afirmado ante las m\u00e1s de 400 personas que han asistido a este encuentro en Catarroja.<\/p>\n\n\n\n<p>Momp\u00f3 ha manifestado sentirse \u00abmuy orgulloso\u00bb del gran equipo del Partido Popular que \u00abcada d\u00eda y, desde todos los rincones de cada comarca de la provincia de Valencia, se esfuerza por mejorar la vida de sus vecinas y vecinos\u00bb.\u00a0<br>\u00a0<br>El presidente popular, quien ha recorrido la provincia de Valencia desde el pasado enero, meses en los que ha realizado 15 reuniones comarcales para coordinar equipos y profundizar en la l\u00ednea de trabajo llevada a cabo desde las elecciones municipales de 2023, ha afirmado que, en cada una de las reuniones, \u00abhe podido confirmar la fortaleza y vertebraci\u00f3n provincial del partido\u00bb. \u00abConseguimos buenos resultados en 2023, pero tenemos que superarlos con creces en 2027\u00bb, ha aseverado.<\/p>\n\n\n\n<figure class=\"wp-block-gallery has-nested-images columns-default is-cropped wp-block-gallery-1 is-layout-flex wp-block-gallery-is-layout-flex\">\n<figure class=\"wp-block-image size-large\"><img loading=\"lazy\" decoding=\"async\" width=\"886\" height=\"590\" data-id=\"227292\" src=\"https:\/\/www.tucomarca.com\/wordpress\/segunda\/wp-content\/uploads\/2024\/06\/CatarrojaPP.jpg\" alt=\"\" class=\"wp-image-227292\" srcset=\"https:\/\/www.tucomarca.com\/wordpress\/segunda\/wp-content\/uploads\/2024\/06\/CatarrojaPP.jpg 886w, https:\/\/www.tucomarca.com\/wordpress\/segunda\/wp-content\/uploads\/2024\/06\/CatarrojaPP-300x200.jpg 300w, https:\/\/www.tucomarca.com\/wordpress\/segunda\/wp-content\/uploads\/2024\/06\/CatarrojaPP-768x511.jpg 768w\" sizes=\"auto, (max-width: 886px) 100vw, 886px\" \/><\/figure>\n\n\n\n<figure class=\"wp-block-image size-large\"><img loading=\"lazy\" decoding=\"async\" width=\"886\" height=\"590\" data-id=\"227296\" src=\"https:\/\/www.tucomarca.com\/wordpress\/segunda\/wp-content\/uploads\/2024\/06\/CatarrojaPP3.jpg\" alt=\"\" class=\"wp-image-227296\" srcset=\"https:\/\/www.tucomarca.com\/wordpress\/segunda\/wp-content\/uploads\/2024\/06\/CatarrojaPP3.jpg 886w, https:\/\/www.tucomarca.com\/wordpress\/segunda\/wp-content\/uploads\/2024\/06\/CatarrojaPP3-300x200.jpg 300w, https:\/\/www.tucomarca.com\/wordpress\/segunda\/wp-content\/uploads\/2024\/06\/CatarrojaPP3-768x511.jpg 768w\" sizes=\"auto, (max-width: 886px) 100vw, 886px\" \/><\/figure>\n<\/figure>\n\n\n\n<p>Por otra parte, Momp\u00f3 ha puesto en valor \u00abgran trabajo que estamos realizado al frente de 98 alcald\u00edas de la provincia de Valencia\u00bb y recuerda que en las Elecciones Europeas \u00abel PP se impuso en m\u00e1s de la mitad de los municipios de la provincia, en concreto en 137 de los 266, entre ellos en ciudades como Paterna o Gand\u00eda\u00bb. Tambi\u00e9n ha destacado que en 135 municipios el PP obtuvo el 35% de los votos.<br>&nbsp;<br>\u00abVamos por muy buen camino\u00bb, ha dicho el presidente popular, quien ha subrayado tambi\u00e9n el gran valor que \u00abnuestras concejalas y concejales aportan desde la oposici\u00f3n y de todos aquellos que desde la estructura del partido hacen posible que los ciudadanos de a pie se sientan cuidados y representados por el Partido Popular\u00bb.<br>&nbsp;<br>Para concluir, Momp\u00f3 ha dado las gracias a la direcci\u00f3n del PPVAL, a la secretaria general, Reme Mazzolari, al adjunto a presidencia, Vicent Huet, al coordinador general, Carlos Gil y al vicesecretario de organizaci\u00f3n, Avelino Mascarell.<\/p>\n","protected":false},"excerpt":{"rendered":"<div class=\"mh-excerpt\">El presidente provincial re\u00fane a m\u00e1s de 400 militantes y simpatizantes en la tradicional &#8216;cena de verano&#8217;. Momp\u00f3 recuerda que el PP tiene 98 alcald\u00edas en la provincia de Valencia y augura \u00abmuchas m\u00e1s\u00bb en <a class=\"mh-excerpt-more\" href=\"https:\/\/www.tucomarca.com\/wordpress\/segunda\/mompo-destaca-el-buen-momento-del-pp-de-la-provincia-de-valencia\/\" title=\"Momp\u00f3 destaca \u00abel buen momento\u00bb del PP de la provincia de Valencia\">[+] <\/a><\/div>\n","protected":false},"author":12,"featured_media":227294,"comment_status":"open","ping_status":"open","sticky":false,"template":"","format":"standard","meta":{"footnotes":""},"categories":[128,8,72,142,3,45],"tags":[7493,5500,20877,18824],"class_list":{"0":"post-227290","1":"post","2":"type-post","3":"status-publish","4":"format-standard","5":"has-post-thumbnail","7":"category-infraestructuras","8":"category-la-comarca","9":"category-sin-categorizar","10":"category-politica-la-comarca","11":"category-seccion","12":"category-ventana","13":"tag-comite-provincial-pp","14":"tag-ppcv","15":"tag-ppval","16":"tag-vicent-mompo"},"_links":{"self":[{"href":"https:\/\/www.tucomarca.com\/wordpress\/segunda\/wp-json\/wp\/v2\/posts\/227290","targetHints":{"allow":["GET"]}}],"collection":[{"href":"https:\/\/www.tucomarca.com\/wordpress\/segunda\/wp-json\/wp\/v2\/posts"}],"about":[{"href":"https:\/\/www.tucomarca.com\/wordpress\/segunda\/wp-json\/wp\/v2\/types\/post"}],"author":[{"embeddable":true,"href":"https:\/\/www.tucomarca.com\/wordpress\/segunda\/wp-json\/wp\/v2\/users\/12"}],"replies":[{"embeddable":true,"href":"https:\/\/www.tucomarca.com\/wordpress\/segunda\/wp-json\/wp\/v2\/comments?post=227290"}],"version-history":[{"count":0,"href":"https:\/\/www.tucomarca.com\/wordpress\/segunda\/wp-json\/wp\/v2\/posts\/227290\/revisions"}],"wp:featuredmedia":[{"embeddable":true,"href":"https:\/\/www.tucomarca.com\/wordpress\/segunda\/wp-json\/wp\/v2\/media\/227294"}],"wp:attachment":[{"href":"https:\/\/www.tucomarca.com\/wordpress\/segunda\/wp-json\/wp\/v2\/media?parent=227290"}],"wp:term":[{"taxonomy":"category","embeddable":true,"href":"https:\/\/www.tucomarca.com\/wordpress\/segunda\/wp-json\/wp\/v2\/categories?post=227290"},{"taxonomy":"post_tag","embeddable":true,"href":"https:\/\/www.tucomarca.com\/wordpress\/segunda\/wp-json\/wp\/v2\/tags?post=227290"}],"curies":[{"name":"wp","href":"https:\/\/api.w.org\/{rel}","templated":true}]}}