{"id":227401,"date":"2024-06-24T10:30:00","date_gmt":"2024-06-24T08:30:00","guid":{"rendered":"https:\/\/www.tucomarca.com\/wordpress\/segunda\/?p=227401"},"modified":"2024-06-24T14:07:30","modified_gmt":"2024-06-24T12:07:30","slug":"igualdad-lanza-una-campana-para-acercar-a-la-ciudadania-la-programacion-de-eventos-lgtbiq-organizados-con-motivo-del-dia-del-orgullo","status":"publish","type":"post","link":"https:\/\/www.tucomarca.com\/wordpress\/segunda\/igualdad-lanza-una-campana-para-acercar-a-la-ciudadania-la-programacion-de-eventos-lgtbiq-organizados-con-motivo-del-dia-del-orgullo\/","title":{"rendered":"Igualdad lanza una campa\u00f1a para acercar a la ciudadan\u00eda la programaci\u00f3n de eventos LGTBIQ+ organizados con motivo del D\u00eda del Orgullo"},"content":{"rendered":"\n<h3 class=\"wp-block-heading\">A trav\u00e9s de un c\u00f3digo QR se podr\u00e1 conocer la hora y el lugar de los actos organizados por entidades locales y del sector durante todo el a\u00f1o.<\/h3>\n\n\n<div class=\"wp-block-image\">\n<figure class=\"alignleft size-full is-resized\"><img loading=\"lazy\" decoding=\"async\" width=\"886\" height=\"900\" src=\"https:\/\/www.tucomarca.com\/wordpress\/segunda\/wp-content\/uploads\/2024\/06\/OrgullGVA.jpg\" alt=\"\" class=\"wp-image-227405\" style=\"width:473px;height:auto\" srcset=\"https:\/\/www.tucomarca.com\/wordpress\/segunda\/wp-content\/uploads\/2024\/06\/OrgullGVA.jpg 886w, https:\/\/www.tucomarca.com\/wordpress\/segunda\/wp-content\/uploads\/2024\/06\/OrgullGVA-295x300.jpg 295w, https:\/\/www.tucomarca.com\/wordpress\/segunda\/wp-content\/uploads\/2024\/06\/OrgullGVA-768x780.jpg 768w\" sizes=\"auto, (max-width: 886px) 100vw, 886px\" \/><\/figure>\n<\/div>\n\n\n<p>La Vicepresidencia Segunda y Conselleria de Servicios Sociales, Igualdad y Vivienda ha puesto en marcha una campa\u00f1a para acercar a la ciudadan\u00eda la programaci\u00f3n de eventos LGTBIQ+ organizados en distintos municipios de la Comunitat Valenciana con motivo del D\u00eda del Orgullo.&nbsp;<\/p>\n\n\n\n<p>A trav\u00e9s de un c\u00f3digo QR, que se podr\u00e1 leer en medios de comunicaci\u00f3n, autobuses y web de la Conselleria, se podr\u00e1 conocer la hora y lugar de los actos organizados por entidades locales y entidades del sector para la pr\u00f3xima semana, que culminar\u00e1n el d\u00eda 28 de junio con manifestaciones en distintos municipios del territorio valenciano. Adem\u00e1s, se podr\u00e1n consultar otros eventos que est\u00e1 previsto celebrar el resto del a\u00f1o.&nbsp;<\/p>\n\n\n\n<p>El director general de Diversidad, Stephane Soriano, ha explicado que, bajo la marca \u2018Orgull de Comunitat\u2019, \u201cse ha impulsado un modelo de coordinaci\u00f3n para la celebraci\u00f3n de actos relacionados con la poblaci\u00f3n LGTBIQ+ en las tres provincias\u201d.<\/p>\n\n\n\n<p>El objetivo, ha se\u00f1alado Soriano, \u201ces visibilizar y celebrar la diversidad y promover una sociedad inclusiva y respetuosa, trabajar conjuntamente y situar en el mapa a la Comunitat Valenciana como referente LGTBIQ+\u201d.<\/p>\n\n\n\n<p>Asimismo, el director general ha reiterado el compromiso del Consell \u201cen la defensa y el respeto de todas las personas, en combatir prejuicios basados en la orientaci\u00f3n sexual y en trabajar para crear un ambiente inclusivo y seguro donde todas las personas se sientan aceptadas y respetadas\u201d.<\/p>\n\n\n\n<p>\u2018Orgull de Comunitat\u2019 es la marca de la Generalitat impulsada para unificar todas las campa\u00f1as que se llevar\u00e1n a cabo durante esta legislatura en materia de diversidad, con el objetivo de fomentar la inclusi\u00f3n y el reconocimiento de las personas LGTBIQ+.<\/p>\n\n\n\n<p>Cabe recordar que la semana pasada la Generalitat fue galardonada con el Premio Diversa Institucional 2024 por la marca \u2018Orgull de Comunitat\u2019, unos galardones que organiza la Asociaci\u00f3n Diversa Global para distinguir a personas, empresas e instituciones por su implicaci\u00f3n con la diversidad.<\/p>\n\n\n\n<p><strong>Colaboraciones de la Generalitat<\/strong><\/p>\n\n\n\n<p>La Generalitat ha colaborado con los ayuntamientos de Val\u00e8ncia, Alicante y Castell\u00f3 de la Plana y las diputaciones provinciales en la organizaci\u00f3n de los actos previstos con motivo del D\u00eda del Orgullo y otros eventos LGTBIQ+.<\/p>\n\n\n\n<p>Esta tarde, a partir de las 20.30 horas, est\u00e1 prevista en la plaza del Ayuntamiento de Val\u00e8ncia la lectura de un preg\u00f3n a cargo de la cantante Rosa L\u00f3pez. Posteriormente, habr\u00e1 actuaciones musicales, DJ y fuegos artificiales.<\/p>\n","protected":false},"excerpt":{"rendered":"<div class=\"mh-excerpt\">A trav\u00e9s de un c\u00f3digo QR se podr\u00e1 conocer la hora y el lugar de los actos organizados por entidades locales y del sector durante todo el a\u00f1o. La Vicepresidencia Segunda y Conselleria de Servicios <a class=\"mh-excerpt-more\" href=\"https:\/\/www.tucomarca.com\/wordpress\/segunda\/igualdad-lanza-una-campana-para-acercar-a-la-ciudadania-la-programacion-de-eventos-lgtbiq-organizados-con-motivo-del-dia-del-orgullo\/\" title=\"Igualdad lanza una campa\u00f1a para acercar a la ciudadan\u00eda la programaci\u00f3n de eventos LGTBIQ+ organizados con motivo del D\u00eda del Orgullo\">[+] <\/a><\/div>\n","protected":false},"author":12,"featured_media":227407,"comment_status":"open","ping_status":"open","sticky":false,"template":"","format":"standard","meta":{"footnotes":""},"categories":[4,172,46,128,8,72,7,142,3,45],"tags":[19544,15134,10716,19733,20886,13966],"class_list":{"0":"post-227401","1":"post","2":"type-post","3":"status-publish","4":"format-standard","5":"has-post-thumbnail","7":"category-agenda","8":"category-benaguasil","9":"category-camp-de-turia","10":"category-infraestructuras","11":"category-la-comarca","12":"category-sin-categorizar","13":"category-ocio-y-cultura","14":"category-politica-la-comarca","15":"category-seccion","16":"category-ventana","17":"tag-conselleria-de-servicios-sociales","18":"tag-diversidad","19":"tag-generalitat-valenciana","20":"tag-igualdad-y-vivienda","21":"tag-orgull-de-comunitat","22":"tag-stephane-soriano"},"_links":{"self":[{"href":"https:\/\/www.tucomarca.com\/wordpress\/segunda\/wp-json\/wp\/v2\/posts\/227401","targetHints":{"allow":["GET"]}}],"collection":[{"href":"https:\/\/www.tucomarca.com\/wordpress\/segunda\/wp-json\/wp\/v2\/posts"}],"about":[{"href":"https:\/\/www.tucomarca.com\/wordpress\/segunda\/wp-json\/wp\/v2\/types\/post"}],"author":[{"embeddable":true,"href":"https:\/\/www.tucomarca.com\/wordpress\/segunda\/wp-json\/wp\/v2\/users\/12"}],"replies":[{"embeddable":true,"href":"https:\/\/www.tucomarca.com\/wordpress\/segunda\/wp-json\/wp\/v2\/comments?post=227401"}],"version-history":[{"count":0,"href":"https:\/\/www.tucomarca.com\/wordpress\/segunda\/wp-json\/wp\/v2\/posts\/227401\/revisions"}],"wp:featuredmedia":[{"embeddable":true,"href":"https:\/\/www.tucomarca.com\/wordpress\/segunda\/wp-json\/wp\/v2\/media\/227407"}],"wp:attachment":[{"href":"https:\/\/www.tucomarca.com\/wordpress\/segunda\/wp-json\/wp\/v2\/media?parent=227401"}],"wp:term":[{"taxonomy":"category","embeddable":true,"href":"https:\/\/www.tucomarca.com\/wordpress\/segunda\/wp-json\/wp\/v2\/categories?post=227401"},{"taxonomy":"post_tag","embeddable":true,"href":"https:\/\/www.tucomarca.com\/wordpress\/segunda\/wp-json\/wp\/v2\/tags?post=227401"}],"curies":[{"name":"wp","href":"https:\/\/api.w.org\/{rel}","templated":true}]}}