{"id":227419,"date":"2024-06-24T10:30:00","date_gmt":"2024-06-24T08:30:00","guid":{"rendered":"https:\/\/www.tucomarca.com\/wordpress\/segunda\/?p=227419"},"modified":"2024-06-24T18:12:06","modified_gmt":"2024-06-24T16:12:06","slug":"los-bomberos-intervienen-en-anna-para-rescatar-a-una-senderista-lesionada","status":"publish","type":"post","link":"https:\/\/www.tucomarca.com\/wordpress\/segunda\/los-bomberos-intervienen-en-anna-para-rescatar-a-una-senderista-lesionada\/","title":{"rendered":"Los bomberos intervienen en Anna para rescatar a una senderista lesionada"},"content":{"rendered":"\n<p>Efectivos del Consorcio Provincial de Bomberos han llevado a cabo este lunes una intervenci\u00f3n de rescate en Anna para asistir a una senderista que ha sufrido una lesi\u00f3n en el hombro. El operativo incluy\u00f3 la participaci\u00f3n del sargento de Alzira, de bomberos del parque de X\u00e0tiva y de rescatadores del Grupo de Rescate en Altura (GERA), apoyados por el helic\u00f3ptero HLC V-990 del Consorcio, que contaba con un m\u00e9dico a bordo.<\/p>\n\n\n\n<p>La intervenci\u00f3n se activ\u00f3 cuando se report\u00f3 que una senderista hab\u00eda sufrido una luxaci\u00f3n en el hombro mientras recorr\u00eda una ruta en Anna. El equipo de rescate se moviliz\u00f3 r\u00e1pidamente, llegando al lugar con un helic\u00f3ptero que permiti\u00f3 una atenci\u00f3n m\u00e9dica inmediata.<\/p>\n\n\n\n<p>El m\u00e9dico del Consorcio atendi\u00f3 a la mujer en el lugar de la lesi\u00f3n, administr\u00e1ndole analg\u00e9sicos para aliviar el dolor y procediendo a recolocar el hombro en su posici\u00f3n correcta. Esta atenci\u00f3n especializada fue crucial para estabilizar a la senderista y permitirle recuperarse de la luxaci\u00f3n.<\/p>\n\n\n\n<p>Gracias a la r\u00e1pida y eficaz intervenci\u00f3n del equipo de bomberos y del m\u00e9dico, la mujer pudo continuar su ruta junto con el resto de los senderistas, sin necesidad de m\u00e1s apoyo o evacuaci\u00f3n adicional. <\/p>\n\n\n\n<figure class=\"wp-block-image size-large\"><img loading=\"lazy\" decoding=\"async\" width=\"823\" height=\"1024\" src=\"https:\/\/www.tucomarca.com\/wordpress\/segunda\/wp-content\/uploads\/2024\/06\/AnnaRescate2-823x1024.jpeg\" alt=\"\" class=\"wp-image-227423\" srcset=\"https:\/\/www.tucomarca.com\/wordpress\/segunda\/wp-content\/uploads\/2024\/06\/AnnaRescate2-823x1024.jpeg 823w, https:\/\/www.tucomarca.com\/wordpress\/segunda\/wp-content\/uploads\/2024\/06\/AnnaRescate2-241x300.jpeg 241w, https:\/\/www.tucomarca.com\/wordpress\/segunda\/wp-content\/uploads\/2024\/06\/AnnaRescate2-768x956.jpeg 768w, https:\/\/www.tucomarca.com\/wordpress\/segunda\/wp-content\/uploads\/2024\/06\/AnnaRescate2-1234x1536.jpeg 1234w, https:\/\/www.tucomarca.com\/wordpress\/segunda\/wp-content\/uploads\/2024\/06\/AnnaRescate2.jpeg 1543w\" sizes=\"auto, (max-width: 823px) 100vw, 823px\" \/><\/figure>\n","protected":false},"excerpt":{"rendered":"<div class=\"mh-excerpt\">Efectivos del Consorcio Provincial de Bomberos han llevado a cabo este lunes una intervenci\u00f3n de rescate en Anna para asistir a una senderista que ha sufrido una lesi\u00f3n en el hombro. El operativo incluy\u00f3 la <a class=\"mh-excerpt-more\" href=\"https:\/\/www.tucomarca.com\/wordpress\/segunda\/los-bomberos-intervienen-en-anna-para-rescatar-a-una-senderista-lesionada\/\" title=\"Los bomberos intervienen en Anna para rescatar a una senderista lesionada\">[+] <\/a><\/div>\n","protected":false},"author":1,"featured_media":227421,"comment_status":"open","ping_status":"open","sticky":false,"template":"","format":"image","meta":{"footnotes":""},"categories":[78,128,70,8,72,3,116,45],"tags":[10405,12250,1452,2596],"class_list":{"0":"post-227419","1":"post","2":"type-post","3":"status-publish","4":"format-image","5":"has-post-thumbnail","7":"category-anna","8":"category-infraestructuras","9":"category-la-canal-de-navarres","10":"category-la-comarca","11":"category-sin-categorizar","12":"category-seccion","13":"category-sucesos-la-comarca","14":"category-ventana","15":"tag-anna","16":"tag-consorci-bombers","17":"tag-la-canal-de-navarres-2","18":"tag-rescate","19":"post_format-post-format-image"},"_links":{"self":[{"href":"https:\/\/www.tucomarca.com\/wordpress\/segunda\/wp-json\/wp\/v2\/posts\/227419","targetHints":{"allow":["GET"]}}],"collection":[{"href":"https:\/\/www.tucomarca.com\/wordpress\/segunda\/wp-json\/wp\/v2\/posts"}],"about":[{"href":"https:\/\/www.tucomarca.com\/wordpress\/segunda\/wp-json\/wp\/v2\/types\/post"}],"author":[{"embeddable":true,"href":"https:\/\/www.tucomarca.com\/wordpress\/segunda\/wp-json\/wp\/v2\/users\/1"}],"replies":[{"embeddable":true,"href":"https:\/\/www.tucomarca.com\/wordpress\/segunda\/wp-json\/wp\/v2\/comments?post=227419"}],"version-history":[{"count":0,"href":"https:\/\/www.tucomarca.com\/wordpress\/segunda\/wp-json\/wp\/v2\/posts\/227419\/revisions"}],"wp:featuredmedia":[{"embeddable":true,"href":"https:\/\/www.tucomarca.com\/wordpress\/segunda\/wp-json\/wp\/v2\/media\/227421"}],"wp:attachment":[{"href":"https:\/\/www.tucomarca.com\/wordpress\/segunda\/wp-json\/wp\/v2\/media?parent=227419"}],"wp:term":[{"taxonomy":"category","embeddable":true,"href":"https:\/\/www.tucomarca.com\/wordpress\/segunda\/wp-json\/wp\/v2\/categories?post=227419"},{"taxonomy":"post_tag","embeddable":true,"href":"https:\/\/www.tucomarca.com\/wordpress\/segunda\/wp-json\/wp\/v2\/tags?post=227419"}],"curies":[{"name":"wp","href":"https:\/\/api.w.org\/{rel}","templated":true}]}}