{"id":227420,"date":"2024-06-24T10:00:00","date_gmt":"2024-06-24T08:00:00","guid":{"rendered":"https:\/\/www.tucomarca.com\/wordpress\/segunda\/?p=227420"},"modified":"2024-06-24T19:07:30","modified_gmt":"2024-06-24T17:07:30","slug":"fotogaleria-siete-aguas-celebra-su-tradicional-noche-magica-de-san-juan","status":"publish","type":"post","link":"https:\/\/www.tucomarca.com\/wordpress\/segunda\/fotogaleria-siete-aguas-celebra-su-tradicional-noche-magica-de-san-juan\/","title":{"rendered":"Fotogaler\u00eda: Siete Aguas celebra su tradicional y m\u00e1gica Noche de San Juan"},"content":{"rendered":"\n<p>Siete Aguas ha celebrado su tradicional Noche de San Juan, un evento fundamental dentro de sus Fiestas Patronales en honor a San Juan Bautista.<\/p>\n\n\n\n<p>La celebraci\u00f3n combin\u00f3 elementos de tradici\u00f3n, m\u00fasica, fuego y agua, creando una noche m\u00e1gica que congreg\u00f3 a vecinas y vecinos del municipio.<\/p>\n\n\n\n<p>A las doce de la noche, los habitantes se reunieron en la emblem\u00e1tica Fuente de los Siete Ca\u00f1os para llevar a cabo el tradicional rito de lavarse la cara siete veces, una costumbre que simboliza la purificaci\u00f3n y el inicio de un nuevo ciclo. Simult\u00e1neamente, se encendi\u00f3 la hoguera de San Juan, alrededor de la cual los asistentes disfrutaron de dulces y recibieron las tradicionales siete hojas de laurel, una iniciativa de la Asociaci\u00f3n de Amas de Casa.<\/p>\n\n\n\n<p>M\u00e1s tarde, la fiesta se traslad\u00f3 a la Avenida de la Fuente, donde la Orquesta Gravity hizo vibrar al p\u00fablico con su m\u00fasica y baile. La velada continu\u00f3 en un ambiente festivo, con vecinos y visitantes disfrutando del animado ambiente.<\/p>\n\n\n\n<p>Las celebraciones en Siete Aguas no se detienen con la Noche de San Juan. El municipio seguir\u00e1 con sus actos religiosos programados y se preparar\u00e1 para las pr\u00f3ximas Fiestas Taurinas Sanjuaneras, manteniendo vivo as\u00ed el esp\u00edritu festivo del verano.<\/p>\n\n\n\n<p>La Noche de San Juan en Siete Aguas ha sido, una vez m\u00e1s, una celebraci\u00f3n memorable, reforzando las tradiciones y uniendo al vecindario en una noche llena de magia y simbolismo.<\/p>\n\n\n\n<figure class=\"wp-block-gallery has-nested-images columns-1 is-cropped wp-block-gallery-1 is-layout-flex wp-block-gallery-is-layout-flex\">\n<figure class=\"wp-block-image size-large\"><img loading=\"lazy\" decoding=\"async\" width=\"886\" height=\"640\" data-id=\"227448\" src=\"https:\/\/www.tucomarca.com\/wordpress\/segunda\/wp-content\/uploads\/2024\/06\/SanJuan7Aguas01.jpg\" alt=\"\" class=\"wp-image-227448\" srcset=\"https:\/\/www.tucomarca.com\/wordpress\/segunda\/wp-content\/uploads\/2024\/06\/SanJuan7Aguas01.jpg 886w, https:\/\/www.tucomarca.com\/wordpress\/segunda\/wp-content\/uploads\/2024\/06\/SanJuan7Aguas01-300x217.jpg 300w, https:\/\/www.tucomarca.com\/wordpress\/segunda\/wp-content\/uploads\/2024\/06\/SanJuan7Aguas01-768x555.jpg 768w\" sizes=\"auto, (max-width: 886px) 100vw, 886px\" \/><\/figure>\n\n\n\n<figure class=\"wp-block-image size-large\"><img loading=\"lazy\" decoding=\"async\" width=\"886\" height=\"665\" data-id=\"227450\" src=\"https:\/\/www.tucomarca.com\/wordpress\/segunda\/wp-content\/uploads\/2024\/06\/SanJuan7Aguas02.jpg\" alt=\"\" class=\"wp-image-227450\" srcset=\"https:\/\/www.tucomarca.com\/wordpress\/segunda\/wp-content\/uploads\/2024\/06\/SanJuan7Aguas02.jpg 886w, https:\/\/www.tucomarca.com\/wordpress\/segunda\/wp-content\/uploads\/2024\/06\/SanJuan7Aguas02-300x225.jpg 300w, https:\/\/www.tucomarca.com\/wordpress\/segunda\/wp-content\/uploads\/2024\/06\/SanJuan7Aguas02-768x576.jpg 768w, https:\/\/www.tucomarca.com\/wordpress\/segunda\/wp-content\/uploads\/2024\/06\/SanJuan7Aguas02-678x509.jpg 678w, https:\/\/www.tucomarca.com\/wordpress\/segunda\/wp-content\/uploads\/2024\/06\/SanJuan7Aguas02-326x245.jpg 326w, https:\/\/www.tucomarca.com\/wordpress\/segunda\/wp-content\/uploads\/2024\/06\/SanJuan7Aguas02-80x60.jpg 80w\" sizes=\"auto, (max-width: 886px) 100vw, 886px\" \/><\/figure>\n\n\n\n<figure class=\"wp-block-image size-large\"><img loading=\"lazy\" decoding=\"async\" width=\"886\" height=\"635\" data-id=\"227438\" src=\"https:\/\/www.tucomarca.com\/wordpress\/segunda\/wp-content\/uploads\/2024\/06\/SanJuan7Aguas03.jpg\" alt=\"\" class=\"wp-image-227438\" srcset=\"https:\/\/www.tucomarca.com\/wordpress\/segunda\/wp-content\/uploads\/2024\/06\/SanJuan7Aguas03.jpg 886w, https:\/\/www.tucomarca.com\/wordpress\/segunda\/wp-content\/uploads\/2024\/06\/SanJuan7Aguas03-300x215.jpg 300w, https:\/\/www.tucomarca.com\/wordpress\/segunda\/wp-content\/uploads\/2024\/06\/SanJuan7Aguas03-768x550.jpg 768w\" sizes=\"auto, (max-width: 886px) 100vw, 886px\" \/><\/figure>\n\n\n\n<figure class=\"wp-block-image size-large\"><img loading=\"lazy\" decoding=\"async\" width=\"886\" height=\"593\" data-id=\"227446\" src=\"https:\/\/www.tucomarca.com\/wordpress\/segunda\/wp-content\/uploads\/2024\/06\/SanJuan7Aguas07.jpg\" alt=\"\" class=\"wp-image-227446\" srcset=\"https:\/\/www.tucomarca.com\/wordpress\/segunda\/wp-content\/uploads\/2024\/06\/SanJuan7Aguas07.jpg 886w, https:\/\/www.tucomarca.com\/wordpress\/segunda\/wp-content\/uploads\/2024\/06\/SanJuan7Aguas07-300x201.jpg 300w, https:\/\/www.tucomarca.com\/wordpress\/segunda\/wp-content\/uploads\/2024\/06\/SanJuan7Aguas07-768x514.jpg 768w\" sizes=\"auto, (max-width: 886px) 100vw, 886px\" \/><\/figure>\n\n\n\n<figure class=\"wp-block-image size-large\"><img loading=\"lazy\" decoding=\"async\" width=\"886\" height=\"665\" data-id=\"227440\" src=\"https:\/\/www.tucomarca.com\/wordpress\/segunda\/wp-content\/uploads\/2024\/06\/SanJuan7Aguas05.jpg\" alt=\"\" class=\"wp-image-227440\" srcset=\"https:\/\/www.tucomarca.com\/wordpress\/segunda\/wp-content\/uploads\/2024\/06\/SanJuan7Aguas05.jpg 886w, https:\/\/www.tucomarca.com\/wordpress\/segunda\/wp-content\/uploads\/2024\/06\/SanJuan7Aguas05-300x225.jpg 300w, https:\/\/www.tucomarca.com\/wordpress\/segunda\/wp-content\/uploads\/2024\/06\/SanJuan7Aguas05-768x576.jpg 768w, https:\/\/www.tucomarca.com\/wordpress\/segunda\/wp-content\/uploads\/2024\/06\/SanJuan7Aguas05-678x509.jpg 678w, https:\/\/www.tucomarca.com\/wordpress\/segunda\/wp-content\/uploads\/2024\/06\/SanJuan7Aguas05-326x245.jpg 326w, https:\/\/www.tucomarca.com\/wordpress\/segunda\/wp-content\/uploads\/2024\/06\/SanJuan7Aguas05-80x60.jpg 80w\" sizes=\"auto, (max-width: 886px) 100vw, 886px\" \/><\/figure>\n\n\n\n<figure class=\"wp-block-image size-large\"><img loading=\"lazy\" decoding=\"async\" width=\"886\" height=\"690\" data-id=\"227444\" src=\"https:\/\/www.tucomarca.com\/wordpress\/segunda\/wp-content\/uploads\/2024\/06\/SanJuan7Aguas06.jpg\" alt=\"\" class=\"wp-image-227444\" srcset=\"https:\/\/www.tucomarca.com\/wordpress\/segunda\/wp-content\/uploads\/2024\/06\/SanJuan7Aguas06.jpg 886w, https:\/\/www.tucomarca.com\/wordpress\/segunda\/wp-content\/uploads\/2024\/06\/SanJuan7Aguas06-300x234.jpg 300w, https:\/\/www.tucomarca.com\/wordpress\/segunda\/wp-content\/uploads\/2024\/06\/SanJuan7Aguas06-768x598.jpg 768w\" sizes=\"auto, (max-width: 886px) 100vw, 886px\" \/><\/figure>\n\n\n\n<figure class=\"wp-block-image size-large\"><img loading=\"lazy\" decoding=\"async\" width=\"1024\" height=\"768\" data-id=\"227465\" src=\"https:\/\/www.tucomarca.com\/wordpress\/segunda\/wp-content\/uploads\/2024\/06\/SanJuan7Aguas08-1024x768.jpg\" alt=\"\" class=\"wp-image-227465\" srcset=\"https:\/\/www.tucomarca.com\/wordpress\/segunda\/wp-content\/uploads\/2024\/06\/SanJuan7Aguas08-1024x768.jpg 1024w, https:\/\/www.tucomarca.com\/wordpress\/segunda\/wp-content\/uploads\/2024\/06\/SanJuan7Aguas08-300x225.jpg 300w, https:\/\/www.tucomarca.com\/wordpress\/segunda\/wp-content\/uploads\/2024\/06\/SanJuan7Aguas08-768x576.jpg 768w, https:\/\/www.tucomarca.com\/wordpress\/segunda\/wp-content\/uploads\/2024\/06\/SanJuan7Aguas08-1536x1152.jpg 1536w, https:\/\/www.tucomarca.com\/wordpress\/segunda\/wp-content\/uploads\/2024\/06\/SanJuan7Aguas08-678x509.jpg 678w, https:\/\/www.tucomarca.com\/wordpress\/segunda\/wp-content\/uploads\/2024\/06\/SanJuan7Aguas08-326x245.jpg 326w, https:\/\/www.tucomarca.com\/wordpress\/segunda\/wp-content\/uploads\/2024\/06\/SanJuan7Aguas08-80x60.jpg 80w, https:\/\/www.tucomarca.com\/wordpress\/segunda\/wp-content\/uploads\/2024\/06\/SanJuan7Aguas08.jpg 1600w\" sizes=\"auto, (max-width: 1024px) 100vw, 1024px\" \/><\/figure>\n\n\n\n<figure class=\"wp-block-image size-large\"><img loading=\"lazy\" decoding=\"async\" width=\"1024\" height=\"657\" data-id=\"227467\" src=\"https:\/\/www.tucomarca.com\/wordpress\/segunda\/wp-content\/uploads\/2024\/06\/SanJuan7Aguas09-1024x657.jpg\" alt=\"\" class=\"wp-image-227467\" srcset=\"https:\/\/www.tucomarca.com\/wordpress\/segunda\/wp-content\/uploads\/2024\/06\/SanJuan7Aguas09-1024x657.jpg 1024w, https:\/\/www.tucomarca.com\/wordpress\/segunda\/wp-content\/uploads\/2024\/06\/SanJuan7Aguas09-300x192.jpg 300w, https:\/\/www.tucomarca.com\/wordpress\/segunda\/wp-content\/uploads\/2024\/06\/SanJuan7Aguas09-768x492.jpg 768w, https:\/\/www.tucomarca.com\/wordpress\/segunda\/wp-content\/uploads\/2024\/06\/SanJuan7Aguas09-1536x985.jpg 1536w, https:\/\/www.tucomarca.com\/wordpress\/segunda\/wp-content\/uploads\/2024\/06\/SanJuan7Aguas09.jpg 2048w\" sizes=\"auto, (max-width: 1024px) 100vw, 1024px\" \/><\/figure>\n<\/figure>\n","protected":false},"excerpt":{"rendered":"<div class=\"mh-excerpt\">Siete Aguas ha celebrado su tradicional Noche de San Juan, un evento fundamental dentro de sus Fiestas Patronales en honor a San Juan Bautista. La celebraci\u00f3n combin\u00f3 elementos de tradici\u00f3n, m\u00fasica, fuego y agua, creando <a class=\"mh-excerpt-more\" href=\"https:\/\/www.tucomarca.com\/wordpress\/segunda\/fotogaleria-siete-aguas-celebra-su-tradicional-noche-magica-de-san-juan\/\" title=\"Fotogaler\u00eda: Siete Aguas celebra su tradicional y m\u00e1gica Noche de San Juan\">[+] <\/a><\/div>\n","protected":false},"author":12,"featured_media":227442,"comment_status":"open","ping_status":"open","sticky":false,"template":"","format":"gallery","meta":{"footnotes":""},"categories":[66,8,10,5,7,383,3,12],"tags":[3665,5952,17440,10381],"class_list":{"0":"post-227420","1":"post","2":"type-post","3":"status-publish","4":"format-gallery","5":"has-post-thumbnail","7":"category-musica","8":"category-la-comarca","9":"category-la-hoya","10":"category-la-semana-en-imagenes","11":"category-ocio-y-cultura","12":"category-pueblos-en-fiestas","13":"category-seccion","14":"category-siete-aguas","15":"tag-fiestas-patronales","16":"tag-la-hoya-de-bunol-chiva","17":"tag-noche-de-san-juan","18":"tag-siete-aguas","19":"post_format-post-format-gallery"},"_links":{"self":[{"href":"https:\/\/www.tucomarca.com\/wordpress\/segunda\/wp-json\/wp\/v2\/posts\/227420","targetHints":{"allow":["GET"]}}],"collection":[{"href":"https:\/\/www.tucomarca.com\/wordpress\/segunda\/wp-json\/wp\/v2\/posts"}],"about":[{"href":"https:\/\/www.tucomarca.com\/wordpress\/segunda\/wp-json\/wp\/v2\/types\/post"}],"author":[{"embeddable":true,"href":"https:\/\/www.tucomarca.com\/wordpress\/segunda\/wp-json\/wp\/v2\/users\/12"}],"replies":[{"embeddable":true,"href":"https:\/\/www.tucomarca.com\/wordpress\/segunda\/wp-json\/wp\/v2\/comments?post=227420"}],"version-history":[{"count":0,"href":"https:\/\/www.tucomarca.com\/wordpress\/segunda\/wp-json\/wp\/v2\/posts\/227420\/revisions"}],"wp:featuredmedia":[{"embeddable":true,"href":"https:\/\/www.tucomarca.com\/wordpress\/segunda\/wp-json\/wp\/v2\/media\/227442"}],"wp:attachment":[{"href":"https:\/\/www.tucomarca.com\/wordpress\/segunda\/wp-json\/wp\/v2\/media?parent=227420"}],"wp:term":[{"taxonomy":"category","embeddable":true,"href":"https:\/\/www.tucomarca.com\/wordpress\/segunda\/wp-json\/wp\/v2\/categories?post=227420"},{"taxonomy":"post_tag","embeddable":true,"href":"https:\/\/www.tucomarca.com\/wordpress\/segunda\/wp-json\/wp\/v2\/tags?post=227420"}],"curies":[{"name":"wp","href":"https:\/\/api.w.org\/{rel}","templated":true}]}}