{"id":227429,"date":"2024-06-24T10:45:00","date_gmt":"2024-06-24T08:45:00","guid":{"rendered":"https:\/\/www.tucomarca.com\/wordpress\/segunda\/?p=227429"},"modified":"2024-06-24T18:24:27","modified_gmt":"2024-06-24T16:24:27","slug":"la-rapida-actuacion-del-consorcio-provincial-de-bomberos-permite-controlar-un-incendio-cerca-de-las-instalaciones-electricas-de-cortes-de-pallas","status":"publish","type":"post","link":"https:\/\/www.tucomarca.com\/wordpress\/segunda\/la-rapida-actuacion-del-consorcio-provincial-de-bomberos-permite-controlar-un-incendio-cerca-de-las-instalaciones-electricas-de-cortes-de-pallas\/","title":{"rendered":"La r\u00e1pida actuaci\u00f3n del Consorcio Provincial de Bomberos permite controlar un incendio cerca de las instalaciones el\u00e9ctricas de Cortes de Pall\u00e1s"},"content":{"rendered":"\n<p>El Consorcio Provincial de Bomberos ha intervenido de manera eficiente para controlar un incendio que se ha desatado este lunes por la ma\u00f1ana en Cortes de Pall\u00e1s, cerca de las instalaciones el\u00e9ctricas de Cortes-La Muela. La r\u00e1pida intervenci\u00f3n coordinada de dos Brigadas Forestales (BRIFO) y de los bomberos voluntarios de Cofrentes ha sido crucial para evitar que el fuego se propagara y causara mayores da\u00f1os.<\/p>\n\n\n\n<p>El incendio se ha declarado en una zona cercana a las instalaciones el\u00e9ctricas de Cortes-La Muela, lo que aument\u00f3 la urgencia de la situaci\u00f3n debido al riesgo que representa el fuego en proximidad a infraestructuras cr\u00edticas.<\/p>\n\n\n\n<p>Gracias a la intervenci\u00f3n r\u00e1pida y eficaz de las brigadas forestales y los bomberos voluntarios, el incendio fue controlado en poco tiempo, minimizando los da\u00f1os potenciales a las instalaciones el\u00e9ctricas y al entorno natural.<\/p>\n\n\n\n<figure class=\"wp-block-gallery has-nested-images columns-1 is-cropped wp-block-gallery-1 is-layout-flex wp-block-gallery-is-layout-flex\">\n<figure class=\"wp-block-image size-large\"><img loading=\"lazy\" decoding=\"async\" width=\"779\" height=\"1024\" data-id=\"227434\" src=\"https:\/\/www.tucomarca.com\/wordpress\/segunda\/wp-content\/uploads\/2024\/06\/CortesIncendio3-779x1024.jpeg\" alt=\"\" class=\"wp-image-227434\" srcset=\"https:\/\/www.tucomarca.com\/wordpress\/segunda\/wp-content\/uploads\/2024\/06\/CortesIncendio3-779x1024.jpeg 779w, https:\/\/www.tucomarca.com\/wordpress\/segunda\/wp-content\/uploads\/2024\/06\/CortesIncendio3-228x300.jpeg 228w, https:\/\/www.tucomarca.com\/wordpress\/segunda\/wp-content\/uploads\/2024\/06\/CortesIncendio3-768x1010.jpeg 768w, https:\/\/www.tucomarca.com\/wordpress\/segunda\/wp-content\/uploads\/2024\/06\/CortesIncendio3-1168x1536.jpeg 1168w, https:\/\/www.tucomarca.com\/wordpress\/segunda\/wp-content\/uploads\/2024\/06\/CortesIncendio3.jpeg 1557w\" sizes=\"auto, (max-width: 779px) 100vw, 779px\" \/><\/figure>\n\n\n\n<figure class=\"wp-block-image size-large\"><img loading=\"lazy\" decoding=\"async\" width=\"1024\" height=\"768\" data-id=\"227430\" src=\"https:\/\/www.tucomarca.com\/wordpress\/segunda\/wp-content\/uploads\/2024\/06\/CortesIncendio1-1024x768.jpeg\" alt=\"\" class=\"wp-image-227430\" srcset=\"https:\/\/www.tucomarca.com\/wordpress\/segunda\/wp-content\/uploads\/2024\/06\/CortesIncendio1-1024x768.jpeg 1024w, https:\/\/www.tucomarca.com\/wordpress\/segunda\/wp-content\/uploads\/2024\/06\/CortesIncendio1-300x225.jpeg 300w, https:\/\/www.tucomarca.com\/wordpress\/segunda\/wp-content\/uploads\/2024\/06\/CortesIncendio1-768x576.jpeg 768w, https:\/\/www.tucomarca.com\/wordpress\/segunda\/wp-content\/uploads\/2024\/06\/CortesIncendio1-1536x1152.jpeg 1536w, https:\/\/www.tucomarca.com\/wordpress\/segunda\/wp-content\/uploads\/2024\/06\/CortesIncendio1-678x509.jpeg 678w, https:\/\/www.tucomarca.com\/wordpress\/segunda\/wp-content\/uploads\/2024\/06\/CortesIncendio1-326x245.jpeg 326w, https:\/\/www.tucomarca.com\/wordpress\/segunda\/wp-content\/uploads\/2024\/06\/CortesIncendio1-80x60.jpeg 80w, https:\/\/www.tucomarca.com\/wordpress\/segunda\/wp-content\/uploads\/2024\/06\/CortesIncendio1.jpeg 2048w\" sizes=\"auto, (max-width: 1024px) 100vw, 1024px\" \/><\/figure>\n<\/figure>\n","protected":false},"excerpt":{"rendered":"<div class=\"mh-excerpt\">El Consorcio Provincial de Bomberos ha intervenido de manera eficiente para controlar un incendio que se ha desatado este lunes por la ma\u00f1ana en Cortes de Pall\u00e1s, cerca de las instalaciones el\u00e9ctricas de Cortes-La Muela. <a class=\"mh-excerpt-more\" href=\"https:\/\/www.tucomarca.com\/wordpress\/segunda\/la-rapida-actuacion-del-consorcio-provincial-de-bomberos-permite-controlar-un-incendio-cerca-de-las-instalaciones-electricas-de-cortes-de-pallas\/\" title=\"La r\u00e1pida actuaci\u00f3n del Consorcio Provincial de Bomberos permite controlar un incendio cerca de las instalaciones el\u00e9ctricas de Cortes de Pall\u00e1s\">[+] <\/a><\/div>\n","protected":false},"author":1,"featured_media":227432,"comment_status":"open","ping_status":"open","sticky":false,"template":"","format":"gallery","meta":{"footnotes":""},"categories":[38,40,128,8,72,117,3,116,45],"tags":[10540,12830,10392,212],"class_list":{"0":"post-227429","1":"post","2":"type-post","3":"status-publish","4":"format-gallery","5":"has-post-thumbnail","7":"category-ayora-cofrentes","8":"category-cortes-de-pallas","9":"category-infraestructuras","10":"category-la-comarca","11":"category-sin-categorizar","12":"category-medio-ambiente-la-comarca","13":"category-seccion","14":"category-sucesos-la-comarca","15":"category-ventana","16":"tag-ayora-cofrentes","17":"tag-consorcio-provincial-de-bomberos-de-valencia","18":"tag-cortes-de-pallas","19":"tag-incendio","20":"post_format-post-format-gallery"},"_links":{"self":[{"href":"https:\/\/www.tucomarca.com\/wordpress\/segunda\/wp-json\/wp\/v2\/posts\/227429","targetHints":{"allow":["GET"]}}],"collection":[{"href":"https:\/\/www.tucomarca.com\/wordpress\/segunda\/wp-json\/wp\/v2\/posts"}],"about":[{"href":"https:\/\/www.tucomarca.com\/wordpress\/segunda\/wp-json\/wp\/v2\/types\/post"}],"author":[{"embeddable":true,"href":"https:\/\/www.tucomarca.com\/wordpress\/segunda\/wp-json\/wp\/v2\/users\/1"}],"replies":[{"embeddable":true,"href":"https:\/\/www.tucomarca.com\/wordpress\/segunda\/wp-json\/wp\/v2\/comments?post=227429"}],"version-history":[{"count":0,"href":"https:\/\/www.tucomarca.com\/wordpress\/segunda\/wp-json\/wp\/v2\/posts\/227429\/revisions"}],"wp:featuredmedia":[{"embeddable":true,"href":"https:\/\/www.tucomarca.com\/wordpress\/segunda\/wp-json\/wp\/v2\/media\/227432"}],"wp:attachment":[{"href":"https:\/\/www.tucomarca.com\/wordpress\/segunda\/wp-json\/wp\/v2\/media?parent=227429"}],"wp:term":[{"taxonomy":"category","embeddable":true,"href":"https:\/\/www.tucomarca.com\/wordpress\/segunda\/wp-json\/wp\/v2\/categories?post=227429"},{"taxonomy":"post_tag","embeddable":true,"href":"https:\/\/www.tucomarca.com\/wordpress\/segunda\/wp-json\/wp\/v2\/tags?post=227429"}],"curies":[{"name":"wp","href":"https:\/\/api.w.org\/{rel}","templated":true}]}}