{"id":227472,"date":"2024-06-25T12:00:00","date_gmt":"2024-06-25T10:00:00","guid":{"rendered":"https:\/\/www.tucomarca.com\/wordpress\/segunda\/?p=227472"},"modified":"2024-06-25T12:01:53","modified_gmt":"2024-06-25T10:01:53","slug":"la-policia-local-de-cheste-detiene-a-dos-varones-que-huian-por-los-tejados-tras-robar-en-varias-viviendas","status":"publish","type":"post","link":"https:\/\/www.tucomarca.com\/wordpress\/segunda\/la-policia-local-de-cheste-detiene-a-dos-varones-que-huian-por-los-tejados-tras-robar-en-varias-viviendas\/","title":{"rendered":"La Polic\u00eda Local de Cheste detiene a dos varones que hu\u00edan por los tejados tras robar en varias viviendas"},"content":{"rendered":"\n<p>La Polic\u00eda Local de Cheste ha detenido a dos varones implicados en una serie de robos en viviendas tras una intensa persecuci\u00f3n de m\u00e1s de dos horas en el casco urbano de la poblaci\u00f3n. Los sospechosos, que intentaban escapar de las autoridades saltando de vivienda en vivienda, fueron finalmente aprehendidos y puestos a disposici\u00f3n judicial.<\/p>\n\n\n\n<p>El operativo policial se inici\u00f3 despu\u00e9s de que se recibieran varias llamadas de vecinos alertando sobre la presencia de dos individuos trepando para introducirse en el interior de una vivienda. La r\u00e1pida respuesta de los agentes, junto con la coordinaci\u00f3n de las unidades y la colaboraci\u00f3n de los vecinos, fue clave para acorralar y detener a los sospechosos.<\/p>\n\n\n\n<p>Los dos varones detenidos tienen un historial amplio de robos con fuerza. Gracias a la eficiente actuaci\u00f3n policial, se logr\u00f3 frenar su actividad delictiva y ponerlos bajo custodia.<\/p>\n\n\n\n<p>Ambos detenidos han sido presentados ante la autoridad judicial competente y se enfrentan a cargos relacionados con el robo con fuerza en el interior de viviendas.<\/p>\n","protected":false},"excerpt":{"rendered":"<div class=\"mh-excerpt\">La Polic\u00eda Local de Cheste ha detenido a dos varones implicados en una serie de robos en viviendas tras una intensa persecuci\u00f3n de m\u00e1s de dos horas en el casco urbano de la poblaci\u00f3n. Los <a class=\"mh-excerpt-more\" href=\"https:\/\/www.tucomarca.com\/wordpress\/segunda\/la-policia-local-de-cheste-detiene-a-dos-varones-que-huian-por-los-tejados-tras-robar-en-varias-viviendas\/\" title=\"La Polic\u00eda Local de Cheste detiene a dos varones que hu\u00edan por los tejados tras robar en varias viviendas\">[+] <\/a><\/div>\n","protected":false},"author":12,"featured_media":227475,"comment_status":"open","ping_status":"open","sticky":false,"template":"","format":"standard","meta":{"footnotes":""},"categories":[17,8,10,3,116,45],"tags":[339,5952,14133],"class_list":{"0":"post-227472","1":"post","2":"type-post","3":"status-publish","4":"format-standard","5":"has-post-thumbnail","7":"category-cheste","8":"category-la-comarca","9":"category-la-hoya","10":"category-seccion","11":"category-sucesos-la-comarca","12":"category-ventana","13":"tag-cheste-2","14":"tag-la-hoya-de-bunol-chiva","15":"tag-policia-local-de-cheste"},"_links":{"self":[{"href":"https:\/\/www.tucomarca.com\/wordpress\/segunda\/wp-json\/wp\/v2\/posts\/227472","targetHints":{"allow":["GET"]}}],"collection":[{"href":"https:\/\/www.tucomarca.com\/wordpress\/segunda\/wp-json\/wp\/v2\/posts"}],"about":[{"href":"https:\/\/www.tucomarca.com\/wordpress\/segunda\/wp-json\/wp\/v2\/types\/post"}],"author":[{"embeddable":true,"href":"https:\/\/www.tucomarca.com\/wordpress\/segunda\/wp-json\/wp\/v2\/users\/12"}],"replies":[{"embeddable":true,"href":"https:\/\/www.tucomarca.com\/wordpress\/segunda\/wp-json\/wp\/v2\/comments?post=227472"}],"version-history":[{"count":0,"href":"https:\/\/www.tucomarca.com\/wordpress\/segunda\/wp-json\/wp\/v2\/posts\/227472\/revisions"}],"wp:featuredmedia":[{"embeddable":true,"href":"https:\/\/www.tucomarca.com\/wordpress\/segunda\/wp-json\/wp\/v2\/media\/227475"}],"wp:attachment":[{"href":"https:\/\/www.tucomarca.com\/wordpress\/segunda\/wp-json\/wp\/v2\/media?parent=227472"}],"wp:term":[{"taxonomy":"category","embeddable":true,"href":"https:\/\/www.tucomarca.com\/wordpress\/segunda\/wp-json\/wp\/v2\/categories?post=227472"},{"taxonomy":"post_tag","embeddable":true,"href":"https:\/\/www.tucomarca.com\/wordpress\/segunda\/wp-json\/wp\/v2\/tags?post=227472"}],"curies":[{"name":"wp","href":"https:\/\/api.w.org\/{rel}","templated":true}]}}