{"id":227533,"date":"2024-06-25T11:50:00","date_gmt":"2024-06-25T09:50:00","guid":{"rendered":"https:\/\/www.tucomarca.com\/wordpress\/segunda\/?p=227533"},"modified":"2024-06-25T18:20:17","modified_gmt":"2024-06-25T16:20:17","slug":"la-mancomunidad-de-la-hoya-acoge-la-jornada-emprende-rural-de-la-diputacio-de-valencia","status":"publish","type":"post","link":"https:\/\/www.tucomarca.com\/wordpress\/segunda\/la-mancomunidad-de-la-hoya-acoge-la-jornada-emprende-rural-de-la-diputacio-de-valencia\/","title":{"rendered":"La Mancomunidad de La Hoya acoge la jornada Emprende Rural de la Diputaci\u00f3 de Val\u00e8ncia"},"content":{"rendered":"\n<p>Este martes, d\u00eda 25 de junio, ha tenido lugar en las instalaciones de la Mancomunidad de La Hoya de Bu\u00f1ol-Chiva el proyecto Emprende Rural, una jornada que ha dado a conocer proyectos emprendedores y empresas que desarrollan su actividad en el \u00e1mbito rural.\u00a0<\/p>\n\n\n\n<p>Esta jornada ha sido organizada por CEEI Valencia y la Diputaci\u00f3 de Val\u00e8ncia, y ha contado con la colaboraci\u00f3n de la Mancomunidad de La Hoya de Bu\u00f1ol-Chiva<\/p>\n\n\n\n<p>El Programa Emprende Aventura Rural\u00a0es una iniciativa del CEEI Valencia, financiada por el \u00c1rea de Desarrollo Rural y Pol\u00edticas contra la Despoblaci\u00f3n de la Diputaci\u00f3 de Val\u00e8ncia. El programa va dirigido a personas emprendedoras portadoras de una idea de negocio que quieran ponerla en marcha y empresa de reciente creaci\u00f3n, de los municipios rurales y de menos de 10.000 habitantes, ambos de la provincia de Valencia.\u00a0<\/p>\n","protected":false},"excerpt":{"rendered":"<div class=\"mh-excerpt\">Este martes, d\u00eda 25 de junio, ha tenido lugar en las instalaciones de la Mancomunidad de La Hoya de Bu\u00f1ol-Chiva el proyecto Emprende Rural, una jornada que ha dado a conocer proyectos emprendedores y empresas <a class=\"mh-excerpt-more\" href=\"https:\/\/www.tucomarca.com\/wordpress\/segunda\/la-mancomunidad-de-la-hoya-acoge-la-jornada-emprende-rural-de-la-diputacio-de-valencia\/\" title=\"La Mancomunidad de La Hoya acoge la jornada Emprende Rural de la Diputaci\u00f3 de Val\u00e8ncia\">[+] <\/a><\/div>\n","protected":false},"author":1,"featured_media":227535,"comment_status":"open","ping_status":"open","sticky":false,"template":"","format":"standard","meta":{"footnotes":""},"categories":[128,8,10,142,3,11],"tags":[5952,11513,10380],"class_list":{"0":"post-227533","1":"post","2":"type-post","3":"status-publish","4":"format-standard","5":"has-post-thumbnail","7":"category-infraestructuras","8":"category-la-comarca","9":"category-la-hoya","10":"category-politica-la-comarca","11":"category-seccion","12":"category-yatova","13":"tag-la-hoya-de-bunol-chiva","14":"tag-mancomunidad-de-la-hoya-de-bunol-chiva","15":"tag-yatova"},"_links":{"self":[{"href":"https:\/\/www.tucomarca.com\/wordpress\/segunda\/wp-json\/wp\/v2\/posts\/227533","targetHints":{"allow":["GET"]}}],"collection":[{"href":"https:\/\/www.tucomarca.com\/wordpress\/segunda\/wp-json\/wp\/v2\/posts"}],"about":[{"href":"https:\/\/www.tucomarca.com\/wordpress\/segunda\/wp-json\/wp\/v2\/types\/post"}],"author":[{"embeddable":true,"href":"https:\/\/www.tucomarca.com\/wordpress\/segunda\/wp-json\/wp\/v2\/users\/1"}],"replies":[{"embeddable":true,"href":"https:\/\/www.tucomarca.com\/wordpress\/segunda\/wp-json\/wp\/v2\/comments?post=227533"}],"version-history":[{"count":0,"href":"https:\/\/www.tucomarca.com\/wordpress\/segunda\/wp-json\/wp\/v2\/posts\/227533\/revisions"}],"wp:featuredmedia":[{"embeddable":true,"href":"https:\/\/www.tucomarca.com\/wordpress\/segunda\/wp-json\/wp\/v2\/media\/227535"}],"wp:attachment":[{"href":"https:\/\/www.tucomarca.com\/wordpress\/segunda\/wp-json\/wp\/v2\/media?parent=227533"}],"wp:term":[{"taxonomy":"category","embeddable":true,"href":"https:\/\/www.tucomarca.com\/wordpress\/segunda\/wp-json\/wp\/v2\/categories?post=227533"},{"taxonomy":"post_tag","embeddable":true,"href":"https:\/\/www.tucomarca.com\/wordpress\/segunda\/wp-json\/wp\/v2\/tags?post=227533"}],"curies":[{"name":"wp","href":"https:\/\/api.w.org\/{rel}","templated":true}]}}